{"id":353322,"date":"2013-08-16T03:00:29","date_gmt":"2013-08-16T01:00:29","guid":{"rendered":"https:\/\/www.focolare.org\/le-goyavier\/"},"modified":"2024-06-06T12:46:05","modified_gmt":"2024-06-06T10:46:05","slug":"le-goyavier","status":"publish","type":"post","link":"https:\/\/www.focolare.org\/fr\/le-goyavier\/","title":{"rendered":"Le goyavier"},"content":{"rendered":"<p><img alt=\"\" alt=\"\" loading=\"lazy\" decoding=\"async\" class=\"alignleft size-full wp-image-89932\" style=\"margin-right: 10px\" src=\"https:\/\/www.focolare.org\/wp-content\/uploads\/2013\/08\/20130813-a.gif\" alt=\"\" width=\"210\" height=\"128\" \/>  <strong>Le goyavier<\/strong>  Devant ma maison, grandit un goyavier depuis de nombreuses ann\u00e9es. Cependant, je n\u2019avais jamais pu go\u00fbter un fruit m\u00fbr, parce que, d\u00e8s que les goyaves poussaient, quelqu\u2019un les touchait et elles tombaient par terre sans r\u00e9ussir \u00e0 murir. Cela me d\u00e9rangeait vraiment!  Une autre situation qui m&rsquo;aga\u00e7ait beaucoup: depuis quelques ann\u00e9es, je m\u2019engage \u00e0 donner \u00e0 manger aux enfants des rues qui sonnent \u00e0 ma porte. Je leur offre les repas dans des assiettes en carton, qu\u2019ils laissaient r\u00e9guli\u00e8rement avec les restes jet\u00e9s sur le trottoir, sur ma voiture ou dans les environs.  Un jour, apr\u00e8s leur avoir offert le d\u00eener, je me suis souvenu des paroles de l\u2019\u00c9vangile: \u00ab\u00a0la loi toute enti\u00e8re trouve son accomplissement en cette unique parole: Tu aimeras ton prochain comme toi-m\u00eame (Ga 5 14)\u00a0\u00bb. J\u2019ai alors pens\u00e9: \u00ab\u00a0Comment est-ce possible d\u2019avoir pass\u00e9 tant d\u2019ann\u00e9es \u00e0 donner \u00e0 manger \u00e0 ces jeunes et de ne pas conna\u00eetre leurs noms?\u00a0\u00bb. Alors je suis all\u00e9 les chercher et j\u2019ai commenc\u00e9 un dialogue avec eux: j&rsquo;ai demand\u00e9 leurs noms, d\u00e9montr\u00e9 de l\u2019int\u00e9r\u00eat pour leurs pr\u00e9occupations. Ils m\u2019ont ainsi confi\u00e9 les graves probl\u00e8mes que leur famille doit affronter chaque jour. Je me suis senti mieux apr\u00e8s les avoir \u00e9cout\u00e9s et je crois qu\u2019eux aussi ont per\u00e7u mon int\u00e9r\u00eat sinc\u00e8re. D\u00e9sormais, les jeunes ne jettent plus les d\u00e9chets par terre apr\u00e8s avoir mang\u00e9, mais ils les mettent dans la benne \u00e0 ordures.  Et en revenant \u00e0 mon bien-aim\u00e9 goyavier, personne ne le brutalise plus et, maintenant, il y a tellement de fruits m\u00fbrs, que j\u2019arrive m\u00eame \u00e0 les distribuer \u00e0 mes voisins et mes amis. Le miracle de l\u2019amour r\u00e9ciproque nous touche tous et c\u2019est une b\u00e9n\u00e9diction pour chaque \u00eatre vivant! (S. D. \u2013 Honduras)  <strong>Il \u00e9tait clandestin <\/strong>*  <img alt=\"\" alt=\"\" loading=\"lazy\" decoding=\"async\" class=\"alignright  wp-image-90031\" style=\"margin-left: 10px\" src=\"https:\/\/www.focolare.org\/wp-content\/uploads\/2013\/08\/20130816-01.jpg\" alt=\"\" width=\"211\" height=\"128\" \/>J\u2019avais embauch\u00e9 Dominic, du Maroc, clandestin en Italie depuis quatre ans. Gr\u00e2ce \u00e0 ce travail, il allait pouvoir recevoir le permis de s\u00e9jour et se mettre en r\u00e8gle. En attente un logement d\u00e9finitif, il a \u00e9t\u00e9 d\u00e9cid\u00e9, en accord avec les enfants, qu\u2019il vienne temporairement habiter avec nous. Sa pr\u00e9sence \u00e0 la maison nous a ouvert de nouveaux horizons. Il nous parle de son peuple, de ses traditions, de sa maison, des vastes plaines, de ses chevaux&#8230; Il parle aussi d&rsquo;Allah et de ce qui est bon et juste rapproche tous les hommes. Il est vrai que la connaissance profonde et l\u2019accueil sinc\u00e8re font s\u2019\u00e9crouler les murs s\u00e9culaires de peur et de suspicion. (C.A. \u2013 Italie)  <img alt=\"\" alt=\"\" loading=\"lazy\" decoding=\"async\" class=\"size-full wp-image-90033 alignleft\" style=\"margin-right: 10px\" src=\"https:\/\/www.focolare.org\/wp-content\/uploads\/2013\/08\/20130816-02.jpg\" alt=\"\" width=\"210\" height=\"128\" \/><strong>L\u2019anniversaire <\/strong>*  Pour la f\u00eate d\u2019anniversaire de notre fille, nous avions invit\u00e9 quelques-unes de ses amies. Vu la situation \u00e9conomique, ne pouvant pas lui faire de cadeaux, nous avions rempli un panier de bonbons et de jouets. J\u2019avais pr\u00e9par\u00e9 deux g\u00e2teaux et ses fr\u00e8res, des ballons color\u00e9s et des guirlandes. La f\u00eate termin\u00e9e, il restait un des g\u00e2teaux, le plus beau. Avant de dormir, Mabel\u00e9n \u00e9tait un peu triste: le jour pr\u00e9c\u00e9dent, c\u2019\u00e9tait l\u2019anniversaire d\u2019une fillette du m\u00eame \u00e2ge qu\u2019elle, qui n\u2019avait pas eu de f\u00eate. Lorsque j\u2019ai propos\u00e9 de lui envoyer le g\u00e2teau restant, elle s\u2019est illumin\u00e9e: \u00ab\u00a0Pas seulement le g\u00e2teau, aussi les ballons et les guirlandes!\u00a0\u00bb Elle \u00e9tait tr\u00e8s contente, parce que Consuelo pourrait elle aussi f\u00eater son anniversaire. (D.Y. \u2013 Argentine)  <strong>(*)<\/strong> <em>Il Vangelo del giorno (L\u2019\u00c9vangile du jour), Citt\u00e0 Nuova, ao\u00fbt 2013.<\/em><\/p>\n","protected":false},"excerpt":{"rendered":"<p>Encore trois brefs t\u00e9moignages sur la phrase de l\u2019\u00c9vangile qui nous est propos\u00e9e de mettre en pratique au mois d\u2019ao\u00fbt. Aimer, \u00eatre attentifs, m\u00eame envers ceux qui ne font pas partie de notre entourage.<\/p>\n","protected":false},"author":34,"featured_media":0,"comment_status":"open","ping_status":"open","sticky":false,"template":"","format":"standard","meta":{"give_campaign_id":0,"_seopress_robots_primary_cat":"","_seopress_titles_title":"","_seopress_titles_desc":"","_seopress_robots_index":"","_et_pb_use_builder":"","_et_pb_old_content":"","_et_gb_content_width":"","footnotes":""},"categories":[907],"tags":[],"class_list":["post-353322","post","type-post","status-publish","format-standard","hentry","category-senza-categoria-2-3"],"_links":{"self":[{"href":"https:\/\/www.focolare.org\/fr\/wp-json\/wp\/v2\/posts\/353322","targetHints":{"allow":["GET"]}}],"collection":[{"href":"https:\/\/www.focolare.org\/fr\/wp-json\/wp\/v2\/posts"}],"about":[{"href":"https:\/\/www.focolare.org\/fr\/wp-json\/wp\/v2\/types\/post"}],"author":[{"embeddable":true,"href":"https:\/\/www.focolare.org\/fr\/wp-json\/wp\/v2\/users\/34"}],"replies":[{"embeddable":true,"href":"https:\/\/www.focolare.org\/fr\/wp-json\/wp\/v2\/comments?post=353322"}],"version-history":[{"count":0,"href":"https:\/\/www.focolare.org\/fr\/wp-json\/wp\/v2\/posts\/353322\/revisions"}],"wp:attachment":[{"href":"https:\/\/www.focolare.org\/fr\/wp-json\/wp\/v2\/media?parent=353322"}],"wp:term":[{"taxonomy":"category","embeddable":true,"href":"https:\/\/www.focolare.org\/fr\/wp-json\/wp\/v2\/categories?post=353322"},{"taxonomy":"post_tag","embeddable":true,"href":"https:\/\/www.focolare.org\/fr\/wp-json\/wp\/v2\/tags?post=353322"}],"curies":[{"name":"wp","href":"https:\/\/api.w.org\/{rel}","templated":true}]}}