{"id":353420,"date":"2013-09-12T03:00:01","date_gmt":"2013-09-12T01:00:01","guid":{"rendered":"https:\/\/www.focolare.org\/panama-une-aventure-sans-pareille\/"},"modified":"2024-06-06T12:46:25","modified_gmt":"2024-06-06T10:46:25","slug":"panama-une-aventure-sans-pareille","status":"publish","type":"post","link":"https:\/\/www.focolare.org\/fr\/panama-une-aventure-sans-pareille\/","title":{"rendered":"Panama: une aventure sans pareille"},"content":{"rendered":"<p><img alt=\"\" alt=\"\" loading=\"lazy\" decoding=\"async\" class=\"alignleft size-full wp-image-91892\" style=\"margin-right: 10px\" src=\"https:\/\/www.focolare.org\/wp-content\/uploads\/2013\/09\/20130912-01.jpg\" alt=\"\" width=\"314\" height=\"207\" \/><\/p>\n<p>Baign\u00e9e par deux oc\u00e9ans, le Pacifique et l\u2019Atlantique, la R\u00e9publique du Panama est situ\u00e9e \u00e0 l\u2019extr\u00eame sud-est de l&rsquo;Am\u00e9rique centrale et est connue gr\u00e2ce \u00e0 son canal interoc\u00e9anique. Ce petit pays de 75 517 km2, avec une population de pr\u00e8s de 3,5 millions d&rsquo;habitants, est une terre d&rsquo;accueil avec une riche culture multiethnique et de profondes racines chr\u00e9tiennes (cette ann\u00e9e est le 500e anniversaire de la cr\u00e9ation du premier dioc\u00e8se du continent am\u00e9ricain:\u00a0 Santa Maria La Antigua en 1513). Le Panama est le lieu de rencontre et le pont reliant \u00ab\u00a0Les Am\u00e9riques\u00a0\u00bb.<\/p>\n<p>C&rsquo;est le 31 Juillet dernier, avec l&rsquo;arriv\u00e9e de trois focolarini, qu&rsquo;a commenc\u00e9 le \u00ab\u00a0focolare temporaire\u00a0\u00bb, qui, comme son nom l&rsquo;indique, est un focolare qui se constitue pour une p\u00e9riode d\u00e9termin\u00e9e, l\u00e0 o\u00f9 il y a une communaut\u00e9 du mouvement, en profitant de la disponibilit\u00e9 de quelques focolarini. Cette exp\u00e9rience se renouvelle au Panama pour la septi\u00e8me ann\u00e9e cons\u00e9cutive et cette fois, le focolare temporaire \u00e9tait form\u00e9 par trois focolarini arriv\u00e9s d&rsquo;Allemagne, du Paraguay et du Venezuela.<\/p>\n<p>Ce fut une belle et intense p\u00e9riode, dans laquelle de nombreux rapports se sont tiss\u00e9s et s\u2019est approfondie la spiritualit\u00e9 de l&rsquo;unit\u00e9 selon le style de vie \u00e9vang\u00e9lique des Focolari: des r\u00e9unions avec des enfants, des adolescents, des jeunes et des familles, des visites aux communaut\u00e9s dans les banlieues de la ville, comme ce fut le cas de Pacora Chorrera \u00e0 60 km de la capitale. En outre, la pr\u00e9sence d&rsquo;Emmanuel, un pr\u00eatre focolarino, a permis la c\u00e9l\u00e9bration de l&rsquo;eucharistie et la b\u00e9n\u00e9diction de plusieurs maisons dans des communaut\u00e9s o\u00f9 le pr\u00eatre r\u00e9ussit \u00e0 venir seulement une fois par mois.<\/p>\n<p><img alt=\"\" alt=\"\" loading=\"lazy\" decoding=\"async\" class=\"alignright size-full wp-image-91896\" src=\"https:\/\/www.focolare.org\/wp-content\/uploads\/2013\/09\/20130912-03.jpg\" alt=\"\" width=\"213\" height=\"159\" \/><\/p>\n<p>Des journ\u00e9es simples et joyeuses, o\u00f9 beaucoup ont \u00e9t\u00e9 en mesure d&rsquo;approfondir l&rsquo;id\u00e9al de l&rsquo;unit\u00e9, comme disait le p\u00e8re Cela: \u00a0\u00bbparmi les meilleurs moments de ma vie, il y a ces conversations avec les personnes du focolare\u00a0\u00bb; ou bien le p\u00e8re M., cur\u00e9 de paroisse, qui effectue sa mission pastorale \u00e0 Arco Seco dans la p\u00e9ninsule d&rsquo;Azuero \u00e0 250 km de la capitale, qui a remerci\u00e9 parce qu\u2019on est all\u00e9 jusque l\u00e0 seulement pour le saluer. De ce simple salut est n\u00e9e la possibilit\u00e9 d&rsquo;organiser par la suite une autre r\u00e9union avec plus de personnes.<\/p>\n<p>Importante a \u00e9t\u00e9 aussi la pr\u00e9sence de familles enti\u00e8res dans les diff\u00e9rentes activit\u00e9s qui ont \u00e9t\u00e9 organis\u00e9es durant ce mois, y compris celles qui traversent des moments difficiles et qui, durant ces jours, ont trouv\u00e9 un r\u00e9confort les encourageant \u00e0 aller de l\u2019avant. Enfin, il convient de souligner \u00e9galement la pr\u00e9sence g\u00e9n\u00e9reuse de quelques membres de la communaut\u00e9 des Focolari du Costa Rica.<\/p>\n<p><img alt=\"\" alt=\"\" loading=\"lazy\" decoding=\"async\" class=\"size-full wp-image-91893 alignleft\" style=\"margin-right: 10px\" src=\"https:\/\/www.focolare.org\/wp-content\/uploads\/2013\/09\/20130912-02.jpg\" alt=\"\" width=\"213\" height=\"159\" \/><\/p>\n<p>En remerciement pour Nuccio Santoro, Michael Wegmann et Emanuele Colombo, la communaut\u00e9 panam\u00e9enne a organis\u00e9 une merveilleuse grillade, spontan\u00e9e et familiale r\u00e9unissant 80 personnes, dont beaucoup sont venues, \u00e0 cette occasion, pour la premi\u00e8re fois en contact avec le focolare. Ce fut une nuit anim\u00e9e par le rythme typique des tambours et des chants du folklore local.<\/p>\n<p>Maintenant que les focolarini sont repartis, dans l&rsquo;\u00e2me de chacun reste une saveur de vie de famille, de gratitude et un nouvel \u00e9lan pour \u00eatre des b\u00e2tisseurs \u00ab\u00a0en premi\u00e8re ligne\u00a0\u00bb d&rsquo;une soci\u00e9t\u00e9 plus proche de l&rsquo;homme, fraternelle et unie, pour arriver jusqu\u2019aux \u00ab\u00a0p\u00e9riph\u00e9ries existentielles\u00a0\u00bb de l&rsquo;humanit\u00e9.<\/p>\n<p><em>De Panama, Javier Lombardo T.<\/em><\/p>\n","protected":false},"excerpt":{"rendered":"<p>Septi\u00e8me \u00e9dition du \u00a0\u00bbfocolare temporaire\u00a0\u00bb dans ce pays d&rsquo;Am\u00e9rique centrale. Immerg\u00e9s dans la spiritualit\u00e9 de l&rsquo;unit\u00e9, un mois riche en rencontres et relations  profondes,.<\/p>\n","protected":false},"author":27,"featured_media":0,"comment_status":"open","ping_status":"open","sticky":false,"template":"","format":"standard","meta":{"give_campaign_id":0,"_seopress_robots_primary_cat":"","_seopress_titles_title":"","_seopress_titles_desc":"","_seopress_robots_index":"","_et_pb_use_builder":"","_et_pb_old_content":"","_et_gb_content_width":"","footnotes":""},"categories":[907],"tags":[],"class_list":["post-353420","post","type-post","status-publish","format-standard","hentry","category-senza-categoria-2-3"],"_links":{"self":[{"href":"https:\/\/www.focolare.org\/fr\/wp-json\/wp\/v2\/posts\/353420","targetHints":{"allow":["GET"]}}],"collection":[{"href":"https:\/\/www.focolare.org\/fr\/wp-json\/wp\/v2\/posts"}],"about":[{"href":"https:\/\/www.focolare.org\/fr\/wp-json\/wp\/v2\/types\/post"}],"author":[{"embeddable":true,"href":"https:\/\/www.focolare.org\/fr\/wp-json\/wp\/v2\/users\/27"}],"replies":[{"embeddable":true,"href":"https:\/\/www.focolare.org\/fr\/wp-json\/wp\/v2\/comments?post=353420"}],"version-history":[{"count":0,"href":"https:\/\/www.focolare.org\/fr\/wp-json\/wp\/v2\/posts\/353420\/revisions"}],"wp:attachment":[{"href":"https:\/\/www.focolare.org\/fr\/wp-json\/wp\/v2\/media?parent=353420"}],"wp:term":[{"taxonomy":"category","embeddable":true,"href":"https:\/\/www.focolare.org\/fr\/wp-json\/wp\/v2\/categories?post=353420"},{"taxonomy":"post_tag","embeddable":true,"href":"https:\/\/www.focolare.org\/fr\/wp-json\/wp\/v2\/tags?post=353420"}],"curies":[{"name":"wp","href":"https:\/\/api.w.org\/{rel}","templated":true}]}}