{"id":353430,"date":"2013-09-13T12:40:41","date_gmt":"2013-09-13T10:40:41","guid":{"rendered":"https:\/\/www.focolare.org\/le-pape-francois-recoit-en-audience-maria-voce-et-giancarlo-faletti\/"},"modified":"2024-06-06T12:46:28","modified_gmt":"2024-06-06T10:46:28","slug":"le-pape-francois-recoit-en-audience-maria-voce-et-giancarlo-faletti","status":"publish","type":"post","link":"https:\/\/www.focolare.org\/fr\/le-pape-francois-recoit-en-audience-maria-voce-et-giancarlo-faletti\/","title":{"rendered":"Le pape Fran\u00e7ois re\u00e7oit en audience Maria Voce et Giancarlo Faletti."},"content":{"rendered":"<div id=\"attachment_92029\" style=\"width: 317px\" class=\"wp-caption alignleft\"><a href=\"https:\/\/www.focolare.org\/wp-content\/uploads\/2013\/09\/20130913VocePapaFrancesco-02.jpg\"><img alt=\"\" alt=\"\" loading=\"lazy\" decoding=\"async\" aria-describedby=\"caption-attachment-92029\" class=\"wp-image-92029   \" style=\"margin: 10px 0px;border: 0px none\" src=\"https:\/\/www.focolare.org\/wp-content\/uploads\/2013\/09\/20130913VocePapaFrancesco-02.jpg\" alt=\"\" width=\"307\" height=\"205\" \/><\/a><p id=\"caption-attachment-92029\" class=\"wp-caption-text\">\u00a9Osservatore Romano &#8211; Maria Voce et Giancarlo Faletti pendant l&rsquo;audience avec le pape Fran\u00e7ois<\/p><\/div>\n<p>\u00ab\u00a0Une entrevue amicale\u00a0\u00bb \u2013 d\u00e9clare Maria Voce en conclusion de l\u2019audience. \u00ab\u00a0Cela nous a montr\u00e9 combien le pape tient \u00e0 un christianisme engag\u00e9 et de communion\u00a0\u00bb.<\/p>\n<p>\u00ab\u00a0Le pape Fran\u00e7ois a particuli\u00e8rement \u00e0 c\u0153ur la vie de l\u2019\u00c9vangile \u2013 poursuit la pr\u00e9sidente. Il nous a dit d\u2019aller de l\u2019avant avec courage et avec joie, parce qu\u2019un christianisme sans joie n\u2019obtient rien. Donc un christianisme engag\u00e9, de communion et joyeux.\u00a0\u00bb<\/p>\n<p>La rencontre a permis de parler de la pr\u00e9sence et des initiatives du Mouvement des Focolari dans les diff\u00e9rentes zones du monde, mettant en \u00e9vidence l\u2019apport sp\u00e9cifique qui \u00e9merge sous les diff\u00e9rentes latitudes. \u00ab\u00a0Le pape Fran\u00e7ois nous a remerci\u00e9s pour le travail que le Mouvement fait dans le monde entier\u00a0\u00bb, continue Maria Voce.<\/p>\n<p>Ils ont pu retracer l\u2019engagement des Focolari sous diff\u00e9rents aspects: de l\u2019action diffuse, mat\u00e9rielle et spirituelle, en faveur des familles et des jeunes dans de nombreuses localit\u00e9s de la Syrie, aux initiatives culturelles promues en Chine; du dialogue interreligieux avec des repr\u00e9sentants bouddhistes, musulmans et juifs, \u00e0 l\u2019engagement dans le projet \u00ab\u00a0Amazonie\u00a0\u00bb lanc\u00e9 par la Conf\u00e9rence \u00e9piscopale du Br\u00e9sil pour l\u2019\u00e9vang\u00e9lisation de cette immense zone; des t\u00e9moignages de pardon et de r\u00e9conciliation dans diff\u00e9rents pays d\u2019Afrique bless\u00e9s par la guerre, \u00e0 la revitalisation de rapports de fraternit\u00e9 et de r\u00e9ciprocit\u00e9 dans les quartiers anonymes de diff\u00e9rentes m\u00e9tropoles d\u2019Occident, en passant par l\u2019entreprise d\u2019initiatives dans la sph\u00e8re sociale, comme l\u2019\u00c9conomie de Communion.<\/p>\n<div id=\"attachment_92010\" style=\"width: 310px\" class=\"wp-caption alignright\"><a href=\"https:\/\/www.focolare.org\/wp-content\/uploads\/2013\/09\/20130913VocePapaFrancesco-01.jpg\"><img alt=\"\" alt=\"\" loading=\"lazy\" decoding=\"async\" aria-describedby=\"caption-attachment-92010\" class=\"wp-image-92010 \" style=\"margin-left: 10px\" src=\"https:\/\/www.focolare.org\/wp-content\/uploads\/2013\/09\/20130913VocePapaFrancesco-01.jpg\" alt=\"\" width=\"300\" height=\"200\" \/><\/a><p id=\"caption-attachment-92010\" class=\"wp-caption-text\">\u00a9 Le pape Fran\u00e7ois re\u00e7oit Maria Voce en audience priv\u00e9e<\/p><\/div>\n<p>Le voyage en Jordanie \u00e0 peine termin\u00e9, o\u00f9 ils ont rencontr\u00e9 les communaut\u00e9s des Focolari du Moyen-Orient et du Nord de l\u2019Afrique, Maria Voce a pu communiquer au pape l\u2019exp\u00e9rience de ces jours de tension et d\u2019incertitude. L\u00e0 aussi, ils ont v\u00e9cu la journ\u00e9e de je\u00fbne et de pri\u00e8re pour la paix le 7 septembre dernier, avec les personnes du Mouvement pr\u00e9sents \u00e0 Amman, qui appartiennent \u00e0 diff\u00e9rentes \u00c9glises et religions. \u00ab\u00a0On sentait la grande ouverture du pape \u00e0 toute l\u2019humanit\u00e9 et son d\u00e9sir de l\u2019embrasser avec cette pri\u00e8re\u00a0\u00bb, continue Maria Voce. \u00ab\u00a0Et le Moyen-Orient entrait dans cette embrassade.\u00a0\u00bb<\/p>\n<p>\u00ab\u00a0\u00c0 travers ce qu\u2019il nous a dit \u2013 conclut Maria Voce \u2013 on ressent combien le pape appr\u00e9cie l&rsquo;appartenance aux mouvements. En parlant de l\u2019une ou l\u2019autre situation, il disait combien il est important que les mouvements le soutiennent. On sent que le pape reconna\u00eet la capacit\u00e9 de remettre au premier plan la radicalit\u00e9 de la vie \u00e9vang\u00e9lique.\u00a0\u00bb<\/p>\n","protected":false},"excerpt":{"rendered":"<p>Durant la matin\u00e9e du 13 septembre, le pape Fran\u00e7ois a re\u00e7u en audience priv\u00e9e la pr\u00e9sidente des Focolari, Maria Voce, accompagn\u00e9e du copr\u00e9sident Giancarlo Faletti.<\/p>\n","protected":false},"author":34,"featured_media":0,"comment_status":"open","ping_status":"open","sticky":false,"template":"","format":"standard","meta":{"give_campaign_id":0,"_seopress_robots_primary_cat":"","_seopress_titles_title":"","_seopress_titles_desc":"","_seopress_robots_index":"","_et_pb_use_builder":"","_et_pb_old_content":"","_et_gb_content_width":"","footnotes":""},"categories":[47],"tags":[],"class_list":["post-353430","post","type-post","status-publish","format-standard","hentry","category-non-classifiee"],"_links":{"self":[{"href":"https:\/\/www.focolare.org\/fr\/wp-json\/wp\/v2\/posts\/353430","targetHints":{"allow":["GET"]}}],"collection":[{"href":"https:\/\/www.focolare.org\/fr\/wp-json\/wp\/v2\/posts"}],"about":[{"href":"https:\/\/www.focolare.org\/fr\/wp-json\/wp\/v2\/types\/post"}],"author":[{"embeddable":true,"href":"https:\/\/www.focolare.org\/fr\/wp-json\/wp\/v2\/users\/34"}],"replies":[{"embeddable":true,"href":"https:\/\/www.focolare.org\/fr\/wp-json\/wp\/v2\/comments?post=353430"}],"version-history":[{"count":0,"href":"https:\/\/www.focolare.org\/fr\/wp-json\/wp\/v2\/posts\/353430\/revisions"}],"wp:attachment":[{"href":"https:\/\/www.focolare.org\/fr\/wp-json\/wp\/v2\/media?parent=353430"}],"wp:term":[{"taxonomy":"category","embeddable":true,"href":"https:\/\/www.focolare.org\/fr\/wp-json\/wp\/v2\/categories?post=353430"},{"taxonomy":"post_tag","embeddable":true,"href":"https:\/\/www.focolare.org\/fr\/wp-json\/wp\/v2\/tags?post=353430"}],"curies":[{"name":"wp","href":"https:\/\/api.w.org\/{rel}","templated":true}]}}