{"id":353448,"date":"2013-09-20T03:00:58","date_gmt":"2013-09-20T01:00:58","guid":{"rendered":"https:\/\/www.focolare.org\/dioceses-en-communion\/"},"modified":"2024-06-06T12:46:32","modified_gmt":"2024-06-06T10:46:32","slug":"dioceses-en-communion","status":"publish","type":"post","link":"https:\/\/www.focolare.org\/fr\/dioceses-en-communion\/","title":{"rendered":"Dioc\u00e8ses en communion"},"content":{"rendered":"<p><a href=\"https:\/\/www.focolare.org\/wp-content\/uploads\/2013\/09\/20130920-02.jpg\"><img alt=\"\" alt=\"\" loading=\"lazy\" decoding=\"async\" class=\" wp-image-92394 alignright\" style=\"margin-left: 10px\" src=\"https:\/\/www.focolare.org\/wp-content\/uploads\/2013\/09\/20130920-02.jpg\" alt=\"\" width=\"384\" height=\"255\" \/><\/a>Plus de 500 personnes de tous \u00e2ges, la\u00efcs et pr\u00eatres, et aussi trois \u00e9v\u00eaques \u2013 Mgr Secchia, \u00e9v\u00eaque de Teramo, Mgr Petrocchi, archev\u00eaque de l\u2019Aquila et Mgr De Luca de Termoli \u2013 sont arriv\u00e9s \u00e0 Nocera Umbra, venant de trois r\u00e9gions de l\u2019<a href=\"https:\/\/www.focolare.org\/fr\/focolare-worldwide\/europa\/italia\/\">Italie <\/a>centrale (Ombrie, Marches et Abruzzes).<\/p>\n<p>Tous ont \u00e9t\u00e9 convoqu\u00e9s par un congr\u00e8s du <a href=\"https:\/\/www.focolare.org\/fr\/movimento-dei-focolari\/un-popolo\/movimento-diocesano\/\">Mouvement dioc\u00e9sain<\/a> des Focolari qui s\u2019est d\u00e9roul\u00e9 du 29 ao\u00fbt au 1<sup>er<\/sup> septembre, et qui a rassembl\u00e9 des participants de six dioc\u00e8ses italiens pour un \u00e9change d\u2019initiatives sous le signe de la nouvelle \u00e9vang\u00e9lisation: penser ensemble une m\u00e9thodologie de travail pour mieux affronter les d\u00e9fis et les nouvelles perspectives qui s\u2019ouvrent pour les \u00e9glises locales.<\/p>\n<p><a href=\"https:\/\/www.focolare.org\/wp-content\/uploads\/2013\/09\/20130920-01.jpg\"><img alt=\"\" alt=\"\" loading=\"lazy\" decoding=\"async\" class=\"alignleft  wp-image-92397\" style=\"margin-right: 10px\" src=\"https:\/\/www.focolare.org\/wp-content\/uploads\/2013\/09\/20130920-01.jpg\" alt=\"\" width=\"307\" height=\"193\" \/><\/a>Il a \u00e9t\u00e9 question d\u2019\u00e9glises ouvertes, comme le pense le pape Fran\u00e7ois, capables de rassembler beaucoup de personnes dans une unique famille au service de tous. S\u00e9par\u00e9s selon l\u2019\u00e2ge, les participants ont \u00e9chang\u00e9 des exp\u00e9riences r\u00e9alis\u00e9es dans diff\u00e9rents domaines pour s\u2019ouvrir au territoire. \u00c9ducation int\u00e9grale \u00e0 commencer par les enfants, accompagnant le parcours jusqu\u2019\u00e0 l\u2019\u00e2ge adulte. Des actions de partage impliquant une ville enti\u00e8re, parfois aussi un dioc\u00e8se. Comme \u00e0 Ascoli, o\u00f9 l\u2019\u00e9v\u00eaque a envoy\u00e9 ses v\u0153ux aux nouveaux maires \u00e9lus: depuis ce petit geste est n\u00e9e une collaboration \u00ab\u00a0effective et affective\u00a0\u00bb. Dans cette ville, diverses sont les actions de solidarit\u00e9 en faveur des plus d\u00e9favoris\u00e9s en collaboration ou avec le soutien de la commune. Ou \u00e0 Pesaro, o\u00f9 depuis des ann\u00e9es existent des \u00e9changes avec le monde orthodoxe, avec des groupes de jeunes (surtout provenant de la <a href=\"https:\/\/www.focolare.org\/fr\/focolare-worldwide\/europa\/romania\/\">Roumanie<\/a>), qui am\u00e8nent un souffle d\u2019esp\u00e9rance pour l\u2019\u0153cum\u00e9nisme. \u00c0 Fermo et Teramo, par contre, sont n\u00e9s des groupes musicaux, <a href=\"https:\/\/www.focolare.org\/fr\/news\/2012\/09\/22\/annunciare-il-vangelo-con-la-musica\/\"><em>Eis <\/em>et<\/a><em><a href=\"https:\/\/www.focolare.org\/fr\/news\/2012\/09\/22\/annunciare-il-vangelo-con-la-musica\/\"> Hope<\/a>, <\/em>qui proposent \u00e0 beaucoup des messages de paix et d\u2019esp\u00e9rance.<\/p>\n<p>Visitant les diff\u00e9rents ateliers, est ressorti le fait que la communaut\u00e9 influence l&rsquo;endroit et est n\u00e9e la question: pourquoi ne pas appliquer ces exp\u00e9riences \u00e0 plus grande \u00e9chelle? Ce serait une contribution pour accro\u00eetre la fraternit\u00e9 dans un dioc\u00e8se.<\/p>\n<p>L\u2019invitation des \u00e9v\u00eaques pr\u00e9sents a \u00e9t\u00e9 unanime: pour s\u2019ouvrir aux p\u00e9riph\u00e9ries existentielles, il faut se laisser interroger, confirmer par les fr\u00e8res, accro\u00eetre l\u2019unit\u00e9 entre tous.<\/p>\n<p><img alt=\"\" alt=\"\" loading=\"lazy\" decoding=\"async\" class=\"size-full wp-image-92395 alignright\" style=\"margin-left: 10px\" src=\"https:\/\/www.focolare.org\/wp-content\/uploads\/2013\/09\/20130920-03.jpg\" alt=\"\" width=\"314\" height=\"209\" \/>Et quelles sont les propositions qui sont ressorties? Travailler en r\u00e9seau pour s\u2019enrichir et s\u2019aider, pour \u00e9changer des actions et des id\u00e9es et pour trouver ensemble des routes nouvelles, dans la conscience qu\u2019en mettant les forces en synergie l\u2019incidence sur le territoire sera plus grande.<\/p>\n<p>Le Mouvement dioc\u00e9sain des Focolari est n\u00e9 dans les ann\u00e9es 70 et s\u2019est surtout d\u00e9velopp\u00e9 dans quelques dioc\u00e8ses du centre de l\u2019Italie. Avec tout le Mouvement, il propose de \u00ab\u00a0coop\u00e9rer \u00e0 la r\u00e9alisation du testament de J\u00e9sus \u00ab\u00a0que tous soient un\u00a0\u00bb (Jn 17, 21) animant, au moyen de <a href=\"https:\/\/www.focolare.org\/fr\/chiara-lubich\/spiritualita-dellunita\/\">la spiritualit\u00e9 de l\u2019unit\u00e9<\/a>, les structures de l\u2019\u00c9glise particuli\u00e8re: paroisses, organismes et milieux dioc\u00e9sains\u00a0\u00bb.<\/p>\n","protected":false},"excerpt":{"rendered":"<p>\u00c9change entre 500 participants de six dioc\u00e8ses italiens, avec l\u2019objectif de mettre au point des m\u00e9thodologies de travail et des perspectives pour la formation, le t\u00e9moignage et une plus grande influence sur le territoire.<\/p>\n","protected":false},"author":34,"featured_media":0,"comment_status":"open","ping_status":"open","sticky":false,"template":"","format":"standard","meta":{"give_campaign_id":0,"_seopress_robots_primary_cat":"","_seopress_titles_title":"","_seopress_titles_desc":"","_seopress_robots_index":"","_et_pb_use_builder":"","_et_pb_old_content":"","_et_gb_content_width":"","footnotes":""},"categories":[906,907],"tags":[],"class_list":["post-353448","post","type-post","status-publish","format-standard","hentry","category-focolare-worldwide-2-3","category-senza-categoria-2-3"],"_links":{"self":[{"href":"https:\/\/www.focolare.org\/fr\/wp-json\/wp\/v2\/posts\/353448","targetHints":{"allow":["GET"]}}],"collection":[{"href":"https:\/\/www.focolare.org\/fr\/wp-json\/wp\/v2\/posts"}],"about":[{"href":"https:\/\/www.focolare.org\/fr\/wp-json\/wp\/v2\/types\/post"}],"author":[{"embeddable":true,"href":"https:\/\/www.focolare.org\/fr\/wp-json\/wp\/v2\/users\/34"}],"replies":[{"embeddable":true,"href":"https:\/\/www.focolare.org\/fr\/wp-json\/wp\/v2\/comments?post=353448"}],"version-history":[{"count":0,"href":"https:\/\/www.focolare.org\/fr\/wp-json\/wp\/v2\/posts\/353448\/revisions"}],"wp:attachment":[{"href":"https:\/\/www.focolare.org\/fr\/wp-json\/wp\/v2\/media?parent=353448"}],"wp:term":[{"taxonomy":"category","embeddable":true,"href":"https:\/\/www.focolare.org\/fr\/wp-json\/wp\/v2\/categories?post=353448"},{"taxonomy":"post_tag","embeddable":true,"href":"https:\/\/www.focolare.org\/fr\/wp-json\/wp\/v2\/tags?post=353448"}],"curies":[{"name":"wp","href":"https:\/\/api.w.org\/{rel}","templated":true}]}}