{"id":353460,"date":"2013-09-23T11:27:45","date_gmt":"2013-09-23T09:27:45","guid":{"rendered":"https:\/\/www.focolare.org\/adhesion-des-focolari-a-une-initiative-de-solidarite\/"},"modified":"2024-06-06T12:46:33","modified_gmt":"2024-06-06T10:46:33","slug":"adhesion-des-focolari-a-une-initiative-de-solidarite","status":"publish","type":"post","link":"https:\/\/www.focolare.org\/fr\/adhesion-des-focolari-a-une-initiative-de-solidarite\/","title":{"rendered":"Adh\u00e9sion des Focolari \u00e0 une initiative de solidarit\u00e9"},"content":{"rendered":"<div id=\"attachment_92667\" style=\"width: 279px\" class=\"wp-caption alignleft\"><img alt=\"\" alt=\"\" loading=\"lazy\" decoding=\"async\" aria-describedby=\"caption-attachment-92667\" class=\"size-full wp-image-92667 \" style=\"margin-right: 10px\" src=\"https:\/\/www.focolare.org\/wp-content\/uploads\/2013\/09\/Quadro_Fiducia.jpg\" alt=\"\" width=\"269\" height=\"448\" \/><p id=\"caption-attachment-92667\" class=\"wp-caption-text\">\u00a9 Sean Scaccia<\/p><\/div>\n<p>La communaut\u00e9 du Mouvement des Focolari en Sardaigne a adh\u00e9r\u00e9 \u00e0 l\u2019invitation des \u00e9v\u00eaques sardes pour une communion des biens en argent pour la Caritas de Buenos Aires, unie par des liens historiques \u00e0 l\u2019\u00eele italienne.<\/p>\n<p>En effet, le nom originel de la capitale argentine, <em>Santa Maria del Buen Ayre, <\/em>d\u00e9rive de sainte Marie de la Bonaria, tr\u00e8s v\u00e9n\u00e9r\u00e9e par les Sardes.<\/p>\n<p>\u00ab\u00a0<a href=\"http:\/\/www.ilpapainsardegna.it\/2013\/09\/06\/dalla-caritas-sarda-un-dono-per-gli-ultimi-di-buenos-aires\/\" target=\"_blank\" rel=\"noopener\"><strong>De la Caritas sarde, un don pour les \u2018derniers\u2019 de Buenos Aires<\/strong>\u00ab\u00a0<\/a> est le titre donn\u00e9 \u00e0 l\u2019initiative.<\/p>\n<p>Les Focolari sardes, en outre, ont offert au pape Fran\u00e7ois un cadeau symbolique: une toile (1\u00a0m x 70\u00a0cm), intitul\u00e9e \u00ab\u00a0Confiance\u00a0\u00bb, r\u00e9alis\u00e9e par l\u2019artiste <strong>Sean Scaccia<\/strong>. La toile \u00e9tait accompagn\u00e9e d\u2019un bref texte de l\u2019auteur:<\/p>\n<table border=\"0\" align=\"center\">\n<tbody>\n<tr>\n<td>\n<h3><em>\u00ab\u00a0La Confiance<\/p>\n<p>est un saut dans l\u2019obscurit\u00e9<\/p>\n<p>d\u2019une \u00e2me dans la Lumi\u00e8re<\/p>\n<p>qui, ne tenant pas compte de l&rsquo;obscurit\u00e9 autour,<\/p>\n<p>plonge dans une embrassade au Ciel\u00a0\u00bb.<\/em><\/h3>\n<\/td>\n<\/tr>\n<\/tbody>\n<\/table>\n","protected":false},"excerpt":{"rendered":"<p>\u00c0 l\u2019occasion de la visite du pape en Sardaigne, les \u00e9v\u00eaques locaux lancent une initiative de solidarit\u00e9 en faveur des personnes n\u00e9cessiteuses de Buenos Aires.<\/p>\n","protected":false},"author":34,"featured_media":0,"comment_status":"open","ping_status":"open","sticky":false,"template":"","format":"standard","meta":{"give_campaign_id":0,"_seopress_robots_primary_cat":"","_seopress_titles_title":"","_seopress_titles_desc":"","_seopress_robots_index":"","_et_pb_use_builder":"","_et_pb_old_content":"","_et_gb_content_width":"","footnotes":""},"categories":[906],"tags":[],"class_list":["post-353460","post","type-post","status-publish","format-standard","hentry","category-focolare-worldwide-2-3"],"_links":{"self":[{"href":"https:\/\/www.focolare.org\/fr\/wp-json\/wp\/v2\/posts\/353460","targetHints":{"allow":["GET"]}}],"collection":[{"href":"https:\/\/www.focolare.org\/fr\/wp-json\/wp\/v2\/posts"}],"about":[{"href":"https:\/\/www.focolare.org\/fr\/wp-json\/wp\/v2\/types\/post"}],"author":[{"embeddable":true,"href":"https:\/\/www.focolare.org\/fr\/wp-json\/wp\/v2\/users\/34"}],"replies":[{"embeddable":true,"href":"https:\/\/www.focolare.org\/fr\/wp-json\/wp\/v2\/comments?post=353460"}],"version-history":[{"count":0,"href":"https:\/\/www.focolare.org\/fr\/wp-json\/wp\/v2\/posts\/353460\/revisions"}],"wp:attachment":[{"href":"https:\/\/www.focolare.org\/fr\/wp-json\/wp\/v2\/media?parent=353460"}],"wp:term":[{"taxonomy":"category","embeddable":true,"href":"https:\/\/www.focolare.org\/fr\/wp-json\/wp\/v2\/categories?post=353460"},{"taxonomy":"post_tag","embeddable":true,"href":"https:\/\/www.focolare.org\/fr\/wp-json\/wp\/v2\/tags?post=353460"}],"curies":[{"name":"wp","href":"https:\/\/api.w.org\/{rel}","templated":true}]}}