{"id":353468,"date":"2013-09-24T18:00:52","date_gmt":"2013-09-24T16:00:52","guid":{"rendered":"https:\/\/www.focolare.org\/viaggio-di-maria-voce-in-giordania-video-sintesi\/"},"modified":"2024-06-06T12:46:35","modified_gmt":"2024-06-06T10:46:35","slug":"viaggio-di-maria-voce-in-giordania-video-sintesi","status":"publish","type":"post","link":"https:\/\/www.focolare.org\/fr\/viaggio-di-maria-voce-in-giordania-video-sintesi\/","title":{"rendered":"Viaggio di Maria Voce in Giordania \u2013 video sintesi"},"content":{"rendered":"<p><iframe loading=\"lazy\" title=\"Visite en Jordanie\" src=\"https:\/\/player.vimeo.com\/video\/75092265?dnt=1&amp;app_id=122963\" width=\"720\" height=\"576\" frameborder=\"0\" allow=\"autoplay; fullscreen; picture-in-picture; clipboard-write\"><\/iframe><\/p>\n","protected":false},"excerpt":{"rendered":"<p>Les images de la visite \u00e0 Amman pr\u00e9sidente des Focolari Maria Voce et Giancarlo Faletti Co-etoccanti t\u00e9moignages de ceux qui vivent en situations de frontali\u00e8re..<\/p>\n","protected":false},"author":34,"featured_media":0,"comment_status":"open","ping_status":"open","sticky":false,"template":"","format":"standard","meta":{"give_campaign_id":0,"_seopress_robots_primary_cat":"","_seopress_titles_title":"","_seopress_titles_desc":"","_seopress_robots_index":"","_et_pb_use_builder":"","_et_pb_old_content":"","_et_gb_content_width":"","footnotes":""},"categories":[906],"tags":[],"class_list":["post-353468","post","type-post","status-publish","format-standard","hentry","category-focolare-worldwide-2-3"],"_links":{"self":[{"href":"https:\/\/www.focolare.org\/fr\/wp-json\/wp\/v2\/posts\/353468","targetHints":{"allow":["GET"]}}],"collection":[{"href":"https:\/\/www.focolare.org\/fr\/wp-json\/wp\/v2\/posts"}],"about":[{"href":"https:\/\/www.focolare.org\/fr\/wp-json\/wp\/v2\/types\/post"}],"author":[{"embeddable":true,"href":"https:\/\/www.focolare.org\/fr\/wp-json\/wp\/v2\/users\/34"}],"replies":[{"embeddable":true,"href":"https:\/\/www.focolare.org\/fr\/wp-json\/wp\/v2\/comments?post=353468"}],"version-history":[{"count":0,"href":"https:\/\/www.focolare.org\/fr\/wp-json\/wp\/v2\/posts\/353468\/revisions"}],"wp:attachment":[{"href":"https:\/\/www.focolare.org\/fr\/wp-json\/wp\/v2\/media?parent=353468"}],"wp:term":[{"taxonomy":"category","embeddable":true,"href":"https:\/\/www.focolare.org\/fr\/wp-json\/wp\/v2\/categories?post=353468"},{"taxonomy":"post_tag","embeddable":true,"href":"https:\/\/www.focolare.org\/fr\/wp-json\/wp\/v2\/tags?post=353468"}],"curies":[{"name":"wp","href":"https:\/\/api.w.org\/{rel}","templated":true}]}}