{"id":353520,"date":"2013-10-04T03:00:18","date_gmt":"2013-10-04T01:00:18","guid":{"rendered":"https:\/\/www.focolare.org\/urgence-refugies-embrasser-les-immigres\/"},"modified":"2024-06-06T12:46:45","modified_gmt":"2024-06-06T10:46:45","slug":"urgence-refugies-embrasser-les-immigres","status":"publish","type":"post","link":"https:\/\/www.focolare.org\/fr\/urgence-refugies-embrasser-les-immigres\/","title":{"rendered":"Urgence r\u00e9fugi\u00e9s: \u00ab\u00a0Embrasser les immigr\u00e9s\u00a0\u00bb"},"content":{"rendered":"<p><strong><img alt=\"\" alt=\"\" loading=\"lazy\" decoding=\"async\" class=\"size-full wp-image-93487 alignleft\" style=\"margin-right: 10px\" src=\"https:\/\/www.focolare.org\/wp-content\/uploads\/2013\/10\/20131003-01.jpg\" alt=\"\" width=\"314\" height=\"210\" \/><em><!--[if gte mso 9]&gt;-->\u00ab\u00a0Prions pour avoir un c\u0153ur qui sache embrasser les immigr\u00e9s\u00a0\u00bb: <\/em><\/strong>c\u2019est ainsi que s\u2019est exprim\u00e9 le Pape Fran\u00e7ois le 8 juillet dernier, durant la visite pastorale \u00e0 Lampedusa, \u00e9mu par l\u2019incessant exode de r\u00e9fugi\u00e9s fuyant la faim, la guerre, les probl\u00e8mes de tous genres qui am\u00e8nent depuis des d\u00e9cennies sur les c\u00f4tes de l\u2019Italie m\u00e9ridionale des histoires de d\u00e9sespoir et de peur.<\/p>\n<p><strong>L\u2019histoire de Cristina, Elena et Maria Norena<\/strong>, <a href=\"https:\/\/www.focolare.org\/fr\/movimento-dei-focolari\/scelte-e-impegno\/volontari\/\">volontaires <\/a>du <a href=\"https:\/\/www.focolare.org\/fr\/movimento-dei-focolari\/\">Mouvement des Focolari<\/a>, commence avec un cours d\u2019italien, elles qui se sentent appel\u00e9es personnellement en raison de la pr\u00e9sence grandissante de fr\u00e8res en difficult\u00e9. \u00ab\u00a0Nous sommes en mai 2011 \u2013 raconte Elena \u2013 les arriv\u00e9es en bateau s\u2019\u00e9taient succ\u00e9d\u00e9 \u00e0 un rythme soutenu, environ 25\u00a0000 personnes ayant d\u00e9barqu\u00e9 de la Libye en guerre. Dans notre province de Trente (nord de l\u2019Italie) 200 r\u00e9fugi\u00e9s sont arriv\u00e9s, presque tous de jeunes hommes, musulmans, entre 18 et 30 ans.\u00a0\u00bb \u00ab\u00a0Colombienne, j\u2019ai v\u00e9cu moi aussi le manque de relations et de vie sociale \u2013 poursuit Maria Norena. Ces jeunes racontaient leur solitude et souffraient parce qu\u2019ils ne savaient pas l\u2019italien. Imm\u00e9diatement, les autres personnes de notre groupe m\u2019ont soutenue et nous avons commenc\u00e9 ensemble cette aventure.\u00a0\u00bb<\/p>\n<p><strong>L\u2019exp\u00e9rience fait tache d\u2019huile <\/strong>et les institutions aussi commencent \u00e0 se sentir impliqu\u00e9es. \u00ab\u00a0Cela nous int\u00e9ressait d\u2019assurer un futur \u00e0 ces jeunes \u2013 affirme Cristina \u2013 donc, avec tous ceux qui offraient leur disponibilit\u00e9, nous avons commenc\u00e9 \u00e0 intervenir dans les journaux locaux, surtout dans le journal dioc\u00e9sain mis \u00e0 notre disposition pour laisser s\u2019exprimer ceux qui ne pouvaient pas. L\u2019\u00e9v\u00eaque aussi a sollicit\u00e9 la communaut\u00e9 chr\u00e9tienne de Trente pour s\u2019occuper de ces jeunes, nos fr\u00e8res.\u00a0\u00bb<\/p>\n<p>Entretemps, <strong>l\u2019administration provinciale d\u00e9cide de prolonger le projet<\/strong>, garantissant \u00e0 chaque r\u00e9fugi\u00e9 deux ans d\u2019aide et de soutien depuis son arriv\u00e9e. Cependant, au bout des deux ans, les jeunes devront quitter les logements.<\/p>\n<p><strong>\u00ab\u00a0Avec l\u2019intention de garantir aux jeunes une demeure stable <\/strong>\u2013 se souvient Maria Norena \u2013 nous avons impliqu\u00e9 les r\u00e9alit\u00e9s paroissiales et les communaut\u00e9s locales du Mouvement des Focolari, tant pour la collecte de fonds, que pour la recherche de travail et l\u2019int\u00e9gration de ces jeunes dans la soci\u00e9t\u00e9.\u00a0\u00bb<\/p>\n<p>\u00ab\u00a0Actuellement, nous avons obtenu un toit pour nos 16 amis que nous connaissons personnellement \u2013 commente Cristina. Nous exp\u00e9rimentons l\u2019aide de la Providence, qui nous accompagne dans les petites ou les grandes exigences: nous avons re\u00e7u quatre v\u00e9los, n\u00e9cessaires parce qu\u2019un des appartements est loin de la ville et inaccessible en bus, et aussi un lave-linge qui \u00e9tait indispensable.\u00a0\u00bb<\/p>\n<p><strong>Un jeune, habitant dans un des logements g\u00e9r\u00e9s par le groupe de volontaires, <\/strong>nous a \u00e9crit: \u00ab\u00a0Je vous remercie pour tout ce que vous faites, pour la confiance que vous me t\u00e9moignez et l\u2019honn\u00eatet\u00e9 que vous avez vue en moi. Je vous aime beaucoup.\u00a0\u00bb<\/p>\n","protected":false},"excerpt":{"rendered":"<p>Souvent tristement d\u2019actualit\u00e9, l\u2019urgence r\u00e9fugi\u00e9s interpelle les consciences et peut mettre en route des dynamiques de solidarit\u00e9 et de proximit\u00e9 jusqu\u2019\u00e0 impliquer les institutions. Une exp\u00e9rience du nord de l\u2019Italie.<\/p>\n","protected":false},"author":34,"featured_media":0,"comment_status":"open","ping_status":"open","sticky":false,"template":"","format":"standard","meta":{"give_campaign_id":0,"_seopress_robots_primary_cat":"","_seopress_titles_title":"","_seopress_titles_desc":"","_seopress_robots_index":"","_et_pb_use_builder":"","_et_pb_old_content":"","_et_gb_content_width":"","footnotes":""},"categories":[906],"tags":[],"class_list":["post-353520","post","type-post","status-publish","format-standard","hentry","category-focolare-worldwide-2-3"],"_links":{"self":[{"href":"https:\/\/www.focolare.org\/fr\/wp-json\/wp\/v2\/posts\/353520","targetHints":{"allow":["GET"]}}],"collection":[{"href":"https:\/\/www.focolare.org\/fr\/wp-json\/wp\/v2\/posts"}],"about":[{"href":"https:\/\/www.focolare.org\/fr\/wp-json\/wp\/v2\/types\/post"}],"author":[{"embeddable":true,"href":"https:\/\/www.focolare.org\/fr\/wp-json\/wp\/v2\/users\/34"}],"replies":[{"embeddable":true,"href":"https:\/\/www.focolare.org\/fr\/wp-json\/wp\/v2\/comments?post=353520"}],"version-history":[{"count":0,"href":"https:\/\/www.focolare.org\/fr\/wp-json\/wp\/v2\/posts\/353520\/revisions"}],"wp:attachment":[{"href":"https:\/\/www.focolare.org\/fr\/wp-json\/wp\/v2\/media?parent=353520"}],"wp:term":[{"taxonomy":"category","embeddable":true,"href":"https:\/\/www.focolare.org\/fr\/wp-json\/wp\/v2\/categories?post=353520"},{"taxonomy":"post_tag","embeddable":true,"href":"https:\/\/www.focolare.org\/fr\/wp-json\/wp\/v2\/tags?post=353520"}],"curies":[{"name":"wp","href":"https:\/\/api.w.org\/{rel}","templated":true}]}}