{"id":353556,"date":"2013-10-16T03:00:40","date_gmt":"2013-10-16T01:00:40","guid":{"rendered":"https:\/\/www.focolare.org\/le-monde-de-ledition-recompense-new-city-philippines-et-living-city\/"},"modified":"2024-06-06T12:46:54","modified_gmt":"2024-06-06T10:46:54","slug":"le-monde-de-ledition-recompense-new-city-philippines-et-living-city","status":"publish","type":"post","link":"https:\/\/www.focolare.org\/fr\/le-monde-de-ledition-recompense-new-city-philippines-et-living-city\/","title":{"rendered":"Le  monde de  l\u2019\u00e9dition r\u00e9compense  New City Philippines et Living City"},"content":{"rendered":"<p><a href=\"https:\/\/www.focolare.org\/wp-content\/uploads\/2013\/10\/CPA-Award-2013.jpg\"><img alt=\"\" alt=\"\" loading=\"lazy\" decoding=\"async\" class=\"alignright  wp-image-94451\" style=\"margin-left: 10px\" src=\"https:\/\/www.focolare.org\/wp-content\/uploads\/2013\/10\/CPA-Award-2013.jpg\" alt=\"\" width=\"319\" height=\"245\" \/><\/a>On se rappellera \u00a02013 comme une ann\u00e9e positive pour les maisons d\u2019<a href=\"https:\/\/www.focolare.org\/fr\/all-opera\/media\/riviste-ed-editrici\/\" target=\"_blank\" rel=\"noopener\">\u00e9dition <\/a>en langue anglaise des Focolari. A <a href=\"http:\/\/newcityph.com\/\" target=\"_blank\" rel=\"noopener\">New City Philippines<\/a>, de fait,\u00a0 la mention sp\u00e9ciale \u201c<em><a href=\"https:\/\/www.focolare.org\/fr\/in-dialogo\/grandi-religioni\/\" target=\"_blank\" rel=\"noopener\">pour le dialogue interreligieux<\/a>\u201d <\/em>a \u00e9t\u00e9 conf\u00e9r\u00e9e par l\u2019Organisation Internationale Chr\u00e9tienne des M\u00e9dias (<a href=\"http:\/\/www.icomworld.info\/eng\/index.htm\" target=\"_blank\" rel=\"noopener\">ICOM)<\/a>, dont le si\u00e8ge est \u00e0 Gen\u00e8ve, en Suisse.\u00a0 A <a href=\"http:\/\/www.livingcitymagazine.com\/\" target=\"_blank\" rel=\"noopener\">Living City,<\/a> revue de l\u2019Am\u00e9rique du Nord, sous\u00a0 la\u00a0 griffe de Sarah Mundell, une mention d\u2019honneur a \u00e9t\u00e9 discern\u00e9e dans la cat\u00e9gorie \u201c<em>meilleure couverture sur les Vocations au sacerdoce, \u00e0 la vie consacr\u00e9e et au Diaconat\u201d. <\/em>C\u2019est l\u2019Association de la presse catholique (<a href=\"http:\/\/www.catholicpress.org\/\" target=\"_blank\" rel=\"noopener\">CPA<\/a>) du Canada et d\u2019Am\u00e9rique du Nord qui a conf\u00e9r\u00e9 ce prix.<\/p>\n<p><strong>Depuis les vocations de l\u2019Eglise catholique, donc, jusqu\u2019\u00e0 la grande fronti\u00e8re du dialogue interreligieux. <\/strong>En particulier un article et deux num\u00e9ros de la revue ont eu un succ\u00e8s majeur. Pour l\u2019\u00e9dition am\u00e9ricaine il s\u2019agit de celui de Sarah Mundell au titre \u201c<strong>Un s\u00e9minariste aux chaussures tip tap\u201d <\/strong>(<a href=\"http:\/\/www.livingcitymagazine.com\/Man_of_the_cloth\" target=\"_blank\" rel=\"noopener\">voir l\u2019article original en anglais<\/a>): Une grande expressivit\u00e9 et une histoire inhabituelle et fascinante soutiennent la narration\u201d, a d\u00e9clar\u00e9 la CPA en pr\u00e9sentant le prix.<\/p>\n<p>Pour l\u2019\u00e9dition philippine on touche le th\u00e8me du <strong>parcours fragile de la paix dans le sud des Philippines \u00e0 Mindanao (<a href=\"http:\/\/www.livingcitymagazine.com\/Man_of_the_cloth\" target=\"_blank\" rel=\"noopener\">N\u00b0\u00a0 1\/2013<\/a>) et de l\u2019\u00e9ducation vers une culture du dialogue (<a href=\"http:\/\/newcityph.com\/archive\/1206\/issues.asp\" target=\"_blank\" rel=\"noopener\">N\u00b0 6\/2012<\/a>).<\/strong> Le prix \u2013 conf\u00e9r\u00e9 \u00e0 l\u2019occasion du congr\u00e8s mondial de l\u2019ICOM \u00e0 Panama City du 28 septembre au 5 octobre \u2013 reconna\u00eet de fait \u00e0 New City philippines, l\u2019engagement \u00e0 amortir les tensions dues aux conflits culturels et religieux, en racontant des faits de vie o\u00f9 l\u2019on respire r\u00e9ciprocit\u00e9, respect, solidarit\u00e9.<\/p>\n<p><a href=\"https:\/\/www.focolare.org\/wp-content\/uploads\/2013\/10\/20131016-04.jpg\"><img loading=\"lazy\" decoding=\"async\" class=\"    alignleft\" style=\"margin-right: 10px\" src=\"https:\/\/www.focolare.org\/wp-content\/uploads\/2013\/10\/20131016-04.jpg\" alt=\"\" width=\"346\" height=\"228\" \/><\/a>L\u2019\u00e9v\u00e9nement panam\u00e9en a rassembl\u00e9 des journalistes et des op\u00e9rateurs de diverses parties du monde, qui ont eu la possibilit\u00e9 de s\u2019immerger dans les probl\u00e9matiques du continent am\u00e9ricain. Dans ce contexte\u00a0 s\u2019est d\u00e9roul\u00e9e la remise du prix\u00a0 des <strong>International Journalism Awards, <\/strong>le 4 octobre\u00a0 aupr\u00e8s du si\u00e8ge de l\u2019Universit\u00e9.<\/p>\n<p><strong>Jose Aranas, r\u00e9dacteur en chef <\/strong>\u00a0du journal philippin li\u00e9 au <a href=\"https:\/\/www.focolare.org\/fr\/movimento-dei-focolari\/\" target=\"_blank\" rel=\"noopener\">mouvement des Focolar<\/a>i, en recevant la r\u00e9compense, a mis en \u00e9vidence le contexte religieux et culturel de son pays, unique nation en Asie \u00e0 majorit\u00e9 chr\u00e9tienne. Il a soulign\u00e9 que les articles qui ont permis l\u2019attribution de ce prix sont surtout des exp\u00e9riences v\u00e9cues par les membres des Focolari, appartenant \u00e0 diff\u00e9rentes religions, dans lesquels est mis en relief l\u2019effort de vivre la r\u00e8gle d\u2019or de l\u2019\u00e9vangile, comme on dit, pr\u00e9sente aussi dans d\u2019autres textes sacr\u00e9s: \u201cTout ce que vous voulez que les hommes fassent pour vous, faites-le leur vous aussi\u201d (Mt 7,12).<\/p><\/p>\n","protected":false},"excerpt":{"rendered":"<p>Ces derniers mois deux des revues n\u00e9es de la spiritualit\u00e9 des Focolari ont re\u00e7u d\u2019importantes r\u00e9compenses: dans le secteur du dialogue interreligieux en ce qui concerne la revue philippine et pour la couverture de l\u2019information sur les vocations en ce qui concerne la revue d\u2019Am\u00e9rique du Nord.<\/p>\n","protected":false},"author":34,"featured_media":0,"comment_status":"open","ping_status":"open","sticky":false,"template":"","format":"standard","meta":{"give_campaign_id":0,"_seopress_robots_primary_cat":"","_seopress_titles_title":"","_seopress_titles_desc":"","_seopress_robots_index":"","_et_pb_use_builder":"","_et_pb_old_content":"","_et_gb_content_width":"","footnotes":""},"categories":[47],"tags":[],"class_list":["post-353556","post","type-post","status-publish","format-standard","hentry","category-non-classifiee"],"_links":{"self":[{"href":"https:\/\/www.focolare.org\/fr\/wp-json\/wp\/v2\/posts\/353556","targetHints":{"allow":["GET"]}}],"collection":[{"href":"https:\/\/www.focolare.org\/fr\/wp-json\/wp\/v2\/posts"}],"about":[{"href":"https:\/\/www.focolare.org\/fr\/wp-json\/wp\/v2\/types\/post"}],"author":[{"embeddable":true,"href":"https:\/\/www.focolare.org\/fr\/wp-json\/wp\/v2\/users\/34"}],"replies":[{"embeddable":true,"href":"https:\/\/www.focolare.org\/fr\/wp-json\/wp\/v2\/comments?post=353556"}],"version-history":[{"count":0,"href":"https:\/\/www.focolare.org\/fr\/wp-json\/wp\/v2\/posts\/353556\/revisions"}],"wp:attachment":[{"href":"https:\/\/www.focolare.org\/fr\/wp-json\/wp\/v2\/media?parent=353556"}],"wp:term":[{"taxonomy":"category","embeddable":true,"href":"https:\/\/www.focolare.org\/fr\/wp-json\/wp\/v2\/categories?post=353556"},{"taxonomy":"post_tag","embeddable":true,"href":"https:\/\/www.focolare.org\/fr\/wp-json\/wp\/v2\/tags?post=353556"}],"curies":[{"name":"wp","href":"https:\/\/api.w.org\/{rel}","templated":true}]}}