{"id":353574,"date":"2013-10-23T04:12:35","date_gmt":"2013-10-23T02:12:35","guid":{"rendered":"https:\/\/www.focolare.org\/focolari-aujourdhui-nouveau-tournant-vers-les-peripheries-du-monde\/"},"modified":"2024-06-06T12:46:59","modified_gmt":"2024-06-06T10:46:59","slug":"focolari-aujourdhui-nouveau-tournant-vers-les-peripheries-du-monde","status":"publish","type":"post","link":"https:\/\/www.focolare.org\/fr\/focolari-aujourdhui-nouveau-tournant-vers-les-peripheries-du-monde\/","title":{"rendered":"Focolari aujourd&rsquo;hui : nouveau tournant vers les p\u00e9riph\u00e9ries du monde"},"content":{"rendered":"<p><a href=\"https:\/\/www.focolare.org\/wp-content\/uploads\/2013\/10\/20130123-04.jpg\"><img alt=\"\" alt=\"\" loading=\"lazy\" decoding=\"async\" class=\"wp-image-94950 alignnone\" style=\"margin-left: 10px\" src=\"https:\/\/www.focolare.org\/wp-content\/uploads\/2013\/10\/20130123-04.jpg\" alt=\"\" width=\"576\" height=\"188\" \/><\/a><strong><\/strong><\/p>\n<p><strong>Un engagement \u00e0 sortir de nous-m\u00eames, <\/strong>\u00e0 aller \u00e0 la rencontre des p\u00e9riph\u00e9ries du monde, y compris des p\u00e9riph\u00e9ries existentielles, \u00e0<strong> <\/strong>se mettre \u00e0 l&rsquo;\u00e9coute de l&rsquo;humanit\u00e9 d&rsquo;aujourd&rsquo;hui. C&rsquo;est ainsi que se sont quitt\u00e9s \u00e0 la fin de leur rencontre annuelle,\u00a0les 211 d\u00e9l\u00e9gu\u00e9s provenant des pays et des r\u00e9gions o\u00f9 le mouvement des Focolari est pr\u00e9sent. La rencontre a eu lieu au centre de l&rsquo;\u0152uvre de Marie \u00e0 Rocca di Papa, du 26\u00a0septembre au 19\u00a0octobre.<\/p>\n<p>Au cours d&rsquo;une liaison Internet, en direct, o\u00f9 plus de dix mille points \u00e9taient reli\u00e9s dans le monde, la pr\u00e9sidente, <a href=\"https:\/\/www.focolare.org\/fr\/news\/2011\/01\/20\/maria-voce\/\">Maria Voce<\/a>, les a tous salu\u00e9s. Dans son message, elle a soulign\u00e9 l&rsquo;engagement \u00e0 orienter son regard et ses \u00e9nergies vers les \u00ab\u00a0p\u00e9riph\u00e9ries du monde\u00a0\u00bb, non seulement celles li\u00e9es \u00e0 la pauvret\u00e9 mat\u00e9rielle mais \u00e9galement celles o\u00f9 Dieu est absent. Un processus que les Focolari ont mis en route depuis longtemps et qui a marqu\u00e9 <a href=\"https:\/\/www.focolare.org\/fr\/chiara-lubich\/chi-e-chiara\/gli-inizi\/\">les origines<\/a> du charisme \u00e0 Trente ainsi que la vie de la fondatrice <a href=\"https:\/\/www.focolare.org\/fr\/chiara-lubich\/chi-e-chiara\/\">Chiara Lubich<\/a> et de la premi\u00e8re communaut\u00e9 focolarine.<\/p>\n<p>Aujourd&rsquo;hui encore, comme \u00e0 cette \u00e9poque, les Focolari ressentent l&rsquo;urgence imp\u00e9rative de s&rsquo;oublier eux-m\u00eames en prenant soin des plus petits, des &lsquo;derniers&rsquo;, faisant tout ce qu&rsquo;ils peuvent pour qu&rsquo;une pleine communion puisse \u00eatre v\u00e9cue. \u00ab\u00a0Nous sommes pouss\u00e9s par J\u00e9sus &#8211; a continu\u00e9 Maria Voce en s&rsquo;adressant aux Focolari du monde entier &#8211; J\u00e9sus qui continue \u00e0 souffrir dans l&rsquo;humanit\u00e9 d&rsquo;aujourd&rsquo;hui\u00a0; l&rsquo;humanit\u00e9 qui nous assaille parfois de ses doutes, parfois de son d\u00e9sespoir, mais qui veut rencontrer Celui qui est en mesure de donner un sens \u00e0 ces questions\u00a0\u00bb.<\/p>\n<p>Mais pour rencontrer le monde, nous devons \u00ab\u00a0quitter nos s\u00e9curit\u00e9s et &lsquo;plonger&rsquo; dans l&rsquo;humanit\u00e9 la flamme de l&rsquo;amour \u00e9vang\u00e9lique\u00a0\u00bb. C&rsquo;est l&rsquo;amour qui transforme les fr\u00e8res en une seule famille d&rsquo;enfants de Dieu, ayant des relations vraies et o\u00f9 chacun est pr\u00eat \u00e0 donner sa vie pour l&rsquo;autre\u00a0: un amour qui devient r\u00e9ciproque. Ce sera <a href=\"https:\/\/www.focolare.org\/fr\/chiara-lubich\/spiritualita-dellunita\/amore-reciproco\/\">le point<\/a> de la spiritualit\u00e9 de l&rsquo;unit\u00e9 que tous les membres du Mouvement approfondiront cette ann\u00e9e.<\/p>\n<p><strong><a href=\"https:\/\/www.focolare.org\/wp-content\/uploads\/2013\/10\/20130123-07.jpg\"><img alt=\"\" alt=\"\" loading=\"lazy\" decoding=\"async\" class=\"alignleft  wp-image-94956\" style=\"margin-right: 10px\" src=\"https:\/\/www.focolare.org\/wp-content\/uploads\/2013\/10\/20130123-07.jpg\" alt=\"\" width=\"379\" height=\"180\" \/><\/a><\/strong>\u00c0 Rocca di Papa, les repr\u00e9sentants des <strong>communaut\u00e9s des Focolari qui vivent dans des pays en guerre<\/strong> \u00e9taient pr\u00e9sents, eux aussi. Dans ces contextes fortement \u00e9prouv\u00e9s par les conflits arm\u00e9s et la division, la proposition \u00e9vang\u00e9lique de l&rsquo;amour r\u00e9ciproque comme voie vers la paix, devient la proph\u00e9tie d&rsquo;un avenir de r\u00e9conciliation pour ces peuples. \u00ab\u00a0<strong>Nous nous sommes retrouv\u00e9s non pas pour nous d\u00e9fendre mais pour pardonner<\/strong> \u00e0 qui a fait du mal, pour nous encourager \u00e0 aimer plus\u00a0\u00bb, affirment<a href=\"https:\/\/www.focolare.org\/fr\/news\/2013\/06\/22\/siria-nella-notte-del-dolore-il-miracolo-della-solidarieta\/\"> les repr\u00e9sentants des Focolari de la Syrie<\/a>. Paroles fortes, charg\u00e9es d&rsquo;histoires personnelles, de pas accomplis, d&rsquo;une vie qui, malgr\u00e9 les t\u00e9n\u00e8bres de la \u00ab\u00a0nuit syrienne\u00a0\u00bb, ne cesse de progresser vers l&rsquo;esp\u00e9rance qui devient pri\u00e8re mondiale \u00ab\u00a0que seul le bien peut triompher du mal\u00a0\u00bb.<\/p>\n<p>La rencontre des d\u00e9l\u00e9gu\u00e9s s&rsquo;est termin\u00e9e dans le d\u00e9sir de repartir dans son pays \u00ab\u00a0le c\u0153ur ouvert, chacun au pays d&rsquo;o\u00f9 il \u00e9tait parti, pour \u00e9tendre cette exp\u00e9rience de communion\u00a0\u00bb. Avec l&rsquo;esp\u00e9rance que \u00ab\u00a0l&rsquo;\u00c9vangile v\u00e9cu par de nombreuses personnes, entra\u00eene une nouvelle avanc\u00e9e du Royaume de Dieu dans le monde\u00a0\u00bb.<\/p>\n","protected":false},"excerpt":{"rendered":"<p>C&rsquo;est au cours d&rsquo;une t\u00e9l\u00e9r\u00e9union mondiale avec les communaut\u00e9s des Focolari diss\u00e9min\u00e9es en de nombreux lieux de la plan\u00e8te, que s&rsquo;est conclu, \u00e0 Rome, le 19 octobre, le congr\u00e8s des repr\u00e9sentants du Mouvement.<\/p>\n","protected":false},"author":34,"featured_media":0,"comment_status":"open","ping_status":"open","sticky":false,"template":"","format":"standard","meta":{"give_campaign_id":0,"_seopress_robots_primary_cat":"","_seopress_titles_title":"","_seopress_titles_desc":"","_seopress_robots_index":"","_et_pb_use_builder":"","_et_pb_old_content":"","_et_gb_content_width":"","footnotes":""},"categories":[47],"tags":[],"class_list":["post-353574","post","type-post","status-publish","format-standard","hentry","category-non-classifiee"],"_links":{"self":[{"href":"https:\/\/www.focolare.org\/fr\/wp-json\/wp\/v2\/posts\/353574","targetHints":{"allow":["GET"]}}],"collection":[{"href":"https:\/\/www.focolare.org\/fr\/wp-json\/wp\/v2\/posts"}],"about":[{"href":"https:\/\/www.focolare.org\/fr\/wp-json\/wp\/v2\/types\/post"}],"author":[{"embeddable":true,"href":"https:\/\/www.focolare.org\/fr\/wp-json\/wp\/v2\/users\/34"}],"replies":[{"embeddable":true,"href":"https:\/\/www.focolare.org\/fr\/wp-json\/wp\/v2\/comments?post=353574"}],"version-history":[{"count":0,"href":"https:\/\/www.focolare.org\/fr\/wp-json\/wp\/v2\/posts\/353574\/revisions"}],"wp:attachment":[{"href":"https:\/\/www.focolare.org\/fr\/wp-json\/wp\/v2\/media?parent=353574"}],"wp:term":[{"taxonomy":"category","embeddable":true,"href":"https:\/\/www.focolare.org\/fr\/wp-json\/wp\/v2\/categories?post=353574"},{"taxonomy":"post_tag","embeddable":true,"href":"https:\/\/www.focolare.org\/fr\/wp-json\/wp\/v2\/tags?post=353574"}],"curies":[{"name":"wp","href":"https:\/\/api.w.org\/{rel}","templated":true}]}}