{"id":353730,"date":"2013-12-10T05:00:37","date_gmt":"2013-12-10T04:00:37","guid":{"rendered":"https:\/\/www.focolare.org\/lucia-degasperi-nous-laissait-il-y-a-10-ans\/"},"modified":"2024-06-06T12:47:30","modified_gmt":"2024-06-06T10:47:30","slug":"lucia-degasperi-nous-laissait-il-y-a-10-ans","status":"publish","type":"post","link":"https:\/\/www.focolare.org\/fr\/lucia-degasperi-nous-laissait-il-y-a-10-ans\/","title":{"rendered":"Lucia Degasperi, nous laissait il y a 10 ans"},"content":{"rendered":"<p><img alt=\"\" alt=\"\" loading=\"lazy\" decoding=\"async\" class=\"alignleft size-articolo_1 wp-image-97767\" style=\"border: 0px;margin: 10px\" src=\"https:\/\/www.focolare.org\/wp-content\/uploads\/2013\/12\/20131210LuciaDegasperiGisCalliari-250x168.jpg\" alt=\"\" width=\"250\" height=\"168\" \/>Depuis qu\u2019elle est petite,<strong> Lucia est une enfant dont la joie est constante et contagieuse<\/strong>. Derni\u00e8re de huit enfants, elle grandit dans une famille tr\u00e8s pauvre \u00e0 Terlano (Bolzano-Italie).\u00a0 Malgr\u00e9 les difficult\u00e9s \u00e9conomiques, le couple Degasperi garde toujours une grande foi. Au fur et \u00e0 mesure des ann\u00e9es, cependant, Lucia se rend \u00e0 l\u2019\u00e9vidence que l\u2019amour sur la terre n\u2019existe pas et penser aimer sans \u00eatre aim\u00e9e en retour lui fait peur.  <strong>Lorsque Lucia a vingt ans,<\/strong> son fr\u00e8re Carlo change d\u2019attitude \u00e0 l\u2019improviste \u00e0 la maison\u00a0: il se met \u00e0 refaire les lits, nettoyer les chaussures. Curieuse, Lucia lui demande des explications, alors elle est invit\u00e9e \u00e0 la <a href=\"https:\/\/www.focolare.org\/mariapolis\/\" target=\"_blank\" rel=\"noopener\">mariapoli<\/a>, rencontre de plusieurs jours des Focolari. Lucia est profond\u00e9ment frapp\u00e9e par les nombreuses exp\u00e9riences concr\u00e8tes bas\u00e9es sur la certitude que Dieu est amour et aime tout le monde personnellement, au point que, prise de peur, elle laisse la rencontre avant la fin.  <strong>Cependant une phrase lui reste grav\u00e9e<\/strong>\u00a0: \u00ab\u00a0Tout ce que vous aurez fait au plus petit, c\u2019est \u00e0 moi que vous l\u2019avez fait\u00a0\u00bb (Mt 25,40). Elle commence \u00e0 la vivre avec engagement. Par la suite elle sent que Dieu l\u2019appelle \u00e0 le suivre au focolare. A partir de 1964 quand la spiritualit\u00e9 de l\u2019unit\u00e9 commence \u00e0 se r\u00e9pandre en <a href=\"https:\/\/www.focolare.org\/fr\/focolare-worldwide\/europa\/germania\/\" target=\"_blank\" rel=\"noopener\">Allemagne<\/a>, Lucia est \u00e0 Berlin Ouest et apr\u00e8s les premi\u00e8res ann\u00e9es 80 en DDR, terre o\u00f9 la situation du r\u00e9gime oblige les nombreux adh\u00e9rents de <a href=\"https:\/\/www.focolare.org\/fr\/chiara-lubich\/spiritualita-dellunita\/\" target=\"_blank\" rel=\"noopener\">la spiritualit\u00e9 des Focolari <\/a>\u00e0 se rencontrer en semi-clandestinit\u00e9, et avec mille difficult\u00e9s.  <strong>M\u00eame Lucia doit passer un mois dans un lager,<\/strong> avant de d\u00e9m\u00e9nager \u00e0 Lipsia. Les autres prisonniers sont rapidement touch\u00e9s par son amour\u00a0: elle remet la chambr\u00e9e en ordre et offre le caf\u00e9 qu\u2019elle pensait emporter avec elle \u00e0 Lipsia. Petit \u00e0 petit beaucoup suivent son exemple et le dernier jour une des gardes confesse \u00e0 Lucia\u00a0: \u00ab\u00a0un groupe aussi beau, nous ne l\u2019avons jamais eu\u2026\u00a0\u00bb.  <strong>Le t\u00e9l\u00e9phone sous contr\u00f4le et les micro-espions en voiture, <\/strong>Lucia fait travailler sa fantaisie, elle invente des milliers de stratag\u00e8mes pour rencontrer les personnes qui lui sont confi\u00e9es\u00a0: elle invite les enfants \u00e0 d\u00e9jeuner, organise des f\u00eates pour les jeunes, rend visite \u00e0 beaucoup de familles.  <img alt=\"\" alt=\"\" loading=\"lazy\" decoding=\"async\" class=\"alignright  wp-image-97768\" style=\"border: 0px;margin: 10px\" src=\"https:\/\/www.focolare.org\/wp-content\/uploads\/2013\/12\/20131210LuciaDeGasperi.jpg\" alt=\"\" width=\"245\" height=\"375\" \/>En 1999 les <a href=\"https:\/\/www.focolare.org\/fr\/movimento-dei-focolari\/scelte-e-impegno\/focolarini\/\" target=\"_blank\" rel=\"noopener\">focolarines <\/a>et les <a href=\"https:\/\/www.focolare.org\/fr\/movimento-dei-focolari\/scelte-e-impegno\/gen\/\" target=\"_blank\" rel=\"noopener\">gen <\/a>(les jeunes des focolari) de la DDR <strong>f\u00eatent la chute du mur <\/strong>\u00a0de Berlin en faisant un long voyage \u00e0 Trente et \u00e0 Rome, o\u00f9 beaucoup d\u2019entre elles, pour la premi\u00e8re fois rencontrent <a href=\"https:\/\/www.focolare.org\/fr\/chiara-lubich\/chi-e-chiara\/\" target=\"_blank\" rel=\"noopener\">Chiara Lubich<\/a>. Des ann\u00e9es de grande expansion s\u2019ensuivent, mais \u00e0 l\u2019improviste en 1994 le diagnostic tombe sur Lucia\u00a0: une tumeur. C\u2019est une tr\u00e8s grande souffrance, et comme elle le racontera des ann\u00e9es apr\u00e8s\u00a0: \u00ab\u00a0ce fut comme une condamnation \u00e0 mort\u00a0\u00bb. Il faut comprendre un peu avant que \u00ab\u00a0le moment est arriv\u00e9 de re-confier \u00e0 Dieu ma vie\u00a0\u00bb.  <strong>Vivre le moment pr\u00e9sent lui est d\u2019une grande aide<\/strong> et devient une source de lumi\u00e8re pour beaucoup.  <strong>Les ann\u00e9es suivantes, les forces physiques diminuent, mais grandit la force spirituelle. \u00ab\u00a0<\/strong>Je ne te souhaite pas \u2018courage Lucia\u2019 \u2013 lui \u00e9crit Chiara Lubich le 3 d\u00e9cembre 2003 \u2013 tu as toutes les gr\u00e2ces qu\u2019il te faut et plus. Sois heureuse\u00a0\u00bb.Dans une s\u00e9r\u00e9nit\u00e9, le 10 d\u00e9cembre Lucia part pour le Ciel.  \u00ab\u00a0Merci pour ta force\u00a0\u00bb, sont quelques uns des nombreux messages qui pleuvaient de partout les jours suivants.<\/p>\n","protected":false},"excerpt":{"rendered":"<p>En Allemagne d\u00e8s les premi\u00e8res ann\u00e9es 60, colonne des Focolari m\u00eame \u00ab\u00a0au del\u00e0 du rideau de fer\u00a0\u00bb. Un souvenir, \u00e0 10 ans de son d\u00e9part.<\/p>\n","protected":false},"author":34,"featured_media":0,"comment_status":"open","ping_status":"open","sticky":false,"template":"","format":"standard","meta":{"give_campaign_id":0,"_seopress_robots_primary_cat":"","_seopress_titles_title":"","_seopress_titles_desc":"","_seopress_robots_index":"","_et_pb_use_builder":"","_et_pb_old_content":"","_et_gb_content_width":"","footnotes":""},"categories":[47],"tags":[],"class_list":["post-353730","post","type-post","status-publish","format-standard","hentry","category-non-classifiee"],"_links":{"self":[{"href":"https:\/\/www.focolare.org\/fr\/wp-json\/wp\/v2\/posts\/353730","targetHints":{"allow":["GET"]}}],"collection":[{"href":"https:\/\/www.focolare.org\/fr\/wp-json\/wp\/v2\/posts"}],"about":[{"href":"https:\/\/www.focolare.org\/fr\/wp-json\/wp\/v2\/types\/post"}],"author":[{"embeddable":true,"href":"https:\/\/www.focolare.org\/fr\/wp-json\/wp\/v2\/users\/34"}],"replies":[{"embeddable":true,"href":"https:\/\/www.focolare.org\/fr\/wp-json\/wp\/v2\/comments?post=353730"}],"version-history":[{"count":0,"href":"https:\/\/www.focolare.org\/fr\/wp-json\/wp\/v2\/posts\/353730\/revisions"}],"wp:attachment":[{"href":"https:\/\/www.focolare.org\/fr\/wp-json\/wp\/v2\/media?parent=353730"}],"wp:term":[{"taxonomy":"category","embeddable":true,"href":"https:\/\/www.focolare.org\/fr\/wp-json\/wp\/v2\/categories?post=353730"},{"taxonomy":"post_tag","embeddable":true,"href":"https:\/\/www.focolare.org\/fr\/wp-json\/wp\/v2\/tags?post=353730"}],"curies":[{"name":"wp","href":"https:\/\/api.w.org\/{rel}","templated":true}]}}