{"id":353776,"date":"2013-12-26T04:00:35","date_gmt":"2013-12-26T03:00:35","guid":{"rendered":"https:\/\/www.focolare.org\/jeunes-les-foyers-de-guerre-relegues-au-rang-de-vagues-souvenirs\/"},"modified":"2024-06-06T12:47:39","modified_gmt":"2024-06-06T10:47:39","slug":"jeunes-les-foyers-de-guerre-relegues-au-rang-de-vagues-souvenirs","status":"publish","type":"post","link":"https:\/\/www.focolare.org\/fr\/jeunes-les-foyers-de-guerre-relegues-au-rang-de-vagues-souvenirs\/","title":{"rendered":"Jeunes :  les foyers de guerre rel\u00e9gu\u00e9s au rang de vagues souvenirs !"},"content":{"rendered":"<p><strong><a href=\"http:\/\/www.comune.modena.it\/modenacooperazione\/le-notizie-di-modena-cooperazione\/per-la-pace-in-siria\/image\/image_view_fullscreen\" target=\"_blank\" rel=\"noopener\"><img alt=\"\" alt=\"\" loading=\"lazy\" decoding=\"async\" class=\" wp-image-98391 alignright\" style=\"margin: 10px;border: 0px\" src=\"https:\/\/www.focolare.org\/wp-content\/uploads\/2013\/12\/20131226-01-250x187.jpg\" alt=\"\" width=\"250\" height=\"187\" \/><\/a><\/strong><\/p>\n<p><em>\u00a0<\/em>\u201c<strong>Au nom de Dieu Cl\u00e9ment et Mis\u00e9ricordieux: que la souffrance soit oubli\u00e9e<\/strong>, que le bonheur et la paix r\u00e8gnent aux quatre coins de la terre, que les c\u0153urs de tous les hommes s\u2019enlacent, que l\u2019amour br\u00fble en chacun d\u2019eux et que l\u2019unit\u00e9 les rassemble en une seule source de lumi\u00e8re. Dieu, fais que les foyers de guerre soient rel\u00e9gu\u00e9s au rang de vagues souvenirs. Dieu, dans ta cl\u00e9mence et ta mis\u00e9ricorde infinies, permets-nous d\u2019\u00eatre plus patients, fais de nous des instruments d\u2019amour et de paix. Louange \u00e0 Dieu, il n\u2019y a de puissance et de force qu\u2019en Lui\u00a0\u00bb, ainsi s\u2019est exprim\u00e9 Na\u00efm, un jeune musulman d\u2019Alg\u00e9rie.<\/p>\n<p><strong>Il y a exactement un an<\/strong>, devant l\u2019ampleur que prenait le conflit en Syrie, ils avaient senti, lors d\u2019un rassemblement analogue, la n\u00e9cessit\u00e9 d\u2019intensifier leur pri\u00e8re et lanc\u00e9 le <span style=\"text-decoration: underline\">Timeout pour la paix<\/span>. Et aujourd\u2019hui de nouveau ils s\u2019engagent \u00e0 \u00eatre des instruments de paix l\u00e0 o\u00f9 ils sont, qu\u2019ils viennent du Centre Afrique ou du Liban, en passant par l\u2019Alg\u00e9rie, du Salvador ou de l\u2019Argentine\u2026 pour ne citer que quelques uns des pays repr\u00e9sent\u00e9s.<\/p>\n<p><strong><img alt=\"\" alt=\"\" loading=\"lazy\" decoding=\"async\" class=\"alignleft  wp-image-98392\" style=\"margin: 10px;border: 0px\" src=\"https:\/\/www.focolare.org\/wp-content\/uploads\/2013\/12\/20131226-02-250x166.jpg\" alt=\"\" width=\"250\" height=\"166\" \/><\/strong><\/p>\n<p><strong>Les \u00e9changes d\u2019exp\u00e9riences ne manquent pas<\/strong> au cours de ces quatre journ\u00e9es pass\u00e9es \u00e0 Rome, <em>(du 19 au 22 d\u00e9cembre),<\/em> comme par exemple celle de ce jeune bouddhiste qui, au contact des Gen, se sent pouss\u00e9 \u00e0 approfondir sa religion et d\u00e9cide d\u2019aller passer un an dans un monast\u00e8re pour partager l\u2019exp\u00e9rience des moines. Ou bien celles de ceux qui s\u2019interrogent sur leurs projets d\u2019avenir\u00a0: avoir le courage de construire une famille, d\u2019affronter le monde du travail. Mais c\u2019est du Moyen-Orient et du Maghreb que proviennent les t\u00e9moignages les plus forts (Liban et Alg\u00e9rie)\u00a0: tous insistent sur l\u2019esp\u00e9rance qui ne meurt pas, m\u00eame lorsqu\u2019\u00e0 l\u2019horizon le ciel reste bouch\u00e9.<\/p>\n<p><strong>Tr\u00e8s stimulante l\u2019invitation \u00e0 \u00ab\u00a0sortir de nos murs\u00a0\u00bb, adress\u00e9e\u00a0 par Maria Voce \u00e0\u00a0 tous les participants, parmi eux beaucoup d\u2019europ\u00e9ens<\/strong>.<strong> <\/strong>\u00a0Elle leur parle avec force\u00a0: \u00ab\u00a0Les Gen sont-ils dans les universit\u00e9s\u00a0? Sont-ils l\u00e0 o\u00f9 se trouvent d\u2019autres jeunes\u00a0? Ou sont-ils toujours entre eux\u00a0? Font-ils quelque chose pour les autres ? Le pape continue \u00e0 dire d\u2019aller dehors, de sortir des sacristies, de nos murs, de ne pas nous appuyer sur nos s\u00e9curit\u00e9s, de ne pas dire \u00ab\u00a0nous avons toujours fait comme \u00e7a, continuons\u00a0\u00bb<\/p>\n<p><img alt=\"\" alt=\"\" loading=\"lazy\" decoding=\"async\" class=\"alignright  wp-image-98393\" style=\"margin: 10px;border: 0px\" src=\"https:\/\/www.focolare.org\/wp-content\/uploads\/2013\/12\/20131226-03MariaVoceGen2-250x153.jpg\" alt=\"\" width=\"250\" height=\"153\" \/><\/p>\n<p>Comment faire? Maria Voce poursuit:\u201d<strong>Risquer quelque chose,\u00a0 avoir le courage de s\u2019ouvrir \u00e0 la nouveaut\u00e9,<\/strong> avoir le courage de prendre quelque initiative audacieuse, m\u00eame extr\u00eame, pour ouvrir de nouveaux chemins, pour construire des relations nouvelles avec l\u2019humanit\u00e9\u00a0\u00bb Pouvoir lui offrir, en nous ouvrant \u00e0 elle, ce qui caract\u00e9rise les disciples de J\u00e9sus\u00a0:\u00a0 la joie, fruit de sa pr\u00e9sence, l\u00e0 o\u00f9 deux ou tois sont r\u00e9unis en son Nom. Le titre de ce congr\u00e8s de jeunes est en effet\u00a0: <strong><em>\u00ab\u00a0C\u2019est \u00e0 ce signe qu\u2019on vous reconna\u00eetra\u2026\u00a0\u00bb<\/em><\/strong>, une phrase de l\u2019Evangile qui continue ainsi\u00a0: <strong><em>\u00ab\u00a0\u2026 si vous avez de l\u2019amour les uns pour les autres\u00a0\u00bb <\/em><\/strong><strong>[Jean, XIII, 35] \u00ab\u00a0<\/strong>Nous voulons donner toutes nos forces pour construire ensemble la fraternit\u00e9 avec tous\u00a0\u00bb \u2013 c\u2019est, \u00e0 chaud, l\u2019impression qui se d\u00e9gage de ce rassemblement de jeunes.<\/p>\n<p><strong>Petite exp\u00e9rience. \u201cUn automobiliste a heurt\u00e9 ma voiture,<\/strong> exactement \u00e0 l\u2019endroit o\u00f9, quelque temps auparavant, elle avait d\u00e9j\u00e0 re\u00e7u un choc\u00a0 \u2013 raconte Francesco \u2013 j\u2019aurais pu ne rien dire et\u00a0 en profiter pour faire marcher son assurance, mais, une fois descendu de ma voiture, j\u2019ai pr\u00e9f\u00e9r\u00e9 tranquilliser le\u00a0 chauffeur, un petit vieux\u00a0 tr\u00e8s g\u00ean\u00e9 d\u2019avoir caus\u00e9 cet incident,\u00a0et je lui ai dit la v\u00e9rit\u00e9. Ai-je \u00e9t\u00e9 stupide en agissant ainsi\u00a0? Peut-\u00eatre, mais en tout cas\u00a0 j\u2019ai \u00e9prouv\u00e9 la joie d\u2019avoir agi avec droiture et mis\u00e9ricorde\u00a0\u00bb<\/p>\n<p><strong>\u00ab\u00a0Maria Voce nous a parl\u00e9<\/strong> <strong>vraiment \u00e0 c\u0153ur ouvert<\/strong> <strong>et j\u2019ai \u00e9t\u00e9 tr\u00e8s touch\u00e9 par sa sinc\u00e9rit\u00e9<\/strong>\u00a0! \u2013 explique Tommaso, italien \u2013 Quand nous sommes repartis \u2013 conclut-il \u2013 \u00a0<em>le sang<\/em> <em>bouillonnait dans nos veines<\/em>, comme Chiara le disait<em>, <\/em>dans une projection vid\u00e9o, aux gen des ann\u00e9es 70. Plus que jamais nous sommes d\u00e9cid\u00e9s \u00e0 transmettre \u00e0 tous le feu de l\u2019Evangile v\u00e9cu, <strong><em>la plus grande r\u00e9volution<\/em><\/strong><em>, <\/em>celle qui ne passe pas\u00a0\u00bb.<\/p>\n","protected":false},"excerpt":{"rendered":"<p>Ils viennent de 37 pays et sont 427 jeunes des focolari \u00e0 participer au congr\u00e8s Gen 2. Une heure de dialogue avec Maria Voce sur des th\u00e9matiques sensibles. Conclusion \u00e9mouvante avec le Timeout, sous forme d\u2019 une pri\u00e8re en arabe.<\/p>\n","protected":false},"author":34,"featured_media":0,"comment_status":"open","ping_status":"open","sticky":false,"template":"","format":"standard","meta":{"give_campaign_id":0,"_seopress_robots_primary_cat":"","_seopress_titles_title":"","_seopress_titles_desc":"","_seopress_robots_index":"","_et_pb_use_builder":"","_et_pb_old_content":"","_et_gb_content_width":"","footnotes":""},"categories":[47],"tags":[],"class_list":["post-353776","post","type-post","status-publish","format-standard","hentry","category-non-classifiee"],"_links":{"self":[{"href":"https:\/\/www.focolare.org\/fr\/wp-json\/wp\/v2\/posts\/353776","targetHints":{"allow":["GET"]}}],"collection":[{"href":"https:\/\/www.focolare.org\/fr\/wp-json\/wp\/v2\/posts"}],"about":[{"href":"https:\/\/www.focolare.org\/fr\/wp-json\/wp\/v2\/types\/post"}],"author":[{"embeddable":true,"href":"https:\/\/www.focolare.org\/fr\/wp-json\/wp\/v2\/users\/34"}],"replies":[{"embeddable":true,"href":"https:\/\/www.focolare.org\/fr\/wp-json\/wp\/v2\/comments?post=353776"}],"version-history":[{"count":0,"href":"https:\/\/www.focolare.org\/fr\/wp-json\/wp\/v2\/posts\/353776\/revisions"}],"wp:attachment":[{"href":"https:\/\/www.focolare.org\/fr\/wp-json\/wp\/v2\/media?parent=353776"}],"wp:term":[{"taxonomy":"category","embeddable":true,"href":"https:\/\/www.focolare.org\/fr\/wp-json\/wp\/v2\/categories?post=353776"},{"taxonomy":"post_tag","embeddable":true,"href":"https:\/\/www.focolare.org\/fr\/wp-json\/wp\/v2\/tags?post=353776"}],"curies":[{"name":"wp","href":"https:\/\/api.w.org\/{rel}","templated":true}]}}