{"id":353778,"date":"2013-12-26T06:00:40","date_gmt":"2013-12-26T05:00:40","guid":{"rendered":"https:\/\/www.focolare.org\/minoti-aram-pionniere-du-dialogue-interreligieux\/"},"modified":"2024-06-06T12:47:39","modified_gmt":"2024-06-06T10:47:39","slug":"minoti-aram-pionniere-du-dialogue-interreligieux","status":"publish","type":"post","link":"https:\/\/www.focolare.org\/fr\/minoti-aram-pionniere-du-dialogue-interreligieux\/","title":{"rendered":"Minoti Aram, pionni\u00e8re du dialogue interreligieux"},"content":{"rendered":"<div id=\"attachment_98480\" style=\"width: 260px\" class=\"wp-caption alignright\"><img alt=\"\" alt=\"\" loading=\"lazy\" decoding=\"async\" aria-describedby=\"caption-attachment-98480\" class=\"size-articolo_1 wp-image-98480\" src=\"https:\/\/www.focolare.org\/wp-content\/uploads\/2013\/12\/MinotiAram-250x263.jpg\" alt=\"\" width=\"250\" height=\"263\" \/><p id=\"caption-attachment-98480\" class=\"wp-caption-text\">Minoti Aram<\/p><\/div>\n<p><strong>\u00a0Le matin de No\u00ebl,<\/strong> une nouvelle inattendue est arriv\u00e9e: Minoti Aram s\u2019est \u00e9teinte \u00e0 Duba\u00ef, alors qu\u2019elle se trouvait dans la famille de son fils Ashok.<\/p>\n<p><strong>\u00a0Depuis des ann\u00e9es, Minoti Aram \u00e9tait en chaise roulante<\/strong> et sa sant\u00e9 avait des hauts et des bas pr\u00e9occupants, mais sa nature rebelle avait toujours surmont\u00e9 toutes les crises. Elle continuait \u00e0 \u00eatre un point de rep\u00e8re pour des milliers de personnes qui vivent dans la zone du Shanti Ashram de Coimbatore (Tamil Nadu, Inde du Sud).<\/p>\n<p>Mari\u00e9e au Dr Aram, \u00e9ducateur, pacifiste et membre du S\u00e9nat indien, Minoti avait men\u00e9 une vie dans l\u2019esprit gandhien et, avec son mari, elle avait donn\u00e9 vie, dans les ann\u00e9es 80, au Shanti Ashram, un laboratoire de paix et d\u2019engagement social.<\/p>\n<p><img alt=\"\" alt=\"\" loading=\"lazy\" decoding=\"async\" class=\"wp-image-98481 alignleft\" style=\"border-style: none;margin: 0px;padding: 0px;text-align: center;background-color: #f3f3f3\" src=\"https:\/\/www.focolare.org\/wp-content\/uploads\/2013\/12\/MinotiAramNataliaDallapiccola-250x166.jpg\" alt=\"\" width=\"250\" height=\"166\" \/><strong>Elle avait \u00e9galement suivi son mari<\/strong> dans son engagement pour le dialogue interreligieux. Dr Aram avait longtemps \u00e9t\u00e9 un des pr\u00e9sidents de la <em>Conf\u00e9rence mondiale des Religions pour la Paix <\/em>(aujourd\u2019hui <em>Religions pour la Paix<\/em>). Pour cette raison, \u00e0 P\u00e9kin, dans les ann\u00e9es 80, elle avait rencontr\u00e9 Natalia Dallapiccola, une des premi\u00e8res focolarines. Elles devinrent, comme Minoti aimait souvent le rappeler, des s\u0153urs. Apr\u00e8s la mort du Dr Aram (fin des ann\u00e9es 90), Minoti a r\u00e9alis\u00e9 son souhait: inviter Chiara Lubich en Inde.<\/p>\n<p><strong><\/p>\n<p>En 2001, elle proposa aux diff\u00e9rentes organisations gandhiennes du Tamil Nadu<\/strong> (Sarvodaya) de conf\u00e9rer le <em>Prix Gandhi, d\u00e9fenseur de la Paix <\/em>\u00e0 Chiara Lubich.<em> <\/em>Sa proposition a \u00e9t\u00e9 \u00e9cout\u00e9e et Chiara a pass\u00e9 trois semaines en Inde. \u00c0 Coimbatore, en plus de recevoir le prix, elle s\u2019adressa \u00e0 un public de six cents personnes, hindoues. Le jour suivant, Chiara, Minoti, sa fille Vinu et quelques-uns de leurs collaborateurs se rencontr\u00e8rent pour comprendre comment continuer le dialogue entrepris.<\/p>\n<p><strong>C\u2019est ainsi que naquirent les <em>Sarvo-Foco Pariwar, <\/em><\/strong>des tables rondes de la famille du Sarvodaya et du Focolare. Minoti Aram a toujours \u00e9t\u00e9 pr\u00e9sente pour animer ce chemin original de dialogue. La famille a grandi, de nombreux collaborateurs de la famille Aram se sont unis \u00e0 ces moments de partage entre le mouvement gandhien et celui des Focolari. Des activit\u00e9s sociales et artistiques ont aussi commenc\u00e9, des \u00e9changes de groupes de jeunes, jusqu\u2019\u00e0 l\u2019organisation du Supercongr\u00e8s gen3 en 2009.<\/p>\n<p><img alt=\"\" alt=\"\" loading=\"lazy\" decoding=\"async\" class=\"wp-image-98483 alignleft\" style=\"border-style: none;margin: 0px;padding: 0px;text-align: center;background-color: #f3f3f3\" src=\"https:\/\/www.focolare.org\/wp-content\/uploads\/2013\/12\/ChiaraLubich_MinotiAram-250x187.jpg\" alt=\"\" width=\"250\" height=\"187\" \/><\/p>\n<p><strong>Avec d\u2019autres Gandhiens,<\/strong> elle participa aux symposiums hindous-chr\u00e9tiens de 2002, 2004 et 2007 \u00e0 Rome. En 2007, Chiara Lubich, malgr\u00e9 sa sant\u00e9 tr\u00e8s fragile, voulut saluer personnellement Minoti.<\/p>\n<p><strong>Deux ans auparavant,<\/strong> \u00e0 l\u2019occasion du XXV<sup>e<\/sup> anniversaire de la fondation du Shanti Ashram, entour\u00e9e par de nombreux invit\u00e9s, elle voulut rappeler l&rsquo;importance du dialogue avec Chiara et Natalia, ses s\u0153urs. Ces derniers mois, elle avait propos\u00e9 avec insistance \u00e0 sa fille, Dr Vinu Aram, un congr\u00e8s au Shanti Ashram pour rappeler la figure de Natalia Dallapiccola, afin que, disait-elle, <em>\u00ab\u00a0les g\u00e9n\u00e9rations futures puissent conna\u00eetre les pionniers du dialogue entre croyants de diff\u00e9rentes religions\u00a0\u00bb.<\/em> Le congr\u00e8s avait \u00e9t\u00e9 fix\u00e9 pour novembre 2014!<\/p>\n<p><em>Roberto Catalano<\/em><\/p>\n","protected":false},"excerpt":{"rendered":"<p>Une vie v\u00e9cue pour les n\u00e9cessiteux et dans le dialogue interreligieux, sp\u00e9cialement entre chr\u00e9tiens et hindous, dans le plus pur esprit gandhien. L\u2019amiti\u00e9 avec Chiara Lubich et le Mouvement des Focolari.<\/p>\n","protected":false},"author":34,"featured_media":0,"comment_status":"open","ping_status":"open","sticky":false,"template":"","format":"standard","meta":{"give_campaign_id":0,"_seopress_robots_primary_cat":"","_seopress_titles_title":"","_seopress_titles_desc":"","_seopress_robots_index":"","_et_pb_use_builder":"","_et_pb_old_content":"","_et_gb_content_width":"","footnotes":""},"categories":[906],"tags":[],"class_list":["post-353778","post","type-post","status-publish","format-standard","hentry","category-focolare-worldwide-2-3"],"_links":{"self":[{"href":"https:\/\/www.focolare.org\/fr\/wp-json\/wp\/v2\/posts\/353778","targetHints":{"allow":["GET"]}}],"collection":[{"href":"https:\/\/www.focolare.org\/fr\/wp-json\/wp\/v2\/posts"}],"about":[{"href":"https:\/\/www.focolare.org\/fr\/wp-json\/wp\/v2\/types\/post"}],"author":[{"embeddable":true,"href":"https:\/\/www.focolare.org\/fr\/wp-json\/wp\/v2\/users\/34"}],"replies":[{"embeddable":true,"href":"https:\/\/www.focolare.org\/fr\/wp-json\/wp\/v2\/comments?post=353778"}],"version-history":[{"count":0,"href":"https:\/\/www.focolare.org\/fr\/wp-json\/wp\/v2\/posts\/353778\/revisions"}],"wp:attachment":[{"href":"https:\/\/www.focolare.org\/fr\/wp-json\/wp\/v2\/media?parent=353778"}],"wp:term":[{"taxonomy":"category","embeddable":true,"href":"https:\/\/www.focolare.org\/fr\/wp-json\/wp\/v2\/categories?post=353778"},{"taxonomy":"post_tag","embeddable":true,"href":"https:\/\/www.focolare.org\/fr\/wp-json\/wp\/v2\/tags?post=353778"}],"curies":[{"name":"wp","href":"https:\/\/api.w.org\/{rel}","templated":true}]}}