{"id":353826,"date":"2014-01-11T04:00:43","date_gmt":"2014-01-11T03:00:43","guid":{"rendered":"https:\/\/www.focolare.org\/congo-au-dela-du-silence\/"},"modified":"2024-06-06T12:47:51","modified_gmt":"2024-06-06T10:47:51","slug":"congo-au-dela-du-silence","status":"publish","type":"post","link":"https:\/\/www.focolare.org\/fr\/congo-au-dela-du-silence\/","title":{"rendered":"Congo, au del\u00e0 du silence"},"content":{"rendered":"<p><img alt=\"\" alt=\"\" loading=\"lazy\" decoding=\"async\" class=\"wp-image-99355 alignleft\" style=\"margin-right: 10px\" src=\"https:\/\/www.focolare.org\/wp-content\/uploads\/2014\/01\/Congo_a.jpg\" alt=\"\" width=\"314\" height=\"159\" \/><\/p>\n<p><strong>\u00ab Il n\u2019est pas facile de vous raconter<\/strong> ce que nous sommes en train de vivre dans ma r\u00e9gion, au <a href=\"https:\/\/www.focolare.org\/fr\/focolare-worldwide\/africa\/repubblica-democratica-del-congo\/\">Congo<\/a>, o\u00f9 un conflit permanent secoue le pays.<\/p>\n<p><strong>J\u2019ai connu l\u2019id\u00e9al de l\u2019unit\u00e9<\/strong> quand j\u2019\u00e9tais encore une <a href=\"https:\/\/www.focolare.org\/fr\/movimento-dei-focolari\/scelte-e-impegno\/gen\/\" target=\"_blank\" rel=\"noopener\">enfant <\/a>et j\u2019\u00e9tais contente de faire partie d\u2019une communaut\u00e9 qui vivaient l\u2019\u00e9vangile. Puis j\u2019ai grandi et lorsque je suis entr\u00e9e \u00e0 l\u2019universit\u00e9, j\u2019ai rencontr\u00e9 un autre monde. J\u2019ai vu des personnes qui arrivaient \u00e0 se tuer pour leurs diff\u00e9rences tribales et ethniques. Corruption, fraude, mensonge et tant d\u2019autres maux sont le tissu de la vie quotidienne.<\/p>\n<p><strong>Quand j\u2019ai eu mon dipl\u00f4me,<\/strong> j\u2019ai trouv\u00e9 un travail dans une organisation non gouvernementale qui \u0153uvre pour les droits des femmes congolaises et en particulier pour celles qui ont subi des abus sexuels. Pour cette raison j\u2019ai fait le tour de beaucoup de r\u00e9gions. Je me suis trouv\u00e9e devant la mis\u00e8re de tant de gens, m\u00eame si le Congo est un beau pays et riche d\u2019importantes ressources naturelles.<\/p>\n<p><strong>Je voyais grandir un climat g\u00e9n\u00e9ral de r\u00e9signation.<\/strong> On entendait dire\u00a0: \u00ab\u00a0Ce pays est d\u00e9j\u00e0 mort, \u00e7a ne vaut pas la peine de s\u2019en occuper\u2026\u00a0\u00bb.<\/p>\n<p>Vers le d\u00e9but 2012, quelque chose de nouveau s\u2019est allum\u00e9 en moi. J\u2019ai lu un texte de <a href=\"https:\/\/www.focolare.org\/fr\/chiara-lubich\/\" target=\"_blank\" rel=\"noopener\">Chiara Lubich<\/a> o\u00f9 elle nous invitait \u00e0 ne pas nous contenter de petites joies, et \u00e0 viser haut. J\u2019ai compris que pour moi cela voulait dire travailler\u00a0 pour que change mon pays.<\/p>\n<p><strong>Nous avons fait na\u00eetre un mouvement de mobilisation<\/strong> de jeunes en ville et nous avons commenc\u00e9 \u00e0 diffuser les informations, nos analyses et r\u00e9flexions sur la situation, nos projets pour r\u00e9agir ensemble. Nous avons d\u00e9nonc\u00e9 le manque de travail pour tant de jeunes, frapp\u00e9s par un haut pourcentage de ch\u00f4mage. Puis \u00e0 l\u2019approche de l\u2019anniversaire de l\u2019ind\u00e9pendance du Congo, nous avons imprim\u00e9 des tracts pour d\u00e9noncer les probl\u00e8mes pr\u00e9sents\u00a0: la crise de la justice, le ch\u00f4mage tr\u00e8s grave et le paradoxe entre les grandes ressources du pays et la pauvret\u00e9 de la plupart des gens.<\/p>\n<p><strong>Dans la soir\u00e9e de la veill\u00e9e,<\/strong> alors que nous \u00e9tions encore en train de distribuer les tracts, quelques policiers m\u2019ont arr\u00eat\u00e9e pendant une semaine. Pour ne pas me laisser seule, tout de suite deux autres jeunes se sont fait arr\u00eater avec moi, et apr\u00e8s quelques jours deux autres. J\u2019ai subi des dizaines d\u2019interrogatoires. Je sentais que la menace de mort ou de condamnation s\u2019approchait de jour en jour. Ce qui m\u2019a soutenue m\u00eame pendant ces moments terribles, c\u2019\u00e9tait l\u2019unit\u00e9 qui me liait aux gen de ma ville et aux jeunes qui me soutenaient par leur solidarit\u00e9.<\/p>\n<p>Une gen s\u2019approchait chaque jour du lieu o\u00f9 je me trouvais et me criait le soutien de tous. A la pens\u00e9e que J\u00e9sus, m\u00eame sur la croix, n\u2019avait pas cess\u00e9 d\u2019\u00eatre Amour, j\u2019ai continu\u00e9 \u00e0 aimer concr\u00e8tement en\u00a0 pr\u00e9parant la nourriture pour les autres d\u00e9tenus et pour les ge\u00f4liers.<\/p>\n<p><strong>Avec beaucoup de jeunes engag\u00e9s<\/strong> dans ce mouvement je partage la Parole de vie. Ce qui est le plus important est que j\u2019ai compris que pour r\u00e9aliser un v\u00e9ritable changement, la force vient de l\u2019amour. Agir avec amour, sans violence, veut dire se mettre du c\u00f4t\u00e9 de Dieu pour agir.<\/p>\n<p><strong>Que voulons-nous\u00a0?<\/strong> Notre but n\u2019est pas de nous opposer \u00e0 un groupe politique, mais de lutter \u00a0pour construire le Congo des citoyens, conscients de leurs droits et de leurs propres devoirs afin de soutenir les nouveaux leaders qui agissent pour la justice. Et quels sont les premiers r\u00e9sultats\u00a0? Aujourd\u2019hui le mouvement existe, il est connu dans notre r\u00e9gion et en d\u2019autres points du pays\u00a0; nous avons conduit plus de 50 actions et obtenu quelques r\u00e9ponses concr\u00e8tes. Nous sommes encore vivants, malgr\u00e9 les menaces et tentative d\u2019instrumentalisation. Dans notre ville nous sommes le premier groupe de jeunes qui, tout en respectant les lois du pays, ose d\u00e9noncer, soutenir, prendre position sur beaucoup de probl\u00e8mes, m\u00eame graves, comme celui des sanctions contre les militaires \u00a0qui sont impliqu\u00e9s dans des crimes et des extorsions. Je suis convaincue qu\u2019une g\u00e9n\u00e9ration toujours plus nombreuse de congolais reprend confiance et s\u2019engage pour le bien du pays\u00a0\u00bb. (MM. \u2013 Congo)<\/p>\n","protected":false},"excerpt":{"rendered":"<p>L\u2019exp\u00e9rience d\u2019une jeune qui, pour r\u00e9agir aux conflits et au d\u00e9couragement de son pays, donne vie \u00e0 un mouvement de jeunes pour le changement social.  Son engageant personnel.<\/p>\n","protected":false},"author":34,"featured_media":0,"comment_status":"open","ping_status":"open","sticky":false,"template":"","format":"standard","meta":{"give_campaign_id":0,"_seopress_robots_primary_cat":"","_seopress_titles_title":"","_seopress_titles_desc":"","_seopress_robots_index":"","_et_pb_use_builder":"","_et_pb_old_content":"","_et_gb_content_width":"","footnotes":""},"categories":[906],"tags":[],"class_list":["post-353826","post","type-post","status-publish","format-standard","hentry","category-focolare-worldwide-2-3"],"_links":{"self":[{"href":"https:\/\/www.focolare.org\/fr\/wp-json\/wp\/v2\/posts\/353826","targetHints":{"allow":["GET"]}}],"collection":[{"href":"https:\/\/www.focolare.org\/fr\/wp-json\/wp\/v2\/posts"}],"about":[{"href":"https:\/\/www.focolare.org\/fr\/wp-json\/wp\/v2\/types\/post"}],"author":[{"embeddable":true,"href":"https:\/\/www.focolare.org\/fr\/wp-json\/wp\/v2\/users\/34"}],"replies":[{"embeddable":true,"href":"https:\/\/www.focolare.org\/fr\/wp-json\/wp\/v2\/comments?post=353826"}],"version-history":[{"count":0,"href":"https:\/\/www.focolare.org\/fr\/wp-json\/wp\/v2\/posts\/353826\/revisions"}],"wp:attachment":[{"href":"https:\/\/www.focolare.org\/fr\/wp-json\/wp\/v2\/media?parent=353826"}],"wp:term":[{"taxonomy":"category","embeddable":true,"href":"https:\/\/www.focolare.org\/fr\/wp-json\/wp\/v2\/categories?post=353826"},{"taxonomy":"post_tag","embeddable":true,"href":"https:\/\/www.focolare.org\/fr\/wp-json\/wp\/v2\/tags?post=353826"}],"curies":[{"name":"wp","href":"https:\/\/api.w.org\/{rel}","templated":true}]}}