{"id":353856,"date":"2014-01-22T04:00:37","date_gmt":"2014-01-22T03:00:37","guid":{"rendered":"https:\/\/www.focolare.org\/chiara-lubich-a-la-fin-pouvoir-dire-jai-toujours-aime\/"},"modified":"2024-06-06T12:47:57","modified_gmt":"2024-06-06T10:47:57","slug":"chiara-lubich-a-la-fin-pouvoir-dire-jai-toujours-aime","status":"publish","type":"post","link":"https:\/\/www.focolare.org\/fr\/chiara-lubich-a-la-fin-pouvoir-dire-jai-toujours-aime\/","title":{"rendered":"Chiara Lubich : \u00e0 la fin, pouvoir dire : \u00ab\u00a0j&rsquo;ai toujours aim\u00e9\u00a0\u00bb"},"content":{"rendered":"<p><img alt=\"\" alt=\"\" loading=\"lazy\" decoding=\"async\" class=\"alignright size-full wp-image-96748\" style=\"margin: 10px;border: 0px\" src=\"https:\/\/www.focolare.org\/wp-content\/uploads\/2013\/11\/ChiaraLubich_01.jpg\" alt=\"\" width=\"256\" height=\"187\" \/><\/p>\n<p>\u00ab J&rsquo;ai 46 ans aujourd&rsquo;hui, le double de celui que j&rsquo;avais quand j&rsquo;ai commenc\u00e9 \u00e0 vivre l&rsquo;Id\u00e9al [la spiritualit\u00e9 qui \u00e9mane du <a href=\"https:\/\/www.focolare.org\/fr\/chiara-lubich\/spiritualita-dellunita\/\">charisme de l&rsquo;unit\u00e9<\/a>, ndr]. Je suis contente car dor\u00e9navant, le temps v\u00e9cu avec l&rsquo;Id\u00e9al sera plus long que celui v\u00e9cu sans l&rsquo;Id\u00e9al.<\/p>\n<p>Mais j&rsquo;ai besoin, \u00f4 mon Dieu, de renvoyer toute ma vie dans ton c\u0153ur. J&rsquo;ai besoin de r\u00e9duire mon \u00eatre en cendres dans les flammes ardentes de l&rsquo;Esprit Saint que nous devons remercier, pendant toute l&rsquo;\u00e9ternit\u00e9 et d\u00e8s maintenant, de nous avoir indiqu\u00e9 cette voie de l&rsquo;amour : aimer, aimer toujours, aimer tout le monde. Pouvoir dire \u00e0 la fin de chaque journ\u00e9e : j&rsquo;ai toujours aim\u00e9 \u00bb. (Journal intime du 22 janvier 1966)<\/p>\n<p>\u00ab Saint Paul, parlant de J\u00e9sus, \u00e9crit : \u00ab Il a donn\u00e9 sa vie pour moi \u00bb (Gal 2, 20).<\/p>\n<p>Avec l\u2019ap\u00f4tre, chacun de nous peut redire \u00ab pour moi \u00bb.<\/p>\n<p>J\u00e9sus, si tu es mort pour moi, pour moi, comment puis-je douter de ta mis\u00e9ricorde ? Et si j\u2019y crois, avec cette foi qui m\u2019apprend qu\u2019un Dieu est mort pour moi, comment ne pas tout risquer en \u00e9change de cet amour ?<\/p>\n<p>Pour moi. Voil\u00e0 l\u2019expression qui efface la solitude des plus seuls, qui divinise l\u2019homme le plus pauvre et le plus m\u00e9pris\u00e9 par le monde, qui remplit le c\u0153ur de chacun, jusqu\u2019\u00e0 la faire d\u00e9border sur celui qui ne conna\u00eet pas ou ne se souvient pas de la bonne Nouvelle.<\/p>\n<p>Pour moi. Pour moi, J\u00e9sus, toutes ces souffrances ? Pour moi, ce cri ?<\/p>\n<p>Oh ! Tu ne laisseras pas se perdre mon \u00e2me ni celle de mes compagnons les hommes, mais tu feras de tout sinon plus\u2026 parce que nous t\u2019avons trop co\u00fbt\u00e9.<\/p>\n<p>Tu m\u2019as introduit dans la vie du ciel comme ma m\u00e8re l\u2019avait fait pour la vie sur cette terre. Tu ne penses qu\u2019\u00e0 moi et \u00e0 chacun de nous, toujours.<\/p>\n<p>Tu me donnes le courage pour ma vie de chr\u00e9tien : Tu m\u2019aides \u00e0 marcher, plus que si j\u2019avais derri\u00e8re moi l\u2019univers tout entier pour me pousser.<\/p>\n<p>Pour moi. Oui, pour moi.<\/p>\n<p>Alors, laisse-moi te dire pour les ann\u00e9es qui me restent : \u00ab pour Toi \u00bb. ( <a href=\"https:\/\/www.focolare.org\/fr\/chiara-lubich\/\">Chiara Lubich<\/a>, L\u2019essenziale di oggi. Scritti spirituali\/2, Citt\u00e0 Nuova, Roma 1997, p. 11). (Traduit de l&rsquo;italien in Aimer, parce que Dieu est amour, Nouvelle Cit\u00e9, Paris 1974, p. 118-119)<\/p>\n","protected":false},"excerpt":{"rendered":"<p>Le jour de l&rsquo;anniversaire de sa naissance, le 22 janvier 1920, unis \u00e0 tant de personnes immens\u00e9ment reconnaissantes pour le don de sa vie, nous faisons m\u00e9moire de Chiara par deux courts passages \u00e9crits par elle.<\/p>\n","protected":false},"author":27,"featured_media":0,"comment_status":"open","ping_status":"open","sticky":false,"template":"","format":"standard","meta":{"give_campaign_id":0,"_seopress_robots_primary_cat":"","_seopress_titles_title":"","_seopress_titles_desc":"","_seopress_robots_index":"","_et_pb_use_builder":"","_et_pb_old_content":"","_et_gb_content_width":"","footnotes":""},"categories":[47],"tags":[],"class_list":["post-353856","post","type-post","status-publish","format-standard","hentry","category-non-classifiee"],"_links":{"self":[{"href":"https:\/\/www.focolare.org\/fr\/wp-json\/wp\/v2\/posts\/353856","targetHints":{"allow":["GET"]}}],"collection":[{"href":"https:\/\/www.focolare.org\/fr\/wp-json\/wp\/v2\/posts"}],"about":[{"href":"https:\/\/www.focolare.org\/fr\/wp-json\/wp\/v2\/types\/post"}],"author":[{"embeddable":true,"href":"https:\/\/www.focolare.org\/fr\/wp-json\/wp\/v2\/users\/27"}],"replies":[{"embeddable":true,"href":"https:\/\/www.focolare.org\/fr\/wp-json\/wp\/v2\/comments?post=353856"}],"version-history":[{"count":0,"href":"https:\/\/www.focolare.org\/fr\/wp-json\/wp\/v2\/posts\/353856\/revisions"}],"wp:attachment":[{"href":"https:\/\/www.focolare.org\/fr\/wp-json\/wp\/v2\/media?parent=353856"}],"wp:term":[{"taxonomy":"category","embeddable":true,"href":"https:\/\/www.focolare.org\/fr\/wp-json\/wp\/v2\/categories?post=353856"},{"taxonomy":"post_tag","embeddable":true,"href":"https:\/\/www.focolare.org\/fr\/wp-json\/wp\/v2\/tags?post=353856"}],"curies":[{"name":"wp","href":"https:\/\/api.w.org\/{rel}","templated":true}]}}