{"id":353928,"date":"2014-02-12T04:00:56","date_gmt":"2014-02-12T03:00:56","guid":{"rendered":"https:\/\/www.focolare.org\/le-gen-verde-en-concert-a-verone\/"},"modified":"2024-06-06T12:48:11","modified_gmt":"2024-06-06T10:48:11","slug":"le-gen-verde-en-concert-a-verone","status":"publish","type":"post","link":"https:\/\/www.focolare.org\/fr\/le-gen-verde-en-concert-a-verone\/","title":{"rendered":"Le GEN VERDE en concert \u00e0 V\u00e9rone"},"content":{"rendered":"<p><strong>\u201cEn arrivant \u00e0 Isola della Scala<\/strong> (pr\u00e8s de V\u00e9rone), le 29 janvier 2014 \u2013 nous \u00e9crit le Gen Verde \u2013 nous avons d\u00e9couvert que START NOW n\u2019\u00e9tait plus seulement notre projet, mais aussi celui des 100 jeunes avec lesquels nous avons travaill\u00e9 en workshop <em>(ateliers)<\/em>, ainsi que des nombreux adultes qui nous avaient accompagn\u00e9s et aid\u00e9s dans les coulisses tout au long de ces journ\u00e9es. Ils r\u00e9p\u00e9taient avec force et tous en ch\u0153ur\u00a0: \u00ab\u00a0START NOW, WOW\u00a0!\u00a0\u00bb  <strong><img alt=\"\" alt=\"\" loading=\"lazy\" decoding=\"async\" class=\"alignright size-full wp-image-100834\" style=\"border: 0px none;margin: 5px\" src=\"https:\/\/www.focolare.org\/wp-content\/uploads\/2014\/02\/gen-verde-3.jpg\" alt=\"\" width=\"286\" height=\"199\" \/><\/strong>  <strong>\u00ab\u00a0Lorsque nous avons commenc\u00e9<\/strong> \u00e0 travailler la danse, le chant, la percussion et le th\u00e9\u00e2tre, ce fut comme si nous nous connaissions depuis toujours\u00a0: chacun \u00e9tait pr\u00eat \u00e0 mettre ses talents \u00e0 la disposition de tous. Une jeune disait sa surprise\u00a0:\u00a0\u00ab\u00a0Ici, sur sc\u00e8ne, je me sens autre, diff\u00e9rente, libre de m\u2019exprimer\u00a0\u00bb Un de ses camarades lui a r\u00e9pondu\u00a0: \u00ab\u00a0Mais tu peux \u00eatre ainsi tous les jours\u00a0!\u00a0\u00bb<em><\/em>  <strong>\u00a0Le samedi 1er f\u00e9vrier<\/strong>, les jeunes et le Gen Verde\u00a0 sont mont\u00e9s \u00a0ensemble sur sc\u00e8ne\u00a0dans le cadre du traditionnel <em>\u00ab\u00a0rassemblement d\u2019hiver \u2013 F\u00eate de la vie\u00a0\u00bb<\/em>, organis\u00e9 par la pastorale des jeunes de V\u00e9rone. \u00ab\u00a0Cette ann\u00e9e nous \u00e9tions coude \u00e0 coude avec le dioc\u00e8se, tous en premi\u00e8re ligne, pour t\u00e9moigner que l\u2019esp\u00e9rance est possible. Au cours de la messe qui a pr\u00e9c\u00e9d\u00e9 le spectacle, \u00a0l\u2019\u00e9v\u00eaque, dans son hom\u00e9lie, a vivement encourag\u00e9 les jeunes qui \u00e9taient pr\u00e9sents\u00a0: \u00ab\u00a0Avec vous <em>\u2013<\/em> s\u2019est-il exclam\u00e9 <em>\u2013<\/em>\u00a0 l\u2019avenir est assur\u00e9!\u00a0\u00bb  <strong>\u201cL\u2019expression artistique, une fois de plus,<\/strong> a favoris\u00e9 le\u00a0 dialogue et mobilis\u00e9 les personnes. En chantant ensemble <em>\u00ab\u00a0\u2026la paix, elle \u00a0d\u00e9pend de toi\u00a0\u00bb<\/em>, nous avons t\u00e9moign\u00e9 de notre engagement et entra\u00een\u00e9 avec nous les 3500 spectateurs qui reprenaient nos chants \u00a0durant le concert. C\u2019est une vague de fraternit\u00e9 qui a d\u00e9ferl\u00e9 depuis V\u00e9rone&#8230; et qui sait jusqu\u2019o\u00f9 elle ira!\u201d  <strong><img alt=\"\" alt=\"\" loading=\"lazy\" decoding=\"async\" class=\"alignleft size-full wp-image-100835\" style=\"margin-top: 5px;margin-bottom: 5px;margin-right: 10px\" src=\"https:\/\/www.focolare.org\/wp-content\/uploads\/2014\/02\/gen-verde-2.jpg\" alt=\"\" width=\"279\" height=\"187\" \/><\/strong>  Le groupe international Gen Verde est actuellement compos\u00e9 de 21 jeunes femmes provenant de 13 pays. Il a r\u00e9alis\u00e9 plus de 1400 spectacles au cours de ses diff\u00e9rentes tourn\u00e9es en Europe, Asie,\u00a0 Am\u00e9rique du Nord et du Sud.  Le style de leur musique, tr\u00e8s original, s\u2019enrichit chaque fois qu\u2019arrive un nouveau membre. La diversit\u00e9 de leurs apports respectifs produit une riche convergence culturelle et ethnique, tout en\u00a0 offrant un vaste registre de genres traditionnels et contemporains.  <strong>A ce\u00a0 jour le GEN VERDE<\/strong> a publi\u00e9 70 albums. Le groupe a \u00e9volu\u00e9 au cours des ann\u00e9es, mais les valeurs qu\u2019il entend promouvoir restent les m\u00eames: contribuer \u00e0 faire na\u00eetre une culture pour tous, fond\u00e9e sur la paix, le dialogue et l\u2019unit\u00e9.  <strong>L\u2019international performing arts group Gen Verde<\/strong>, est bas\u00e9 dans la cit\u00e9 pilote internationale de <strong>Loppiano<\/strong> (Florence, Italie) o\u00f9 des personnes en provenance des cinq continents partagent une exp\u00e9rience enrichissante et f\u00e9conde\u00a0: construire l\u2019unit\u00e9 dans la diversit\u00e9.<\/p>\n","protected":false},"excerpt":{"rendered":"<p>\u00ab START NOW, WOW! \u00bb c\u2019est ce  refrain que le public scandait au d\u00e9but du concert donn\u00e9 le 1er f\u00e9vrier au \u00ab Palariso di Isola della Scala \u00bb : des heures de joie explosive qui ont couronn\u00e9 les journ\u00e9es partag\u00e9es avec les jeunes de V\u00e9rone.<\/p>\n","protected":false},"author":34,"featured_media":0,"comment_status":"open","ping_status":"open","sticky":false,"template":"","format":"standard","meta":{"give_campaign_id":0,"_seopress_robots_primary_cat":"","_seopress_titles_title":"","_seopress_titles_desc":"","_seopress_robots_index":"","_et_pb_use_builder":"","_et_pb_old_content":"","_et_gb_content_width":"","footnotes":""},"categories":[906],"tags":[],"class_list":["post-353928","post","type-post","status-publish","format-standard","hentry","category-focolare-worldwide-2-3"],"_links":{"self":[{"href":"https:\/\/www.focolare.org\/fr\/wp-json\/wp\/v2\/posts\/353928","targetHints":{"allow":["GET"]}}],"collection":[{"href":"https:\/\/www.focolare.org\/fr\/wp-json\/wp\/v2\/posts"}],"about":[{"href":"https:\/\/www.focolare.org\/fr\/wp-json\/wp\/v2\/types\/post"}],"author":[{"embeddable":true,"href":"https:\/\/www.focolare.org\/fr\/wp-json\/wp\/v2\/users\/34"}],"replies":[{"embeddable":true,"href":"https:\/\/www.focolare.org\/fr\/wp-json\/wp\/v2\/comments?post=353928"}],"version-history":[{"count":0,"href":"https:\/\/www.focolare.org\/fr\/wp-json\/wp\/v2\/posts\/353928\/revisions"}],"wp:attachment":[{"href":"https:\/\/www.focolare.org\/fr\/wp-json\/wp\/v2\/media?parent=353928"}],"wp:term":[{"taxonomy":"category","embeddable":true,"href":"https:\/\/www.focolare.org\/fr\/wp-json\/wp\/v2\/categories?post=353928"},{"taxonomy":"post_tag","embeddable":true,"href":"https:\/\/www.focolare.org\/fr\/wp-json\/wp\/v2\/tags?post=353928"}],"curies":[{"name":"wp","href":"https:\/\/api.w.org\/{rel}","templated":true}]}}