{"id":354008,"date":"2014-03-11T06:10:22","date_gmt":"2014-03-11T05:10:22","guid":{"rendered":"https:\/\/www.focolare.org\/portugal-des-jeunes-agissent-contre-lexclusion-sociale\/"},"modified":"2024-06-06T12:48:27","modified_gmt":"2024-06-06T10:48:27","slug":"portugal-des-jeunes-agissent-contre-lexclusion-sociale","status":"publish","type":"post","link":"https:\/\/www.focolare.org\/fr\/portugal-des-jeunes-agissent-contre-lexclusion-sociale\/","title":{"rendered":"Portugal: des jeunes agissent contre l\u2019exclusion sociale"},"content":{"rendered":"<p><strong><img alt=\"\" alt=\"\" loading=\"lazy\" decoding=\"async\" class=\"wp-image-102316 alignleft\" style=\"margin-right: 10px;margin-top: 10px;margin-bottom: 10px\" src=\"https:\/\/www.focolare.org\/wp-content\/uploads\/2014\/03\/Portogallo-20.jpg\" alt=\"\" width=\"316\" height=\"188\" \/><\/strong><span style=\"font-size: 13px\"><strong>Avec les personnes \u00e2g\u00e9es d\u2019une maison de retrait<\/strong>e. Avec les d\u00e9tenus de la prison. Dans un Centre d\u2019assistance sociale. Avec de jeunes handicap\u00e9s de leur \u00e2ge dans un <em>Centre d\u2019\u00e9ducation sp\u00e9cialis\u00e9<\/em>. Autant de lieux que les jeunes ne fr\u00e9quentent pas habituellement. Mais le 8 f\u00e9vrier dernier, \u00e0 <strong>Caldas da Rainha<\/strong>, dans l\u2019ouest du <a href=\"https:\/\/www.focolare.org\/fr\/focolare-worldwide\/europa\/portogallo\/\">Portugal<\/a>, une centaine de <a href=\"https:\/\/www.focolare.org\/fr\/movimento-dei-focolari\/un-popolo\/giovani-per-un-mondo-unito\/\">Jeunes Pour un Monde Uni <\/a>(JPMU) ont voulu donner un signal fort \u00e0 la ville pour \u00e9branler leur propre indiff\u00e9rence et celle de leurs concitoyens.<\/span><\/p>\n<p>Ils ont d\u00e9but\u00e9 la journ\u00e9e par un meeting \u00e0 l\u2019auditorium du Centre social Parish, pour se mettre d\u2019accord sur l\u2019objectif: <strong>\u00eatre des t\u00e9moins de l\u2019<\/strong><a href=\"https:\/\/www.focolare.org\/fr\/chiara-lubich\/spiritualita-dellunita\/amore-al-fratello\/\">amour fraternel<\/a>, convaincus que <em>\u201cvivre pour un monde uni\u201d<\/em> peut \u00eatre une r\u00e9ponse aux d\u00e9fis d\u2019aujourd\u2019hui, encourag\u00e9s aussi par les exp\u00e9riences des jeunes d\u2019autres pays. Ils se sont ensuite r\u00e9partis en groupes puis\u00a0 rendus dans\u00a0 divers points de la ville, aupr\u00e8s de ceux qui ont le plus besoin d\u2019aide ou bien l\u00e0 o\u00f9 ils pouvaient laisser un signe visible aux yeux des habitants.<\/p>\n<p><strong>Repeindre les murs de la Maison<\/strong> des jeunes \u00e0 la demande de la commune. Offrir un caf\u00e9, un sourire, distribuer des petits messages \u00e9crits, saluer les passants surpris et interloqu\u00e9s. Cette proposition originale a conquis les habitants de Caldas da Reinha, touch\u00e9s par l\u2019enthousiasme et la d\u00e9termination des jeunes.<\/p>\n<p><img alt=\"\" alt=\"\" loading=\"lazy\" decoding=\"async\" class=\"alignright  wp-image-102300\" style=\"margin-left: 10px;margin-right: 10px;border: 0px none\" src=\"https:\/\/www.focolare.org\/wp-content\/uploads\/2014\/03\/Portogallo-2-421x200.jpg\" alt=\"\" width=\"325\" height=\"154\" \/><strong>\u201cSi chacun faisait quelque chose l\u00e0 o\u00f9 il se trouve,<\/strong> tout pourrait changer\u201d, a\u00a0 d\u00e9clar\u00e9 l\u2019adjoint au maire, Hugo Oliveira.<\/p>\n<p>\u201cJ\u2019\u00e9tais all\u00e9 l\u00e0 pour donner et c\u2019est moi qui ai re\u00e7u\u201d, raconte un jeune apr\u00e8s avoir \u00e9t\u00e9 visit\u00e9 les prisonniers. Parmi ceux-ci, quelques uns ont exprim\u00e9 le d\u00e9sir d\u2019\u00eatre, eux aussi, constructeurs d\u2019un monde uni\u00a0: \u00ab\u00a0Je chercherai \u00e0 pardonner\u2026\u00a0\u00bb, \u00ab\u00a0J\u2019aurai plus de contacts avec ma famille\u00a0\u00bb ont-ils \u00e9crit apr\u00e8s cette exp\u00e9rience.<\/p>\n<p>Une journ\u00e9e intense, qui n\u2019est pas pass\u00e9e inaper\u00e7ue et qui a touch\u00e9 de nombreux secteurs d\u2019activit\u00e9. Mais ce n\u2019est qu\u2019un d\u00e9but, ces jeunes disent\u00a0:\u00a0\u00ab\u00a0Nous voulons avancer ensemble sur le chemin de la fraternit\u00e9 universelle, l\u00e0 o\u00f9 nous habitons, en commen\u00e7ant par\u00a0 les petites choses, dans nos familles, dans les relations avec nos amis, \u00e0 l\u2019\u00e9cole, au travail\u00a0\u00bb<\/p>\n<p><strong>Pour ensuite relever de plus grands d\u00e9fis.<\/strong><\/p>\n","protected":false},"excerpt":{"rendered":"<p>A Caldas da Rainha une centaine de jeunes ont d\u00e9clench\u00e9  une journ\u00e9e d\u2019actions solidaires intitul\u00e9e \u00ab R\u00e9volutionne ta ville par l\u2019amour \u00bb et suscit\u00e9 de nombreuses initiatives en faveur des plus d\u00e9laiss\u00e9s.<\/p>\n","protected":false},"author":34,"featured_media":0,"comment_status":"open","ping_status":"open","sticky":false,"template":"","format":"standard","meta":{"give_campaign_id":0,"_seopress_robots_primary_cat":"","_seopress_titles_title":"","_seopress_titles_desc":"","_seopress_robots_index":"","_et_pb_use_builder":"","_et_pb_old_content":"","_et_gb_content_width":"","footnotes":""},"categories":[906],"tags":[],"class_list":["post-354008","post","type-post","status-publish","format-standard","hentry","category-focolare-worldwide-2-3"],"_links":{"self":[{"href":"https:\/\/www.focolare.org\/fr\/wp-json\/wp\/v2\/posts\/354008","targetHints":{"allow":["GET"]}}],"collection":[{"href":"https:\/\/www.focolare.org\/fr\/wp-json\/wp\/v2\/posts"}],"about":[{"href":"https:\/\/www.focolare.org\/fr\/wp-json\/wp\/v2\/types\/post"}],"author":[{"embeddable":true,"href":"https:\/\/www.focolare.org\/fr\/wp-json\/wp\/v2\/users\/34"}],"replies":[{"embeddable":true,"href":"https:\/\/www.focolare.org\/fr\/wp-json\/wp\/v2\/comments?post=354008"}],"version-history":[{"count":0,"href":"https:\/\/www.focolare.org\/fr\/wp-json\/wp\/v2\/posts\/354008\/revisions"}],"wp:attachment":[{"href":"https:\/\/www.focolare.org\/fr\/wp-json\/wp\/v2\/media?parent=354008"}],"wp:term":[{"taxonomy":"category","embeddable":true,"href":"https:\/\/www.focolare.org\/fr\/wp-json\/wp\/v2\/categories?post=354008"},{"taxonomy":"post_tag","embeddable":true,"href":"https:\/\/www.focolare.org\/fr\/wp-json\/wp\/v2\/tags?post=354008"}],"curies":[{"name":"wp","href":"https:\/\/api.w.org\/{rel}","templated":true}]}}