{"id":354022,"date":"2014-03-14T04:36:45","date_gmt":"2014-03-14T03:36:45","guid":{"rendered":"https:\/\/www.focolare.org\/chiara-lubich\/"},"modified":"2024-06-06T12:48:28","modified_gmt":"2024-06-06T10:48:28","slug":"chiara-lubich","status":"publish","type":"post","link":"https:\/\/www.focolare.org\/fr\/chiara-lubich\/","title":{"rendered":"Chiara Lubich"},"content":{"rendered":"<p><p><strong><img alt=\"\" alt=\"\" loading=\"lazy\" decoding=\"async\" class=\"alignleft  wp-image-96747\" style=\"margin-right: 10px;margin-top: 10px;margin-bottom: 10px\" src=\"https:\/\/www.focolare.org\/wp-content\/uploads\/2013\/11\/ChiaraLubich_01b.jpg\" alt=\"\" width=\"170\" height=\"251\" \/>Le 7 d\u00e9cembre 1943<\/strong>, la jeune institutrice <strong>Silvia Lubich<\/strong> n\u2019aurait jamais imagin\u00e9 que, quelques d\u00e9cennies plus tard, autant de personnalit\u00e9s du monde civil et religieux (dont quatre papes) auraient prononc\u00e9 des paroles si importantes sur sa personne et sur sa famille spirituelle.<\/p>\n<p>Elle n\u2019avait aucune id\u00e9e de ce qu\u2019elle allait vivre, durant les 88\u00a0ann\u00e9es de sa vie. Aucune id\u00e9e des millions de personnes qui la suivraient.<\/p>\n<p><strong>Elle n\u2019imaginait pas<\/strong><strong> <\/strong><strong>qu\u2019avec son ideal<\/strong><strong> elle toucherait<\/strong> 182\u00a0pays. Pouvait-elle se douter qu\u2019elle inaugurerait une nouvelle p\u00e9riode de communion dans l\u2019\u00c9glise, et qu\u2019elle ouvrirait des chemins de <a href=\"https:\/\/www.focolare.org\/fr\/in-dialogo\/chiese-cristiane\/\">dialogue \u0153cum\u00e9nique<\/a> encore jamais explor\u00e9s\u00a0? Elle pouvait encore moins imaginer qu\u2019elle accueillerait dans sa famille spirituelle des <a href=\"https:\/\/www.focolare.org\/fr\/in-dialogo\/grandi-religioni\/islam\/\">fid\u00e8les d\u2019autres religions<\/a> et des <a href=\"https:\/\/www.focolare.org\/fr\/in-dialogo\/persone-di-convinzioni-non-religiose\/\">personnes sans option religieuse<\/a>. Elle ne savait m\u00eame pas qu\u2019elle fonderait un mouvement.<\/p>\n<p><strong>Ce 7 d\u00e9cembre 1943,<\/strong> Silvia \u00a0n\u2019avait en elle que les sentiments d\u2019une belle jeune fille, amoureuse de son Dieu avec qui elle allait sceller le pacte de ses noces, symbolis\u00e9 par trois \u0153illets rouges. <strong>Cela lui suffisait<\/strong><strong>.<\/strong> Pouvait-elle imaginer la foule de gens de tous \u00e2ges, de tout milieu social et de tous les points de la terre qui l\u2019escorteraient au cours de ses voyages en l\u2019appelant tout simplement \u00ab\u00a0Chiara\u00a0\u00bb\u00a0(Nom qu\u2019elle a pris de la sainte d\u2019Assise qu\u2019elle admirait)? Dans sa petite ville de Trente, pouvait-elle penser que ses intuitions mystiques ouvriraient une culture de l\u2019unit\u00e9, faite pour notre soci\u00e9t\u00e9 multiethnique, multiculturelle et multireligieuse\u00a0?<\/p>\n<p><strong>Chiara Lubich a devanc\u00e9 son \u00e9poque.<\/strong> Dans l\u2019\u00c9glise, elle \u2013 femme et la\u00efque \u2013 a propos\u00e9 des th\u00e8mes et des ouvertures reprises plus tard par Vatican\u00a0II. Dans cette soci\u00e9t\u00e9 mondialis\u00e9e, elle a su indiquer la voie de la fraternit\u00e9 universelle, quand personne ne parlait de rapprochement entre les civilisations. Elle a respect\u00e9 la vie et a cherch\u00e9 le sens de la souffrance. Elle a trac\u00e9 une voie de saintet\u00e9, religieuse et civile, que tout le monde peut pratiquer et qui n\u2019est pas r\u00e9serv\u00e9e \u00e0 une \u00e9lite.<\/p>\n<p><strong>En 1977, lors du Congr\u00e8s eucharistique de Pescara, elle dit ceci<\/strong>\u00a0: \u00ab\u00a0La plume ne sait pas ce qu\u2019elle devra \u00e9crire, le pinceau ignore ce qu\u2019il devra peindre et le ciseau ne sait pas ce qu\u2019il devra sculpter. Quand Dieu prend en main un \u00eatre humain pour faire na\u00eetre une \u0153uvre dans l\u2019\u00c9glise, la personne qu\u2019il a choisie ne sait pas ce qu\u2019elle devra faire. Elle est un instrument. Et je pense que cela peut \u00eatre mon cas\u00a0\u00bb.<\/p>\n<p><strong>Elle dit encore :<\/strong> \u00ab Une f\u00e9condit\u00e9 et une expansion sans aucune proportion avec les forces ou le g\u00e9nie humain ; des croix, des croix, mais aussi des fruits, des fruits, des fruits \u00e0 profusion. Et les instruments de Dieu ont, en g\u00e9n\u00e9ral, une caract\u00e9ristique\u00a0: leur petitesse, leur faiblesse\u2026 Tandis que l\u2019instrument travaille entre les mains de Dieu, celui-ci le forme par mille et mille moyens douloureux et joyeux. Il le rend ainsi toujours plus apte au travail qu\u2019il doit accomplir. Jusqu\u2019\u00e0 ce que, ayant acquis une profonde connaissance de lui-m\u00eame et une certaine intuition de Dieu, il puisse dire, en toute connaissance de cause\u00a0: je ne suis rien, Dieu est tout. Quand l\u2019<a href=\"https:\/\/www.focolare.org\/fr\/chiara-lubich\/chi-e-chiara\/gli-inizi\/\">aventure a commenc\u00e9, \u00e0 Trente<\/a>, je n\u2019avais pas de programme, je ne savais rien. L\u2019id\u00e9e du Mouvement \u00e9tait en Dieu, le projet \u00e9tait au ciel\u00a0\u00bb.<\/p>\n<p>Chiara Lubich est \u00e0 l\u2019origine du <a href=\"https:\/\/www.focolare.org\/fr\/movimento-dei-focolari\/storia\/\">Mouvement des Focolari<\/a>. Elle na\u00eet le 22\u00a0janvier\u00a01920 \u00e0 Trente, et meurt le 14 mars\u00a02008 \u00e0 Rocca di Papa, entour\u00e9e de ses proches.<\/p>\n<p>A<strong>u cours des jours <\/strong>qui suivent des milliers de personnes, \u00a0allant des simples ouvriers aux personnalit\u00e9s politiques et religieuses, se dirigent vers Rocca di Papa pour lui rendre hommage.<\/p>\n<p><strong>Ses fun\u00e9railles<\/strong><strong>\u00a0<\/strong> ont lieu dans la basilique romaine de St Paul hors les murs, trop petite pour contenir la foule venue en grand nombre (40000 personnes). \u00a0<strong>Benoit XVI,<\/strong> dans son <a href=\"https:\/\/www.focolare.org\/fr\/news\/2008\/03\/19\/quotdonna-di-intrepida-fede-mite-messaggera-di-speranza-e-di-pacequot\/\">message <\/a>\u00a0d\u00e9finit Chiara comme \u00ab une femme de foi intr\u00e9pide, humble messag\u00e8re d\u2019esp\u00e9rance et de paix\u00a0\u00bb. Le Secr\u00e9taire d\u2019Etat d\u2019alors, <strong>Tarcisio Bertone<\/strong> \u00a0pr\u00e9side l\u2019Eucharistie conc\u00e9l\u00e9br\u00e9e par 9 cardinaux, \u00a040 \u00e9v\u00eaques et des centaines de pr\u00eatres.<\/p>\n<p>Et elles ne cessent de r\u00e9sonner \u00a0ces paroles prononc\u00e9es un jour par Chiara: \u00ab\u00a0Lorsque, \u00e0 la fin des temps, l\u2019\u0152uvre de Marie, en rangs serr\u00e9s, attendra de para\u00eetre devant J\u00e9sus abandonn\u00e9 et ressuscit\u00e9,\u00a0 je voudrais qu\u2019elle puisse lui dire\u00a0: \u201cUn jour, \u00f4 mon Dieu, je viendrai vers Toi. [\u2026] avec mon r\u00eave le plus fou\u00a0: t\u2019apporter le monde dans mes bras\u00a0\u201d. P\u00e8re, que tous soient un\u00a0!\u00a0\u00bb<\/p><\/p>\n","protected":false},"excerpt":{"rendered":"<p>\u201cP\u00e8re, que tous soient Un \u201d (22 janvier 1920 &#8211; 14 mars 2008)<\/p>\n","protected":false},"author":34,"featured_media":0,"comment_status":"open","ping_status":"open","sticky":false,"template":"","format":"standard","meta":{"give_campaign_id":0,"_seopress_robots_primary_cat":"","_seopress_titles_title":"","_seopress_titles_desc":"","_seopress_robots_index":"","_et_pb_use_builder":"","_et_pb_old_content":"","_et_gb_content_width":"","footnotes":""},"categories":[47],"tags":[],"class_list":["post-354022","post","type-post","status-publish","format-standard","hentry","category-non-classifiee"],"_links":{"self":[{"href":"https:\/\/www.focolare.org\/fr\/wp-json\/wp\/v2\/posts\/354022","targetHints":{"allow":["GET"]}}],"collection":[{"href":"https:\/\/www.focolare.org\/fr\/wp-json\/wp\/v2\/posts"}],"about":[{"href":"https:\/\/www.focolare.org\/fr\/wp-json\/wp\/v2\/types\/post"}],"author":[{"embeddable":true,"href":"https:\/\/www.focolare.org\/fr\/wp-json\/wp\/v2\/users\/34"}],"replies":[{"embeddable":true,"href":"https:\/\/www.focolare.org\/fr\/wp-json\/wp\/v2\/comments?post=354022"}],"version-history":[{"count":0,"href":"https:\/\/www.focolare.org\/fr\/wp-json\/wp\/v2\/posts\/354022\/revisions"}],"wp:attachment":[{"href":"https:\/\/www.focolare.org\/fr\/wp-json\/wp\/v2\/media?parent=354022"}],"wp:term":[{"taxonomy":"category","embeddable":true,"href":"https:\/\/www.focolare.org\/fr\/wp-json\/wp\/v2\/categories?post=354022"},{"taxonomy":"post_tag","embeddable":true,"href":"https:\/\/www.focolare.org\/fr\/wp-json\/wp\/v2\/tags?post=354022"}],"curies":[{"name":"wp","href":"https:\/\/api.w.org\/{rel}","templated":true}]}}