{"id":354108,"date":"2014-04-13T03:34:06","date_gmt":"2014-04-13T01:34:06","guid":{"rendered":"https:\/\/www.focolare.org\/je-suis-rwandais\/"},"modified":"2024-06-06T12:48:46","modified_gmt":"2024-06-06T10:48:46","slug":"je-suis-rwandais","status":"publish","type":"post","link":"https:\/\/www.focolare.org\/fr\/je-suis-rwandais\/","title":{"rendered":"Je suis Rwandais"},"content":{"rendered":"<p><img alt=\"\" alt=\"\" loading=\"lazy\" decoding=\"async\" class=\"alignright  wp-image-104004\" style=\"margin-left: 10px;margin-right: 10px;border: 0px none\" src=\"https:\/\/www.focolare.org\/wp-content\/uploads\/2014\/04\/201404Pina1.jpg\" alt=\"\" width=\"247\" height=\"402\" \/><strong>\u00ab\u00a0Durant ces 20 ans,<\/strong> mon peuple a toujours c\u00e9l\u00e9br\u00e9 le deuil pour les victimes de guerre pendant la semaine de P\u00e2ques, mais personnellement, chacun dans sa propre famille, chacun dans son cimeti\u00e8re priv\u00e9.\u00a0\u00bb <strong>C\u2019est le r\u00e9cit de <strong>Pina, <\/strong><\/strong><a href=\"https:\/\/www.focolare.org\/fr\/focolare-worldwide\/africa\/ruanda\/\">rwandaise<\/a><strong>.<\/strong> Il y a 20 ans, 800\u00a0000 personnes sont mortes en quelques mois dans son pays, \u00e0 cause d\u2019une absurde guerre civile.<strong> <\/strong><strong>C\u2019\u00e9tait le 6 avril <strong>1994, <\/strong><\/strong><strong>lorsqu\u2019un <\/strong>missile toucha l\u2019avion du pr\u00e9sident Juv\u00e9nal Habyarimana. Personne n\u2019en r\u00e9chappa, et de l\u00e0 commen\u00e7a la guerre pr\u00e9par\u00e9e depuis longtemps.<\/p>\n<p>Au moment du d\u00e9but des massacres, Pina<strong> se trouvait aux Philippines<\/strong>, o\u00f9 l\u2019avait amen\u00e9e sa vocation de suivre Dieu au service des fr\u00e8res, anim\u00e9e par la <a href=\"https:\/\/www.focolare.org\/fr\/chiara-lubich\/spiritualita-dellunita\/\">spiritualit\u00e9 de l\u2019unit\u00e9<\/a> qu\u2019elle avait connu adolescente. \u00ab\u00a0<strong>Ma famille aussi a \u00e9t\u00e9 touch\u00e9e <\/strong>\u2013 raconte-t-elle. Trente-neuf de mes proches ont \u00e9t\u00e9 tu\u00e9s. J\u2019\u00e9tais en proie au d\u00e9couragement. Petit \u00e0 petit, je me suis retrouv\u00e9e vide de ces sentiments qui jusqu\u2019alors avaient rempli mon \u00e2me, il me semblait que plus rien n\u2019avait de sens.\u00a0\u00bb<\/p>\n<p><strong>Elle d\u00e9m\u00e9nage au Kenya pour pouvoir suivre la situation de plus pr\u00e8s<\/strong>, en travaillant \u00e0 la Croix-Rouge, et ainsi assister les bless\u00e9s et les r\u00e9fugi\u00e9s du Rwanda: \u00ab\u00a0mais je ne r\u00e9ussissais pas \u2013 explique-t-elle \u2013 \u00e0 regarder en face les personnes de l\u2019autre ethnie qui avaient particip\u00e9 aux massacres\u00a0\u00bb. La douleur est trop vive. Un jour, elle rencontre dans un corridor des personnes de l\u2019autre ethnie et elle ne peut \u00e9viter leur regard. La haine grandit. \u00ab\u00a0J\u2019ai pens\u00e9 \u00e0 la vengeance, je me suis senti confuse, j\u2019\u00e9tais \u00e0 un carrefour: ou je me fermais dans ma douleur avec la col\u00e8re \u00e0 l&rsquo;int\u00e9rieur, ou je demandais de l&rsquo;aide \u00e0 Dieu.\u00a0\u00bb<\/p>\n<p><strong>Quelques jours apr\u00e8s,<\/strong> au bureau, elle reconna\u00eet des personnes de l\u2019ethnie ennemie qui habitaient justement dans sa ville. \u00ab\u00a0Elles me reconnaissent et sont g\u00ean\u00e9es, elles commencent \u00e0 rebrousser chemin. Elles aussi me consid\u00e8rent comme une ennemie.\u00a0\u00bb La force du pardon est l\u2019unique arme de la r\u00e9conciliation sociale. Pina le sait. Elle l\u2019a appris de l\u2019\u00c9vangile. \u00ab\u00a0Avec force \u2013 raconte-t-elle \u2013 je vais \u00e0 leur rencontre en parlant notre langue, sans rien dire de ma famille, mais en m\u2019int\u00e9ressant \u00e0 leurs besoins.\u00a0\u00bb \u00c0 ce moment-l\u00e0, quelque chose se d\u00e9noue au fond d\u2019elle et, pour Pina, un rayon de lumi\u00e8re revient.<\/p>\n<p><img alt=\"\" alt=\"\" loading=\"lazy\" decoding=\"async\" class=\"alignleft  wp-image-104005\" style=\"margin-right: 10px;margin-top: 10px;margin-bottom: 10px\" src=\"https:\/\/www.focolare.org\/wp-content\/uploads\/2014\/04\/201404Pina2.jpg\" alt=\"\" width=\"285\" height=\"402\" \/><strong>Un an apr\u00e8s, elle retourne au Rwanda.<\/strong> Elle reconna\u00eet difficilement sa s\u0153ur, l\u2019unique survivante du massacre. Elle apprend que l\u2019homme qui avait trahit sa famille \u2013 une personne tr\u00e8s proche \u2013 \u00e9tait en prison. \u00ab\u00a0M\u00eame dans la douleur, et contre les personnes qui invoquaient la peine de mort, il \u00e9tait clair que je ne pouvais pas faire un pas en arri\u00e8re sur la route ouverte vers le pardon.\u00a0\u00bb Elle emm\u00e8ne aussi sa s\u0153ur, qui avait assist\u00e9 au massacre. \u00ab\u00a0Nous sommes donc all\u00e9es ensemble \u00e0 la prison pour voir cette personne, lui apportant des cigarettes, du savon, ce que nous pouvions et, surtout, pour lui dire que nous lui avions pardonn\u00e9. Et nous l\u2019avons fait.\u00a0\u00bb Domitilla, sa s\u0153ur, adoptera ensuite 11 enfants de toutes les ethnies, sans distinction entre les enfants naturels et ceux adopt\u00e9s, au point de recevoir une reconnaissance nationale.<\/p>\n<p><strong>Cette ann\u00e9e, explique Pina,<\/strong> \u00ab\u00a0pour le 20<sup>\u00e8me<\/sup> anniversaire, la nouveaut\u00e9 est de vouloir r\u00e9unir, dans le m\u00e9morial national, les d\u00e9pouilles des victimes Tutsi et Hutu, en d\u2019autres termes: les Rwandais\u00a0\u00bb. Ils sont les h\u00e9ros de la patrie. \u00ab\u00a0Pour moi c\u2019est un pas en avant \u2013 commente Pina \u2013 comme nous \u00e9tions avant la guerre.\u00a0\u00bb L\u2019initiative, en effet, s\u2019intitule \u00ab\u00a0La fleur de la r\u00e9conciliation\u00a0\u00bb, afin qu&rsquo;elle porte encore des fruits de paix dans la soci\u00e9t\u00e9 rwandaise.<\/p>\n<p>Lire aussi (en italien):<\/p>\n<p><a href=\"http:\/\/www.cittanuova.it\/c\/437087\/Il_Rwanda_ricorda_venti_anni_dopo.html\">Il Rwanda ricorda, venti anni dopo<\/a>, par Liliane Mugombozi sur Citt\u00e0 Nuova online<strong><\/strong><\/p>\n<p><a href=\"http:\/\/www.cittanuova.it\/c\/437014\/Il_fiore_della_riconciliazione.html\">Il fiore della riconciliazione<\/a>, par Aurelio Mol\u00e9 sur Citt\u00e0 Nuova online<\/p>\n","protected":false},"excerpt":{"rendered":"<p>\u00c0 l\u2019occasion de la comm\u00e9moration des 20 ans du g\u00e9nocide au Rwanda, le pays red\u00e9couvre une voie pour r\u00e9unir son peuple: la campagne \u00ab\u00a0Je suis Rwandais\u00a0\u00bb, lanc\u00e9e par le Gouvernement, et l\u2019initiative pour l\u2019ensevelissement des victimes dans le m\u00e9morial national. L\u2019histoire de Pina, signe de paix.<\/p>\n","protected":false},"author":27,"featured_media":0,"comment_status":"open","ping_status":"open","sticky":false,"template":"","format":"standard","meta":{"give_campaign_id":0,"_seopress_robots_primary_cat":"","_seopress_titles_title":"","_seopress_titles_desc":"","_seopress_robots_index":"","_et_pb_use_builder":"","_et_pb_old_content":"","_et_gb_content_width":"","footnotes":""},"categories":[47],"tags":[],"class_list":["post-354108","post","type-post","status-publish","format-standard","hentry","category-non-classifiee"],"_links":{"self":[{"href":"https:\/\/www.focolare.org\/fr\/wp-json\/wp\/v2\/posts\/354108","targetHints":{"allow":["GET"]}}],"collection":[{"href":"https:\/\/www.focolare.org\/fr\/wp-json\/wp\/v2\/posts"}],"about":[{"href":"https:\/\/www.focolare.org\/fr\/wp-json\/wp\/v2\/types\/post"}],"author":[{"embeddable":true,"href":"https:\/\/www.focolare.org\/fr\/wp-json\/wp\/v2\/users\/27"}],"replies":[{"embeddable":true,"href":"https:\/\/www.focolare.org\/fr\/wp-json\/wp\/v2\/comments?post=354108"}],"version-history":[{"count":0,"href":"https:\/\/www.focolare.org\/fr\/wp-json\/wp\/v2\/posts\/354108\/revisions"}],"wp:attachment":[{"href":"https:\/\/www.focolare.org\/fr\/wp-json\/wp\/v2\/media?parent=354108"}],"wp:term":[{"taxonomy":"category","embeddable":true,"href":"https:\/\/www.focolare.org\/fr\/wp-json\/wp\/v2\/categories?post=354108"},{"taxonomy":"post_tag","embeddable":true,"href":"https:\/\/www.focolare.org\/fr\/wp-json\/wp\/v2\/tags?post=354108"}],"curies":[{"name":"wp","href":"https:\/\/api.w.org\/{rel}","templated":true}]}}