{"id":354140,"date":"2014-04-25T03:00:35","date_gmt":"2014-04-25T01:00:35","guid":{"rendered":"https:\/\/www.focolare.org\/a-contre-courant-la-fidelite-des-personnes-separees\/"},"modified":"2024-06-06T12:48:52","modified_gmt":"2024-06-06T10:48:52","slug":"a-contre-courant-la-fidelite-des-personnes-separees","status":"publish","type":"post","link":"https:\/\/www.focolare.org\/fr\/a-contre-courant-la-fidelite-des-personnes-separees\/","title":{"rendered":"A contre-courant : la fid\u00e9lit\u00e9 des personnes s\u00e9par\u00e9es"},"content":{"rendered":"<p><img alt=\"\" alt=\"\" loading=\"lazy\" decoding=\"async\" class=\"alignleft  wp-image-104471\" style=\"margin-right: 10px;margin-top: 10px;margin-bottom: 10px\" src=\"https:\/\/www.focolare.org\/wp-content\/uploads\/2014\/04\/20140425-03-250x187.jpg\" alt=\"\" width=\"250\" height=\"187\" \/>\u00ab <strong>Giorgio et moi<\/strong>, nous nous sommes mari\u00e9s apr\u00e8s trois ann\u00e9es de fian\u00e7ailles au cours desquelles notre union a grandi jour apr\u00e8s jour. C\u2019est ainsi que, ensemble, nous avons pens\u00e9 former une famille.<\/p>\n<p><strong>Apr\u00e8s quelques ann\u00e9es,<\/strong> une splendide petite fille nous est n\u00e9e, avec cependant une petite malformation cardiaque. J\u2019\u00e9tais heureuse, je sentais que cette naissance nous avait unis encore davantage. Mais apr\u00e8s une ann\u00e9e seulement, alors que nous \u00e9tions \u00e0 l\u2019h\u00f4pital pour un simple contr\u00f4le, notre petite fille est d\u00e9c\u00e9d\u00e9e d\u2019une fa\u00e7on totalement impr\u00e9vue. Cela fut un moment de souffrance terrible. A ce moment-l\u00e0, je ne broyais que du noir, j\u2019\u00e9tais tr\u00e8s en rage avec Dieu qui m\u2019avait pris ce que j\u2019avais de plus cher au monde. Ce fut mon mari qui m\u2019aida \u00e0 m\u2019en sortir, sans son amour, je ne m\u2019en serais jamais sortie.<\/p>\n<p><strong>Un an apr\u00e8s, Sofia est n\u00e9e et nous \u00e9tions \u00e0 nouveau heureux.<\/strong> Par la suite, nous avons aussi adopt\u00e9 un petit gar\u00e7on. Alors que les ann\u00e9es passaient, je me rendais compte cependant que Giorgio n\u2019\u00e9tait pas serein, qu\u2019il s\u2019occupait peu des enfants. M\u00eame s\u2019il les aimait beaucoup, il me laissait seule \u00e0 d\u00e9cider de ce qui \u00e9tait le mieux pour eux. A un moment donn\u00e9, il a d\u00e9cid\u00e9 de quitter son travail et de commencer de nouvelles activit\u00e9s. De cette mani\u00e8re, nous avons commenc\u00e9 \u00e0 fr\u00e9quenter d\u2019autres personnes, le plus souvent des personnes seules qui aimaient voyager de par le monde et vivre plus la nuit que le jour.<\/p>\n<p><img loading=\"lazy\" decoding=\"async\" class=\"alignright  wp-image-104469\" style=\"border: 0px;margin: 10px\" src=\"https:\/\/www.focolare.org\/wp-content\/uploads\/2014\/04\/20140425-01-250x166.jpg\" alt=\"(C) Caris Mendes CSC\" width=\"250\" height=\"166\" \/>Au d\u00e9but, j\u2019ai essay\u00e9 de suivre mon mari par amour dans cette vie-l\u00e0, mais par la suite, j\u2019ai compris que je n\u2019avais rien de commun avec eux et ainsi, peu \u00e0 peu, notre vie a pris des directions diff\u00e9rentes. <strong>Je savais que mon mari m\u2019aimait et qu\u2019il aimait nos enfants mais il \u00e9tait inquiet,<\/strong> \u00e0 la recherche de quelque chose. J\u2019ai pens\u00e9 alors que nous avions peut-\u00eatre besoin d\u2019aide en tant que couple mais lui n\u2019en voulait rien savoir, il disait qu\u2019il n\u2019y avait pas de probl\u00e8mes. Entretemps ses affaires allaient mal, aussi parce qu\u2019il \u00e9tait entour\u00e9 de gens qui n\u2019avaient aucun scrupule.<\/p>\n<p><strong>C\u2019est ainsi qu\u2019il d\u00e9cida un jour de s\u2019en aller car disait-il<\/strong>, \u00ab il ne sentait plus ni la capacit\u00e9, ni l\u2019envie de jouer le r\u00f4le de p\u00e8re \u00bb, que m\u00eame s\u2019il nous aimait, il avait besoin de se retrouver face \u00e0 lui-m\u00eame. Je ne pouvais croire qu\u2019apr\u00e8s autant d\u2019ann\u00e9es v\u00e9cues ensemble, tout finisse de cette mani\u00e8re-l\u00e0.<\/p>\n<p>Je ne r\u00e9ussissais plus \u00e0 penser, je me sentais d\u00e9sesp\u00e9r\u00e9e. La douleur la plus grande \u00e9tait pour moi le sens de l\u2019\u00e9chec que je ressentais et je me sentais coupable. Ce fut une p\u00e9riode dure: la journ\u00e9e, j\u2019essayais d\u2019\u00eatre forte pour mes enfants qui avaient respectivement 11 et 14 ans, mais le soir, toute la souffrance ressortait avec mille questions. Et maintenant, qu\u2019est-ce que je fais ? Je saurai aider mes enfants \u00e0 grandir en un moment aussi d\u00e9licat de leur vie ? J\u2019essayais de leur faire sentir que j\u2019\u00e9tais l\u00e0 et que leur papa les aimait m\u00eame s\u2019il faisait rarement entendre parler de lui.<\/p>\n<p>Je ne sortais plus avec les amis, tous ayant une famille et moi, j\u2019\u00e9tais seule. L\u2019unique chose qui m\u2019a aid\u00e9e \u00e0 aller de l\u2019avant, ce fut l\u2019amour pour mes enfants, notre rapport a grandi, est devenu plus profond. Ma famille m\u2019a \u00e9galement \u00e9t\u00e9 proche, m\u00eame si, apr\u00e8s un certain temps, elle a commenc\u00e9 \u00e0 me dire que je devais refaire ma vie, que j\u2019\u00e9tais encore jeune. <strong>Mais pour moi, le mariage repr\u00e9sentait encore un sacrement, m\u00eame si mon mari n\u2019\u00e9tait plus l\u00e0.<\/strong><\/p>\n<p><img loading=\"lazy\" decoding=\"async\" class=\"alignright  wp-image-104470\" style=\"border: 0px;margin: 10px\" src=\"https:\/\/www.focolare.org\/wp-content\/uploads\/2014\/04\/20140425-02-250x166.jpg\" alt=\"(C) Caris Mendes CSC\" width=\"250\" height=\"166\" \/>Ensuite, j\u2019ai \u00e9t\u00e9 invit\u00e9e \u00e0 participer \u00e0 une rencontre organis\u00e9e par le <a href=\"https:\/\/www.focolare.org\/frit\/movimento-dei-focolari\/\">Mouvement des Focolari<\/a>, rencontre destin\u00e9e aux personnes s\u00e9par\u00e9es. L\u00e0, parmi plusieurs personnes qui vivaient la m\u00eame souffrance, je me suis sentie aim\u00e9e, accept\u00e9e pour ce que j\u2019\u00e9tais et notre amiti\u00e9, unie par le cheminement de foi v\u00e9cu ensemble, m\u2019a aid\u00e9e \u00e0 surmonter mon sentiment d\u2019\u00e9chec. J\u2019ai exp\u00e9riment\u00e9 que l\u2019amour est plus grand que la douleur, j\u2019ai compris que je suis encore le signe du sacrement et lorsque je re\u00e7ois l\u2019Eucharistie, je sens que J\u00e9sus me dit : je ne t\u2019abandonnerai jamais ! Cela me donne la force, chaque jour, de rester fid\u00e8le au \u00ab oui \u00bb prononc\u00e9 pour toujours le jour de notre mariage, m\u00eame si civilement je suis s\u00e9par\u00e9e. Je sais que je ne suis pas seule, parce que Dieu est avec moi et m\u2019aide \u00e0 voir ma vie comme Lui la voit : avec tout son amour et sa mis\u00e9ricorde.<\/p>\n","protected":false},"excerpt":{"rendered":"<p>Un parcours formatif pour personnes s\u00e9par\u00e9es, que Familles Nouvelles des Focolari propose depuis plusieurs ann\u00e9es, est occup\u00e9 \u00e0 aider beaucoup de personnes \u00e0 recommencer \u00e0 entrevoir l\u2019Amour de Dieu dans leur situation. Voici un des t\u00e9moignages racont\u00e9s lors du congr\u00e8s qui s\u2019est d\u00e9roul\u00e9 du 4 au 6 avril 2014 \u00e0 Castelgandolfo.<\/p>\n","protected":false},"author":34,"featured_media":0,"comment_status":"open","ping_status":"open","sticky":false,"template":"","format":"standard","meta":{"give_campaign_id":0,"_seopress_robots_primary_cat":"","_seopress_titles_title":"","_seopress_titles_desc":"","_seopress_robots_index":"","_et_pb_use_builder":"","_et_pb_old_content":"","_et_gb_content_width":"","footnotes":""},"categories":[906],"tags":[],"class_list":["post-354140","post","type-post","status-publish","format-standard","hentry","category-focolare-worldwide-2-3"],"_links":{"self":[{"href":"https:\/\/www.focolare.org\/fr\/wp-json\/wp\/v2\/posts\/354140","targetHints":{"allow":["GET"]}}],"collection":[{"href":"https:\/\/www.focolare.org\/fr\/wp-json\/wp\/v2\/posts"}],"about":[{"href":"https:\/\/www.focolare.org\/fr\/wp-json\/wp\/v2\/types\/post"}],"author":[{"embeddable":true,"href":"https:\/\/www.focolare.org\/fr\/wp-json\/wp\/v2\/users\/34"}],"replies":[{"embeddable":true,"href":"https:\/\/www.focolare.org\/fr\/wp-json\/wp\/v2\/comments?post=354140"}],"version-history":[{"count":0,"href":"https:\/\/www.focolare.org\/fr\/wp-json\/wp\/v2\/posts\/354140\/revisions"}],"wp:attachment":[{"href":"https:\/\/www.focolare.org\/fr\/wp-json\/wp\/v2\/media?parent=354140"}],"wp:term":[{"taxonomy":"category","embeddable":true,"href":"https:\/\/www.focolare.org\/fr\/wp-json\/wp\/v2\/categories?post=354140"},{"taxonomy":"post_tag","embeddable":true,"href":"https:\/\/www.focolare.org\/fr\/wp-json\/wp\/v2\/tags?post=354140"}],"curies":[{"name":"wp","href":"https:\/\/api.w.org\/{rel}","templated":true}]}}