{"id":360711,"date":"2024-07-20T05:00:00","date_gmt":"2024-07-20T03:00:00","guid":{"rendered":"https:\/\/www.focolare.org\/?p=360711"},"modified":"2024-07-22T07:42:04","modified_gmt":"2024-07-22T05:42:04","slug":"montet-suisse-une-cite-pilote-des-focolari-ferme-ses-portes","status":"publish","type":"post","link":"https:\/\/www.focolare.org\/fr\/montet-suisse-une-cite-pilote-des-focolari-ferme-ses-portes\/","title":{"rendered":"Montet (Suisse) : une cit\u00e9 pilote des Focolari ferme ses portes"},"content":{"rendered":"\n<p>En juin 2024, par une journ\u00e9e ensoleill\u00e9e, plus de 400 invit\u00e9s du monde entier se sont rendus \u00e0 Montet (Suisse) pour dire au revoir \u00e0 la communaut\u00e9 multicolore et internationale des Focolari. La cit\u00e9 pilote du Mouvement sera en effet ferm\u00e9e et la communaut\u00e9 concentrera ses efforts sur d&rsquo;autres cit\u00e9s pilotes. Au cours de la seconde moiti\u00e9 de l&rsquo;ann\u00e9e 2024, la plupart des habitants quitteront le petit village de Suisse romande pour rejoindre d&rsquo;autres communaut\u00e9s.  <\/p>\n\n<p>Les responsables de la \u201c Mariapolis Foco \u201c, comme s&rsquo;appelle cette cit\u00e9-pilote, Maria Regina Piazza et Markus N\u00e4f ont expliqu\u00e9 le cheminement qui a conduit \u00e0 cette d\u00e9marche : <em>\u00ab Pour comprendre cette d\u00e9cision, il faut regarder le chemin que le Mouvement des Focolari a parcouru, compte tenu de la baisse des vocations \u00e0 la vie consacr\u00e9e et des d\u00e9fis de la soci\u00e9t\u00e9 d&rsquo;aujourd&rsquo;hui dans le monde entier \u00bb<\/em>. Il s&rsquo;agit de <em>\u00ab redistribuer les forces et de r\u00e9duire les structures pour favoriser la proximit\u00e9 avec les personnes l\u00e0 o\u00f9 elle est le plus n\u00e9cessaire \u00bb<\/em>. <\/p>\n\n<figure class=\"wp-block-gallery has-nested-images columns-default is-cropped wp-block-gallery-1 is-layout-flex wp-block-gallery-is-layout-flex\">\n<figure class=\"wp-block-image size-large\"><img alt=\"\" alt=\"\" loading=\"lazy\" decoding=\"async\" width=\"683\" height=\"1024\" data-id=\"360659\" src=\"https:\/\/www.focolare.org\/wp-content\/uploads\/2024\/07\/Markus-Naf-Maria-Regina-Piazza-683x1024.jpg\" alt=\"\" class=\"wp-image-360659\"\/><figcaption class=\"wp-element-caption\"><em>Markus N\u00e4f &#8211; Maria Regina Piazza<\/em><\/figcaption><\/figure>\n\n\n\n<figure class=\"wp-block-image size-large\"><img alt=\"\" alt=\"\" loading=\"lazy\" decoding=\"async\" width=\"1024\" height=\"683\" data-id=\"360664\" src=\"https:\/\/www.focolare.org\/wp-content\/uploads\/2024\/07\/4F1A1005-1024x683.jpg\" alt=\"\" class=\"wp-image-360664\" srcset=\"https:\/\/www.focolare.org\/wp-content\/uploads\/2024\/07\/4F1A1005-980x653.jpg 980w, https:\/\/www.focolare.org\/wp-content\/uploads\/2024\/07\/4F1A1005-480x320.jpg 480w\" sizes=\"(min-width: 0px) and (max-width: 480px) 480px, (min-width: 481px) and (max-width: 980px) 980px, (min-width: 981px) 1024px, 100vw\" \/><figcaption class=\"wp-element-caption\"><em>Margaret Karram &#8211; Jes\u00fas Mor\u00e1n &#8211; Celine Ruffieux<\/em><\/figcaption><\/figure>\n\n\n\n<figure class=\"wp-block-image size-large\"><img alt=\"\" alt=\"\" loading=\"lazy\" decoding=\"async\" width=\"1024\" height=\"683\" data-id=\"360669\" src=\"https:\/\/www.focolare.org\/wp-content\/uploads\/2024\/07\/Ion-Sauca-1024x683.jpg\" alt=\"\" class=\"wp-image-360669\" srcset=\"https:\/\/www.focolare.org\/wp-content\/uploads\/2024\/07\/Ion-Sauca-980x653.jpg 980w, https:\/\/www.focolare.org\/wp-content\/uploads\/2024\/07\/Ion-Sauca-480x320.jpg 480w\" sizes=\"(min-width: 0px) and (max-width: 480px) 480px, (min-width: 481px) and (max-width: 980px) 980px, (min-width: 981px) 1024px, 100vw\" \/><figcaption class=\"wp-element-caption\"><em>Ion Sauca<\/em><\/figcaption><\/figure>\n<\/figure>\n\n<div style=\"height:15px\" aria-hidden=\"true\" class=\"wp-block-spacer\"><\/div>\n\n<p>Les invit\u00e9s pr\u00e9sents, issus du monde politique, social et eccl\u00e9sial, ont soulign\u00e9 combien la cit\u00e9 pilote avait fa\u00e7onn\u00e9 et influenc\u00e9 positivement le territoire environnant : la paix, le sens de la communaut\u00e9, l&rsquo;esprit d&rsquo;unit\u00e9 et de fraternit\u00e9 ont \u00e9t\u00e9 diffus\u00e9s, et un t\u00e9moignage d&rsquo;amour mutuel a \u00e9t\u00e9 donn\u00e9. Au total, pr\u00e8s de 3 800 personnes ont v\u00e9cu ici en 43 ans, la plupart d&rsquo;entre elles \u00e9tant des adolescents et de jeunes adultes. <\/p>\n\n<p>Dans un message \u00e0 la Communaut\u00e9, le Secr\u00e9taire g\u00e9n\u00e9ral du Conseil \u0153cum\u00e9nique des Eglises \u00e0 Gen\u00e8ve, le R\u00e9v\u00e9rend Dr Jerry Pillay, a exprim\u00e9 sa gratitude pour les riches exp\u00e9riences \u0153cum\u00e9niques partag\u00e9es et v\u00e9cues ensemble lors des visites annuelles des \u00e9tudiants \u00e0 Gen\u00e8ve et a soulign\u00e9 que <em> \u00ab le v\u00e9ritable h\u00e9ritage du Centre de Montet n&rsquo;est pas sa structure physique, mais plut\u00f4t la communion, les relations et les valeurs \u00e9vang\u00e9liques promues \u00bb<\/em>.<\/p>\n\n<p>C\u00e9dric P\u00e9clard, maire de longue date des Montets, commune \u00e0 laquelle appartient le village de Montet, regrette vivement cette fermeture. Il s&rsquo;est toutefois r\u00e9joui que le \u00ab D\u00e9 de la Paix \u00bb situ\u00e9 dans le parc du Centre des Focolari ait \u00e9t\u00e9 offert \u00e0 la commune. Cette sculpture interactive incarne et v\u00e9hicule des valeurs importantes pour le Mouvement des Focolari et est en fait n\u00e9e dans le village : un groupe de focolarines l&rsquo;avait cr\u00e9\u00e9e pour travailler avec les enfants lors de leur s\u00e9jour \u00e0 Montet, puis \u00ab le d\u00e9 \u00bb s&rsquo;est r\u00e9pandu dans le monde entier. On en trouve aujourd&rsquo;hui un grand mod\u00e8le mobile dans une aire de jeux du centre des Montets.   <\/p>\n\n<figure class=\"wp-block-gallery has-nested-images columns-default is-cropped wp-block-gallery-2 is-layout-flex wp-block-gallery-is-layout-flex\">\n<figure class=\"wp-block-image size-large\"><img alt=\"\" alt=\"\" loading=\"lazy\" decoding=\"async\" width=\"1024\" height=\"683\" data-id=\"360675\" src=\"https:\/\/www.focolare.org\/wp-content\/uploads\/2024\/07\/IMG_8139-1024x683.jpg\" alt=\"\" class=\"wp-image-360675\" srcset=\"https:\/\/www.focolare.org\/wp-content\/uploads\/2024\/07\/IMG_8139-980x653.jpg 980w, https:\/\/www.focolare.org\/wp-content\/uploads\/2024\/07\/IMG_8139-480x320.jpg 480w\" sizes=\"(min-width: 0px) and (max-width: 480px) 480px, (min-width: 481px) and (max-width: 980px) 980px, (min-width: 981px) 1024px, 100vw\" \/><\/figure>\n\n\n\n<figure class=\"wp-block-image size-large\"><img alt=\"\" alt=\"\" loading=\"lazy\" decoding=\"async\" width=\"573\" height=\"481\" data-id=\"360680\" src=\"https:\/\/www.focolare.org\/wp-content\/uploads\/2024\/07\/Dado-montet.jpg\" alt=\"\" class=\"wp-image-360680\" srcset=\"https:\/\/www.focolare.org\/wp-content\/uploads\/2024\/07\/Dado-montet.jpg 573w, https:\/\/www.focolare.org\/wp-content\/uploads\/2024\/07\/Dado-montet-480x403.jpg 480w\" sizes=\"(min-width: 0px) and (max-width: 480px) 480px, (min-width: 481px) 573px, 100vw\" \/><\/figure>\n\n\n\n<figure class=\"wp-block-image size-large\"><img alt=\"\" alt=\"\" loading=\"lazy\" decoding=\"async\" width=\"734\" height=\"1024\" data-id=\"360691\" src=\"https:\/\/www.focolare.org\/wp-content\/uploads\/2024\/07\/Dr.-Vasile-Octavian-Mihoc-734x1024.jpg\" alt=\"\" class=\"wp-image-360691\"\/><figcaption class=\"wp-element-caption\"><em>Dr. Vasile-Octavian Mihoc<\/em><\/figcaption><\/figure>\n<\/figure>\n\n<div style=\"height:15px\" aria-hidden=\"true\" class=\"wp-block-spacer\"><\/div>\n\n<p>Dans son discours, la Pr\u00e9sidente des Focolari, Margaret Karram, qui \u00e9tait pr\u00e9sente \u00e0 Montet avec le Copr\u00e9sident Jes\u00fas Mor\u00e1n, n&rsquo;a pas cach\u00e9 combien il \u00e9tait douloureux pour la communaut\u00e9 internationale de fermer ce site. <em>\u00ab Nous sentons tr\u00e8s clairement que nous devons nous tourner vers l&rsquo;humanit\u00e9, qui attend le don de la paix, de l&rsquo;unit\u00e9, et que nous devons \u00eatre capables de saisir, m\u00eame \u00e0 travers les circonstances, le d\u00e9sir de Dieu pour nous et pour nos activit\u00e9s et nos structures \u00bb<\/em>. La d\u00e9cision de fermer la cit\u00e9 de formation des Focolari \u00e0 Montet n&rsquo;a pas \u00e9t\u00e9 prise \u00e0 la l\u00e9g\u00e8re. <em>\u00ab C&rsquo;est comme assister \u00e0 l&rsquo;\u00e9lagage d&rsquo;un arbre qui a port\u00e9 tant de beaux fruits pendant de nombreuses ann\u00e9es \u00bb, explique-t-elle. \u00ab Mais nous savons que rien n&rsquo;arrive par hasard, et que la divine Providence est toujours derri\u00e8re tout \u00bb<\/em>. Et elle a encourag\u00e9 tout le monde &#8211; invit\u00e9s et r\u00e9sidents &#8211; \u00e0 porter l&rsquo;exp\u00e9rience acquise \u00e0 Montet dans le monde : <em>\u00ab Beaucoup d&rsquo;entre vous seront destin\u00e9s \u00e0 d&rsquo;autres villes, d&rsquo;autres pays, d&rsquo;autres communaut\u00e9s, ou vous retournerez dans votre propre pays et porterez partout o\u00f9 vous irez la pr\u00e9cieuse exp\u00e9rience que vous avez v\u00e9cue ici, qui non seulement continuera, mais vous apportera une dimension d&rsquo;amour encore plus grande qui vous \u00e9tonnera, parce qu&rsquo;elle sera nouvelle \u00bb<\/em>.  <\/p>\n\n<p>L&rsquo;avenir pr\u00e9voit la vente du domaine de 5 hectares. Un comit\u00e9 dirig\u00e9 par Hugo Fasel, ancien directeur de Caritas Suisse, supervisera la vente et veillera \u00e0 ce que l&rsquo;utilisation future de la propri\u00e9t\u00e9 soit conforme aux valeurs du Mouvement des Focolari. <\/p>\n\n<p class=\"has-text-align-right\"><em>Andrea Fleming<\/em><\/p>\n\n<p class=\"has-text-align-right has-small-font-size\"><em>Source: Fokolar-Bewegung <\/em><br\/><a href=\"https:\/\/fokolar-bewegung.de\/nachrichten\/fokolar-zentrum-der-franzoesischen-schweiz-schliesst\"><em>https:\/\/fokolar-bewegung.de\/nachrichten\/fokolar-zentrum-der-franzoesischen-schweiz-schliesst<\/em><\/a><\/p>\n","protected":false},"excerpt":{"rendered":"<p>Le centre de la Suisse romande a accueilli pr\u00e8s de 3800 personnes au cours de ses 43 ann\u00e9es d&rsquo;activit\u00e9. Margaret Karram et Jes\u00fas Mor\u00e1n, pr\u00e9sidente et copr\u00e9sident du Mouvement, \u00e9taient \u00e9galement pr\u00e9sents lors de la c\u00e9r\u00e9monie de cl\u00f4ture en juin.  <\/p>\n","protected":false},"author":34,"featured_media":360656,"comment_status":"open","ping_status":"open","sticky":false,"template":"","format":"standard","meta":{"give_campaign_id":0,"_seopress_robots_primary_cat":"","_seopress_titles_title":"","_seopress_titles_desc":"","_seopress_robots_index":"","_et_pb_use_builder":"","_et_pb_old_content":"","_et_gb_content_width":"","footnotes":""},"categories":[3123],"tags":[3384,3385,3348,3197],"class_list":["post-360711","post","type-post","status-publish","format-standard","has-post-thumbnail","hentry","category-focolari-nel-mondo-5","tag-cites-pilotes-fr","tag-montet-fr","tag-notifiche-fr","tag-ppg-fr"],"_links":{"self":[{"href":"https:\/\/www.focolare.org\/fr\/wp-json\/wp\/v2\/posts\/360711","targetHints":{"allow":["GET"]}}],"collection":[{"href":"https:\/\/www.focolare.org\/fr\/wp-json\/wp\/v2\/posts"}],"about":[{"href":"https:\/\/www.focolare.org\/fr\/wp-json\/wp\/v2\/types\/post"}],"author":[{"embeddable":true,"href":"https:\/\/www.focolare.org\/fr\/wp-json\/wp\/v2\/users\/34"}],"replies":[{"embeddable":true,"href":"https:\/\/www.focolare.org\/fr\/wp-json\/wp\/v2\/comments?post=360711"}],"version-history":[{"count":0,"href":"https:\/\/www.focolare.org\/fr\/wp-json\/wp\/v2\/posts\/360711\/revisions"}],"wp:featuredmedia":[{"embeddable":true,"href":"https:\/\/www.focolare.org\/fr\/wp-json\/wp\/v2\/media\/360656"}],"wp:attachment":[{"href":"https:\/\/www.focolare.org\/fr\/wp-json\/wp\/v2\/media?parent=360711"}],"wp:term":[{"taxonomy":"category","embeddable":true,"href":"https:\/\/www.focolare.org\/fr\/wp-json\/wp\/v2\/categories?post=360711"},{"taxonomy":"post_tag","embeddable":true,"href":"https:\/\/www.focolare.org\/fr\/wp-json\/wp\/v2\/tags?post=360711"}],"curies":[{"name":"wp","href":"https:\/\/api.w.org\/{rel}","templated":true}]}}