{"id":360987,"date":"2024-07-22T20:23:57","date_gmt":"2024-07-22T18:23:57","guid":{"rendered":"https:\/\/www.focolare.org\/le-genfest-2024-conclut-sa-deuxieme-phase-oui-a-la-paix\/"},"modified":"2024-07-23T12:24:16","modified_gmt":"2024-07-23T10:24:16","slug":"le-genfest-2024-conclut-sa-deuxieme-phase-oui-a-la-paix","status":"publish","type":"post","link":"https:\/\/www.focolare.org\/fr\/le-genfest-2024-conclut-sa-deuxieme-phase-oui-a-la-paix\/","title":{"rendered":"Le Genfest 2024 conclut sa deuxi\u00e8me phase : oui \u00e0 la paix"},"content":{"rendered":"\n<p>La deuxi\u00e8me phase du <strong><a href=\"https:\/\/genfest.org\/fr\/home-fran\/\" target=\"_blank\" rel=\"noreferrer noopener\">Genfest 2024<\/a><\/strong> a d\u00e9but\u00e9 le 19 juillet 2024. L&rsquo;\u00e9v\u00e9nement des jeunes du mouvement des Focolari, a conclu son programme le 21 juillet 2024 avec la c\u00e9l\u00e9bration de la messe dans la Basilique du Sanctuaire National d&rsquo;Aparecida, \u00e0 Aparecida (S\u00e3o Paulo), au Br\u00e9sil. L&rsquo;\u00e9v\u00e9nement central du Genfest, qui a eu pour la premi\u00e8re fois sa version internationale sur le continent latino-am\u00e9ricain, a rassembl\u00e9 4000 participants de plus de 50 pays. D\u00e8s le d\u00e9but, il a \u00e9t\u00e9 caract\u00e9ris\u00e9 par une joie contagieuse. En outre, des milliers de personnes \u00e0 travers le monde ont suivi une partie du programme en streaming.  <\/p>\n\n<p>Sous le th\u00e8me <strong>\u00ab Ensemble pour prendre soin \u00bb<\/strong>, les jeunes r\u00e9unis au <em>\u00ab Centre d&rsquo;\u00e9v\u00e9nements du p\u00e8re V\u00edtor Coelho de Almeida \u00bb<\/em> ont promu un programme intense qui a alli\u00e9 la f\u00eate, l&rsquo;art, la cr\u00e9ativit\u00e9 et le t\u00e9moignage, exprimant la conviction que la construction de la fraternit\u00e9 universelle n\u00e9cessite des initiatives concr\u00e8tes pour prendre soin de la vie sur la plan\u00e8te, en particulier en termes d&rsquo;attention aux personnes dans diff\u00e9rentes conditions de vuln\u00e9rabilit\u00e9 et \u00e0 la nature, comme le Pape Fran\u00e7ois l&rsquo;a demand\u00e9 avec insistance.<\/p>\n\n<figure class=\"wp-block-gallery has-nested-images columns-default is-cropped wp-block-gallery-1 is-layout-flex wp-block-gallery-is-layout-flex\">\n<figure class=\"wp-block-image size-large\"><img alt=\"\" alt=\"\" loading=\"lazy\" decoding=\"async\" width=\"1024\" height=\"683\" data-id=\"360945\" src=\"https:\/\/www.focolare.org\/wp-content\/uploads\/2024\/07\/GENFESP_FASE2_DIA1907-22-1024x683.jpg\" alt=\"\" class=\"wp-image-360945\" srcset=\"https:\/\/www.focolare.org\/wp-content\/uploads\/2024\/07\/GENFESP_FASE2_DIA1907-22-980x653.jpg 980w, https:\/\/www.focolare.org\/wp-content\/uploads\/2024\/07\/GENFESP_FASE2_DIA1907-22-480x320.jpg 480w\" sizes=\"(min-width: 0px) and (max-width: 480px) 480px, (min-width: 481px) and (max-width: 980px) 980px, (min-width: 981px) 1024px, 100vw\" \/><\/figure>\n\n\n\n<figure class=\"wp-block-image size-large\"><img alt=\"\" alt=\"\" loading=\"lazy\" decoding=\"async\" width=\"1024\" height=\"684\" data-id=\"360940\" src=\"https:\/\/www.focolare.org\/wp-content\/uploads\/2024\/07\/GENFESP_FASE2_DIA1907-41-1024x684.jpg\" alt=\"\" class=\"wp-image-360940\" srcset=\"https:\/\/www.focolare.org\/wp-content\/uploads\/2024\/07\/GENFESP_FASE2_DIA1907-41-980x654.jpg 980w, https:\/\/www.focolare.org\/wp-content\/uploads\/2024\/07\/GENFESP_FASE2_DIA1907-41-480x321.jpg 480w\" sizes=\"(min-width: 0px) and (max-width: 480px) 480px, (min-width: 481px) and (max-width: 980px) 980px, (min-width: 981px) 1024px, 100vw\" \/><\/figure>\n\n\n\n<figure class=\"wp-block-image size-large\"><img alt=\"\" alt=\"\" loading=\"lazy\" decoding=\"async\" width=\"1024\" height=\"682\" data-id=\"360935\" src=\"https:\/\/www.focolare.org\/wp-content\/uploads\/2024\/07\/GENFEST_FASE2_DIA2_PREVIA-52-1024x682.jpg\" alt=\"\" class=\"wp-image-360935\" srcset=\"https:\/\/www.focolare.org\/wp-content\/uploads\/2024\/07\/GENFEST_FASE2_DIA2_PREVIA-52-980x652.jpg 980w, https:\/\/www.focolare.org\/wp-content\/uploads\/2024\/07\/GENFEST_FASE2_DIA2_PREVIA-52-480x320.jpg 480w\" sizes=\"(min-width: 0px) and (max-width: 480px) 480px, (min-width: 481px) and (max-width: 980px) 980px, (min-width: 981px) 1024px, 100vw\" \/><\/figure>\n<\/figure>\n\n<div style=\"height:27px\" aria-hidden=\"true\" class=\"wp-block-spacer\"><\/div>\n\n<p class=\"has-text-color has-link-color wp-elements-f91d7a7ba64de724fdc75f78000d5eb6\" style=\"color:#a54848\"><strong>C\u00e9r\u00e9monie d&rsquo;ouverture<\/strong><\/p>\n\n<p>Lors de la c\u00e9r\u00e9monie d&rsquo;ouverture, les jeunes ont \u00e9t\u00e9 accueillis par l&rsquo;archev\u00eaque d&rsquo;Aparecida, Mgr Orlando Brandes, le nonce apostolique au Br\u00e9sil, Mgr Giambattista Diquattro, le recteur du sanctuaire d&rsquo;Aparecida, le p\u00e8re Eduardo Catalfo, et la pr\u00e9sidente du mouvement des Focolari, Margaret Karram, parmi les personnalit\u00e9s pr\u00e9sentes. L&rsquo;\u00e9v\u00eaque Orlando Brandes a lu un message envoy\u00e9 par le cardinal Piero Parolin, secr\u00e9taire d&rsquo;\u00c9tat du Vatican, au nom du Pape Fran\u00e7ois. <em>\u00ab Nous savons r\u00e9agir par un nouveau r\u00eave de fraternit\u00e9 et d&rsquo;amiti\u00e9 sociale qui ne se limite pas aux paroles \u00bb,<\/em> lit-on dans le t\u00e9l\u00e9gramme. Dans ses mots de bienvenue aux jeunes, Margaret Karram a soulign\u00e9 <em>\u00ab qu&rsquo;ensemble, nos r\u00eaves deviendront r\u00e9alit\u00e9 \u00bb.<\/em> Ensuite, les jeunes ont \u00e9t\u00e9 accueillis par une \u00ab f\u00eate latino-am\u00e9ricaine \u00bb avec des repr\u00e9sentations artistiques typiques de diff\u00e9rents pays. Une explosion de joie a gagn\u00e9 tous les participants.    <\/p>\n\n<figure class=\"wp-block-gallery has-nested-images columns-default is-cropped wp-block-gallery-2 is-layout-flex wp-block-gallery-is-layout-flex\">\n<figure class=\"wp-block-image size-large\"><img alt=\"\" alt=\"\" loading=\"lazy\" decoding=\"async\" width=\"1024\" height=\"681\" data-id=\"360870\" src=\"https:\/\/www.focolare.org\/wp-content\/uploads\/2024\/07\/GENFESP_FASE2_DIA2107-8-1024x681.jpg\" alt=\"\" class=\"wp-image-360870\" srcset=\"https:\/\/www.focolare.org\/wp-content\/uploads\/2024\/07\/GENFESP_FASE2_DIA2107-8-980x652.jpg 980w, https:\/\/www.focolare.org\/wp-content\/uploads\/2024\/07\/GENFESP_FASE2_DIA2107-8-480x319.jpg 480w\" sizes=\"(min-width: 0px) and (max-width: 480px) 480px, (min-width: 481px) and (max-width: 980px) 980px, (min-width: 981px) 1024px, 100vw\" \/><\/figure>\n\n\n\n<figure class=\"wp-block-image size-large\"><img alt=\"\" alt=\"\" loading=\"lazy\" decoding=\"async\" width=\"1024\" height=\"683\" data-id=\"360860\" src=\"https:\/\/www.focolare.org\/wp-content\/uploads\/2024\/07\/GENFESP_FASE2_DIA1907-53-1024x683.jpg\" alt=\"\" class=\"wp-image-360860\" srcset=\"https:\/\/www.focolare.org\/wp-content\/uploads\/2024\/07\/GENFESP_FASE2_DIA1907-53-980x653.jpg 980w, https:\/\/www.focolare.org\/wp-content\/uploads\/2024\/07\/GENFESP_FASE2_DIA1907-53-480x320.jpg 480w\" sizes=\"(min-width: 0px) and (max-width: 480px) 480px, (min-width: 481px) and (max-width: 980px) 980px, (min-width: 981px) 1024px, 100vw\" \/><\/figure>\n\n\n\n<figure class=\"wp-block-image size-large\"><img alt=\"\" alt=\"\" loading=\"lazy\" decoding=\"async\" width=\"1024\" height=\"682\" data-id=\"360865\" src=\"https:\/\/www.focolare.org\/wp-content\/uploads\/2024\/07\/GENFESP_FASE2_DIA2107-14-1024x682.jpg\" alt=\"\" class=\"wp-image-360865\" srcset=\"https:\/\/www.focolare.org\/wp-content\/uploads\/2024\/07\/GENFESP_FASE2_DIA2107-14-980x652.jpg 980w, https:\/\/www.focolare.org\/wp-content\/uploads\/2024\/07\/GENFESP_FASE2_DIA2107-14-480x320.jpg 480w\" sizes=\"(min-width: 0px) and (max-width: 480px) 480px, (min-width: 481px) and (max-width: 980px) 980px, (min-width: 981px) 1024px, 100vw\" \/><\/figure>\n<\/figure>\n\n<div style=\"height:22px\" aria-hidden=\"true\" class=\"wp-block-spacer\"><\/div>\n\n<p class=\"has-text-color has-link-color wp-elements-d9308f5f71ec674e77327104fea7e610\" style=\"color:#a54848\"><strong>Deuxi\u00e8me jour<\/strong><\/p>\n\n<p>Un temps pour trouver des chemins, ou plut\u00f4t des sentiers, pour un Monde Uni. C&rsquo;est ainsi qu&rsquo;a d\u00e9but\u00e9 la deuxi\u00e8me journ\u00e9e de la deuxi\u00e8me phase du Genfest 2024. D&rsquo;une part, des jeunes du monde entier ont racont\u00e9 comment ils essayaient de construire des relations fraternelles dans leur entourage. Ce fut le cas, par exemple, d&rsquo;Adelina, du Rio Grande do Sul (Br\u00e9sil), qui a d\u00fb faire face \u00e0 la trag\u00e9die caus\u00e9e par les pluies qui ont frapp\u00e9 son \u00c9tat en mai 2024, et de Joseph, de la Sierra Leone, qui a \u00e9t\u00e9 s\u00e9par\u00e9 de sa famille alors qu&rsquo;il \u00e9tait enfant et recrut\u00e9 par des milices qui ont combattu les troupes gouvernementales du pays en se livrant \u00e0 des actes de violence. Des moments artistiques ont attir\u00e9 l&rsquo;attention sur certaines questions majeures du monde d&rsquo;aujourd&rsquo;hui, telles que l&rsquo;\u00e9cologie et la citoyennet\u00e9, tandis que des <em>\u00bb spark changers \u00bb,<\/em> sp\u00e9cialistes de diff\u00e9rents domaines, ont propos\u00e9 au public de br\u00e8ves r\u00e9flexions susceptibles d&rsquo;entra\u00eener des changements dans le monde.    <\/p>\n\n<p>Le programme du samedi comprenait \u00e9galement un avant-go\u00fbt de la phase 3 du Genfest : des ateliers ont \u00e9t\u00e9 organis\u00e9s sur diff\u00e9rents sujets, toujours dans l&rsquo;optique de \u00ab prendre soin \u00bb de la vie dans ses diff\u00e9rentes expressions. Enfin, un voyage autour du monde avec des t\u00e9moignages de r\u00e9silience personnelle ou d&rsquo;action sociale, mais tous motiv\u00e9s par la fraternit\u00e9 pour <em>\u00ab embrasser l&rsquo;humanit\u00e9 et initier le changement \u00bb.<\/em> Pour conclure le programme de la deuxi\u00e8me journ\u00e9e sur la sc\u00e8ne du Genfest, des jeunes de Turquie, d&rsquo;Australie, du Zimbabwe, de Bolivie, d&rsquo;Italie et de Colombie ont racont\u00e9 comment ils avaient affront\u00e9 ou aid\u00e9 d&rsquo;autres personnes \u00e0 affronter la douleur lorsqu&rsquo;elle semble \u00f4ter tout sens \u00e0 la vie. Les pr\u00e9sentations ne se sont toutefois pas limit\u00e9es \u00e0 des histoires personnelles. Une grande vari\u00e9t\u00e9 d&rsquo;initiatives sociales ont \u00e9galement \u00e9t\u00e9 pr\u00e9sent\u00e9es sur sc\u00e8ne, telles que <em>Rimarishun<\/em>, un projet visant \u00e0 rapprocher les diff\u00e9rentes cultures en \u00c9quateur. Du Br\u00e9sil, se sont pr\u00e9sent\u00e9s le <em>Projet Amazone<\/em>, le <em>Quilombo Rio dos Macacos <\/em>de Salvador (communaut\u00e9s afro-descendantes) et la <em>Casa do Menor<\/em>, dont la chor\u00e9graphie a \u00e9t\u00e9 <em>ovationn\u00e9e<\/em>.     <\/p>\n\n<figure class=\"wp-block-gallery has-nested-images columns-default is-cropped wp-block-gallery-3 is-layout-flex wp-block-gallery-is-layout-flex\">\n<figure class=\"wp-block-image size-large\"><img alt=\"\" alt=\"\" loading=\"lazy\" decoding=\"async\" width=\"1024\" height=\"681\" data-id=\"360885\" src=\"https:\/\/www.focolare.org\/wp-content\/uploads\/2024\/07\/GENFEST_FASE2_DIA2_PREVIA-28-1024x681.jpg\" alt=\"\" class=\"wp-image-360885\" srcset=\"https:\/\/www.focolare.org\/wp-content\/uploads\/2024\/07\/GENFEST_FASE2_DIA2_PREVIA-28-980x652.jpg 980w, https:\/\/www.focolare.org\/wp-content\/uploads\/2024\/07\/GENFEST_FASE2_DIA2_PREVIA-28-480x319.jpg 480w\" sizes=\"(min-width: 0px) and (max-width: 480px) 480px, (min-width: 481px) and (max-width: 980px) 980px, (min-width: 981px) 1024px, 100vw\" \/><\/figure>\n\n\n\n<figure class=\"wp-block-image size-large\"><img alt=\"\" alt=\"\" loading=\"lazy\" decoding=\"async\" width=\"1024\" height=\"683\" data-id=\"360875\" src=\"https:\/\/www.focolare.org\/wp-content\/uploads\/2024\/07\/GENFESP_FASE2_DIA1907-5-1024x683.jpg\" alt=\"\" class=\"wp-image-360875\" srcset=\"https:\/\/www.focolare.org\/wp-content\/uploads\/2024\/07\/GENFESP_FASE2_DIA1907-5-980x653.jpg 980w, https:\/\/www.focolare.org\/wp-content\/uploads\/2024\/07\/GENFESP_FASE2_DIA1907-5-480x320.jpg 480w\" sizes=\"(min-width: 0px) and (max-width: 480px) 480px, (min-width: 481px) and (max-width: 980px) 980px, (min-width: 981px) 1024px, 100vw\" \/><\/figure>\n\n\n\n<figure class=\"wp-block-image size-large\"><img alt=\"\" alt=\"\" loading=\"lazy\" decoding=\"async\" width=\"1024\" height=\"682\" data-id=\"360890\" src=\"https:\/\/www.focolare.org\/wp-content\/uploads\/2024\/07\/GENFEST_FASE2_DIA2_PREVIA-41-1024x682.jpg\" alt=\"\" class=\"wp-image-360890\" srcset=\"https:\/\/www.focolare.org\/wp-content\/uploads\/2024\/07\/GENFEST_FASE2_DIA2_PREVIA-41-980x652.jpg 980w, https:\/\/www.focolare.org\/wp-content\/uploads\/2024\/07\/GENFEST_FASE2_DIA2_PREVIA-41-480x320.jpg 480w\" sizes=\"(min-width: 0px) and (max-width: 480px) 480px, (min-width: 481px) and (max-width: 980px) 980px, (min-width: 981px) 1024px, 100vw\" \/><\/figure>\n<\/figure>\n\n<div style=\"height:23px\" aria-hidden=\"true\" class=\"wp-block-spacer\"><\/div>\n\n<p class=\"has-text-color has-link-color wp-elements-6e05558d6cddcfa5c6e51b88a1328414\" style=\"color:#a54848\"><strong>C\u00e9r\u00e9monie de cl\u00f4ture<\/strong><\/p>\n\n<p>Le programme de la journ\u00e9e de cl\u00f4ture de la deuxi\u00e8me phase de Genfest 2024 a commenc\u00e9 par un regard sur le pass\u00e9 pour envisager l&rsquo;avenir. Certains des projets lanc\u00e9s lors du dernier Genfest en 2018 ont \u00e9t\u00e9 rappel\u00e9s et ont d\u00e9j\u00e0 commenc\u00e9 \u00e0 porter leurs fruits, m\u00eame au sens propre, comme dans le cas de la plantation d&rsquo;arbres dans des zones sujettes \u00e0 la d\u00e9gradation. A l&rsquo;instar de ce qui a \u00e9t\u00e9 fait lors du dernier Genfest \u00e0 Manille (Philippines), certains projets ont \u00e9t\u00e9 pr\u00e9sent\u00e9s pour \u00eatre poursuivis apr\u00e8s ces journ\u00e9es.  <\/p>\n\n<p>Le premier projet d\u00e9butera lors de la troisi\u00e8me phase du Genfest. Il s&rsquo;agit des <strong>\u00ab Communaut\u00e9s du monde uni \u00bb,<\/strong> qui r\u00e9uniront des jeunes &#8211; y compris ceux qui n&rsquo;ont pas pu participer \u00e0 l&rsquo;\u00e9v\u00e9nement d&rsquo;Aparecida &#8211; en groupes par domaines de connaissance, de l&rsquo;\u00e9conomie au travail, de la politique \u00e0 la citoyennet\u00e9. Les jeunes int\u00e9ress\u00e9s par les diff\u00e9rents domaines pourront rejoindre ces communaut\u00e9s en fonction de leur \u00ab passionn\u00bb, comme l&rsquo;ont dit les organisateurs.  <\/p>\n\n<p>Un outil important pour la r\u00e9alisation de ces communaut\u00e9s est le <strong><a href=\"https:\/\/www.unitedworldproject.org\/\" target=\"_blank\" rel=\"noreferrer noopener\">projet Monde Uni<\/a><\/strong>. Lanc\u00e9 en 2012 lors du Genfest de Budapest (Hongrie), il s&rsquo;agit en fait d&rsquo;un programme visant \u00e0 diffuser la fraternit\u00e9 \u00e0 grande \u00e9chelle et \u00e0 rassembler les actions allant dans ce sens, permettant de partager des exp\u00e9riences avec de nombreux jeunes \u00e0 travers le monde. <\/p>\n\n<figure class=\"wp-block-gallery has-nested-images columns-default is-cropped wp-block-gallery-4 is-layout-flex wp-block-gallery-is-layout-flex\">\n<figure class=\"wp-block-image size-large\"><img alt=\"\" alt=\"\" loading=\"lazy\" decoding=\"async\" width=\"1024\" height=\"681\" data-id=\"360900\" src=\"https:\/\/www.focolare.org\/wp-content\/uploads\/2024\/07\/GENFEST_FASE2_DIA2_PREVIA-39-1024x681.jpg\" alt=\"\" class=\"wp-image-360900\" srcset=\"https:\/\/www.focolare.org\/wp-content\/uploads\/2024\/07\/GENFEST_FASE2_DIA2_PREVIA-39-980x652.jpg 980w, https:\/\/www.focolare.org\/wp-content\/uploads\/2024\/07\/GENFEST_FASE2_DIA2_PREVIA-39-480x319.jpg 480w\" sizes=\"(min-width: 0px) and (max-width: 480px) 480px, (min-width: 481px) and (max-width: 980px) 980px, (min-width: 981px) 1024px, 100vw\" \/><\/figure>\n\n\n\n<figure class=\"wp-block-image size-large\"><img alt=\"\" alt=\"\" loading=\"lazy\" decoding=\"async\" width=\"1024\" height=\"682\" data-id=\"360905\" src=\"https:\/\/www.focolare.org\/wp-content\/uploads\/2024\/07\/GENFESP_FASE2_DIA2107-10-1024x682.jpg\" alt=\"\" class=\"wp-image-360905\" srcset=\"https:\/\/www.focolare.org\/wp-content\/uploads\/2024\/07\/GENFESP_FASE2_DIA2107-10-980x652.jpg 980w, https:\/\/www.focolare.org\/wp-content\/uploads\/2024\/07\/GENFESP_FASE2_DIA2107-10-480x320.jpg 480w\" sizes=\"(min-width: 0px) and (max-width: 480px) 480px, (min-width: 481px) and (max-width: 980px) 980px, (min-width: 981px) 1024px, 100vw\" \/><\/figure>\n\n\n\n<figure class=\"wp-block-image size-large\"><img alt=\"\" alt=\"\" loading=\"lazy\" decoding=\"async\" width=\"1024\" height=\"681\" data-id=\"360895\" src=\"https:\/\/www.focolare.org\/wp-content\/uploads\/2024\/07\/GENFEST_FASE2_DIA2_PREVIA-53-1-1024x681.jpg\" alt=\"\" class=\"wp-image-360895\" srcset=\"https:\/\/www.focolare.org\/wp-content\/uploads\/2024\/07\/GENFEST_FASE2_DIA2_PREVIA-53-1-980x652.jpg 980w, https:\/\/www.focolare.org\/wp-content\/uploads\/2024\/07\/GENFEST_FASE2_DIA2_PREVIA-53-1-480x319.jpg 480w\" sizes=\"(min-width: 0px) and (max-width: 480px) 480px, (min-width: 481px) and (max-width: 980px) 980px, (min-width: 981px) 1024px, 100vw\" \/><\/figure>\n<\/figure>\n\n<div style=\"height:14px\" aria-hidden=\"true\" class=\"wp-block-spacer\"><\/div>\n\n<p>Une autre action issue de ce Genfest, plus imm\u00e9diate, est le lancement d&rsquo;un questionnaire pour recueillir les propositions des jeunes pour le \u00ab<strong> Pacte pour l&rsquo;avenir <\/strong>\u00bb, un manifeste qui sera pr\u00e9sent\u00e9 au <em>Sommet de l&rsquo;avenir<\/em>, un sommet international organis\u00e9 par l&rsquo;ONU en septembre 2024.<\/p>\n\n<p>La construction de communaut\u00e9s internationales n\u00e9cessite le dialogue. Une grande partie de la session a \u00e9t\u00e9 consacr\u00e9e \u00e0 ce th\u00e8me. Rabina Silvina Chemen et une jeune leader musulmane, Israa Safieddine, ont expliqu\u00e9 comment ils tentent de construire le dialogue.  <\/p>\n\n<p>Quatorze jeunes latino-am\u00e9ricains de six \u00e9glises chr\u00e9tiennes ont pr\u00e9sent\u00e9 <em>Ikum\u00e9ni<\/em>, un atelier de bonnes pratiques \u0153cum\u00e9niques et interreligieuses. Toutes ces initiatives ont pour but ultime de construire la paix, th\u00e8me auquel toute la derni\u00e8re partie du programme a \u00e9t\u00e9 consacr\u00e9e. <\/p>\n\n<p>L&rsquo;Uruguayen Carlos Palma a pr\u00e9sent\u00e9 le projet \u00ab <em>Living Peace<\/em> \u00bb. Une vid\u00e9o de Chiara a rappel\u00e9 comment on peut construire la paix aujourd&rsquo;hui : en <em>vivant l&rsquo;amour mutuel.<\/em> <\/p>\n\n<figure class=\"wp-block-gallery has-nested-images columns-default is-cropped wp-block-gallery-5 is-layout-flex wp-block-gallery-is-layout-flex\">\n<figure class=\"wp-block-image size-large\"><img alt=\"\" alt=\"\" loading=\"lazy\" decoding=\"async\" width=\"1024\" height=\"681\" data-id=\"360910\" src=\"https:\/\/www.focolare.org\/wp-content\/uploads\/2024\/07\/GENFESP_FASE2_DIA2107-17-1024x681.jpg\" alt=\"\" class=\"wp-image-360910\" srcset=\"https:\/\/www.focolare.org\/wp-content\/uploads\/2024\/07\/GENFESP_FASE2_DIA2107-17-980x652.jpg 980w, https:\/\/www.focolare.org\/wp-content\/uploads\/2024\/07\/GENFESP_FASE2_DIA2107-17-480x319.jpg 480w\" sizes=\"(min-width: 0px) and (max-width: 480px) 480px, (min-width: 481px) and (max-width: 980px) 980px, (min-width: 981px) 1024px, 100vw\" \/><\/figure>\n\n\n\n<figure class=\"wp-block-image size-large\"><img alt=\"\" alt=\"\" loading=\"lazy\" decoding=\"async\" width=\"1024\" height=\"682\" data-id=\"360915\" src=\"https:\/\/www.focolare.org\/wp-content\/uploads\/2024\/07\/GENFESP_FASE2_DIA2107-25-1024x682.jpg\" alt=\"\" class=\"wp-image-360915\" srcset=\"https:\/\/www.focolare.org\/wp-content\/uploads\/2024\/07\/GENFESP_FASE2_DIA2107-25-980x652.jpg 980w, https:\/\/www.focolare.org\/wp-content\/uploads\/2024\/07\/GENFESP_FASE2_DIA2107-25-480x320.jpg 480w\" sizes=\"(min-width: 0px) and (max-width: 480px) 480px, (min-width: 481px) and (max-width: 980px) 980px, (min-width: 981px) 1024px, 100vw\" \/><\/figure>\n\n\n\n<figure class=\"wp-block-image size-large\"><img alt=\"\" alt=\"\" loading=\"lazy\" decoding=\"async\" width=\"1024\" height=\"682\" data-id=\"360919\" src=\"https:\/\/www.focolare.org\/wp-content\/uploads\/2024\/07\/GENFESP_FASE2_DIA2107-32-1024x682.jpg\" alt=\"\" class=\"wp-image-360919\" srcset=\"https:\/\/www.focolare.org\/wp-content\/uploads\/2024\/07\/GENFESP_FASE2_DIA2107-32-980x652.jpg 980w, https:\/\/www.focolare.org\/wp-content\/uploads\/2024\/07\/GENFESP_FASE2_DIA2107-32-480x320.jpg 480w\" sizes=\"(min-width: 0px) and (max-width: 480px) 480px, (min-width: 481px) and (max-width: 980px) 980px, (min-width: 981px) 1024px, 100vw\" \/><\/figure>\n<\/figure>\n\n<div style=\"height:7px\" aria-hidden=\"true\" class=\"wp-block-spacer\"><\/div>\n\n<p class=\"has-text-align-left\">Les jeunes participant au Genfest, brandissant des drapeaux de tous les pays, ont d\u00e9fil\u00e9 en demandant la paix dans chaque nation. \u00c0 la fin, la pr\u00e9sidente du mouvement des Focolari, Margaret Karram, a invit\u00e9 les participants \u00e0 \u00eatre des b\u00e2tisseurs de paix, en brisant les barri\u00e8res qui divisent les gens et en prenant l&rsquo;initiative de pardonner : <em>\u00ab Que ce Genfest soit le moment de dire oui \u00e0 la paix \u00bb, a-t-elle conclu. <\/em> <\/p>\n\n<p class=\"has-text-align-right\"><em><br\/>Lu\u00eds Henrique Marques e Airam Lima Jr.<\/em><br\/><em>Foto: \u00a9 Imprensa Genfest 2004 &#8211; CSC Audiovisivi<br\/><\/em><br\/><\/p>\n","protected":false},"excerpt":{"rendered":"<p>Une atmosph\u00e8re de joie contagieuse a caract\u00e9ris\u00e9 l&rsquo;\u00e9v\u00e9nement central du Festival international du mouvement des Focolari, dont l&rsquo;\u00e9dition 2024 s&rsquo;est d\u00e9roul\u00e9e pour la premi\u00e8re fois en Am\u00e9rique latine.<\/p>\n","protected":false},"author":34,"featured_media":360953,"comment_status":"open","ping_status":"open","sticky":false,"template":"","format":"standard","meta":{"give_campaign_id":0,"_seopress_robots_primary_cat":"","_seopress_titles_title":"","_seopress_titles_desc":"","_seopress_robots_index":"","_et_pb_use_builder":"","_et_pb_old_content":"","_et_gb_content_width":"","footnotes":""},"categories":[3072],"tags":[3389,2952,3348,3197],"class_list":["post-360987","post","type-post","status-publish","format-standard","has-post-thumbnail","hentry","category-nuove-generazioni-5","tag-genfest-2024-fr","tag-giovani-per-un-mondo-unito-3","tag-notifiche-fr","tag-ppg-fr"],"_links":{"self":[{"href":"https:\/\/www.focolare.org\/fr\/wp-json\/wp\/v2\/posts\/360987","targetHints":{"allow":["GET"]}}],"collection":[{"href":"https:\/\/www.focolare.org\/fr\/wp-json\/wp\/v2\/posts"}],"about":[{"href":"https:\/\/www.focolare.org\/fr\/wp-json\/wp\/v2\/types\/post"}],"author":[{"embeddable":true,"href":"https:\/\/www.focolare.org\/fr\/wp-json\/wp\/v2\/users\/34"}],"replies":[{"embeddable":true,"href":"https:\/\/www.focolare.org\/fr\/wp-json\/wp\/v2\/comments?post=360987"}],"version-history":[{"count":0,"href":"https:\/\/www.focolare.org\/fr\/wp-json\/wp\/v2\/posts\/360987\/revisions"}],"wp:featuredmedia":[{"embeddable":true,"href":"https:\/\/www.focolare.org\/fr\/wp-json\/wp\/v2\/media\/360953"}],"wp:attachment":[{"href":"https:\/\/www.focolare.org\/fr\/wp-json\/wp\/v2\/media?parent=360987"}],"wp:term":[{"taxonomy":"category","embeddable":true,"href":"https:\/\/www.focolare.org\/fr\/wp-json\/wp\/v2\/categories?post=360987"},{"taxonomy":"post_tag","embeddable":true,"href":"https:\/\/www.focolare.org\/fr\/wp-json\/wp\/v2\/tags?post=360987"}],"curies":[{"name":"wp","href":"https:\/\/api.w.org\/{rel}","templated":true}]}}