{"id":361948,"date":"2024-08-08T05:00:00","date_gmt":"2024-08-08T03:00:00","guid":{"rendered":"https:\/\/www.focolare.org\/?p=361948"},"modified":"2024-08-08T11:47:53","modified_gmt":"2024-08-08T09:47:53","slug":"hong-kong-un-pelerinage-oecumenique","status":"publish","type":"post","link":"https:\/\/www.focolare.org\/fr\/hong-kong-un-pelerinage-oecumenique\/","title":{"rendered":"Hong Kong : un p\u00e8lerinage \u0153cum\u00e9nique"},"content":{"rendered":"\n<p>Un long voyage pour c\u00e9l\u00e9brer les 70 ans de la cr\u00e9ation du Conseil g\u00e9n\u00e9ral des Chr\u00e9tiens \u00e0 Hong Kong, o\u00f9 un peu plus de 10 % des 7,5 millions d&rsquo;habitants se d\u00e9clarent chr\u00e9tiens.<\/p>\n\n<p>Une d\u00e9l\u00e9gation de 24 personnes issues de diff\u00e9rentes traditions chr\u00e9tiennes &#8211; catholique, anglicane, luth\u00e9rienne, m\u00e9thodiste et pentec\u00f4tiste &#8211; a entrepris un p\u00e8lerinage \u0153cum\u00e9nique, s&rsquo;arr\u00eatant en Allemagne, en Suisse et en Italie, visitant des villes telles que Wittenberg, Augsbourg, Ottmaring, Gen\u00e8ve, Trente et enfin Rome, afin de faire le point sur le pass\u00e9 sans pr\u00e9jug\u00e9s et d&rsquo;\u00e9tablir une nouvelle relation entre tous les membres. \u00ab<em>Ce fut l&rsquo;occasion de mieux conna\u00eetre l&rsquo;\u00c9glise des autres. Il y a eu tant de partage, tant d&rsquo;amour mutuel et nous nous sommes sentis comme des fr\u00e8res et s\u0153urs dans le Christ, son unique \u00c9glise <\/em>\u00bb, dit Theresa Kung.<\/p>\n\n<p>Accueilli dans la cit\u00e9-pilote \u0153cum\u00e9nique d&rsquo;Ottmaring (Allemagne), au Centre Mariapolis \u00ab\u00a0Chiara Lubich\u00a0\u00bb \u00e0 Trente (Italie) et au Centre international des Focolari \u00e0 Rocca di Papa (Italie), le groupe a eu l&rsquo;occasion de conna\u00eetre le charisme de l\u2019unit\u00e9 qui anime les Focolari et d&rsquo;appr\u00e9cier le travail de dialogue entre les diff\u00e9rentes \u00c9glises men\u00e9 depuis des ann\u00e9es au sein du Mouvement, un \u00abdialogue de la vie\u00bb qui signifie, comme le dit le r\u00e9v\u00e9rend Hoi Hung Lin de la Mission Tsung Tsin : \u00ab<em>Respecter les diff\u00e9rences de valeurs des autres, privil\u00e9gier le dialogue et toujours chercher \u00e0 \u00e9tablir des relations fraternelles entre les personnes, entre les ethnies et dans les diff\u00e9rentes situations culturelles<\/em>\u201d.<\/p>\n\n<p>A Rome, le groupe a \u00e9t\u00e9 re\u00e7u au Dicast\u00e8re pour la promotion de l&rsquo;unit\u00e9 des chr\u00e9tiens lors d&rsquo;une r\u00e9union d&rsquo;\u00e9change sur leur travail dans le monde.<\/p>\n\n<p><\/p>\n\n<p>Comme dernier rendez-vous, ils ont \u00e9t\u00e9 re\u00e7us par le Pape Fran\u00e7ois en audience priv\u00e9e le 22 mai 2024. Apr\u00e8s les salutations et les pr\u00e9sentations du cardinal Stephen Chow SJ, \u00e9v\u00eaque catholique de Hong Kong, et du r\u00e9v\u00e9rend Ray Wong, Pr\u00e9sident du Conseil Chr\u00e9tien de Hong Kong, le Saint-P\u00e8re s&rsquo;est adress\u00e9 aux personnes pr\u00e9sentes, soulignant l&rsquo;importance de <em>\u00abtravailler ensemble, parce que nous croyons tous en J\u00e9sus-Christ ; prier ensemble, prier pour l&rsquo;unit\u00e9\u00bb.<\/em> Le Pape a \u00e9galement rappel\u00e9 l&rsquo;amiti\u00e9 chr\u00e9tienne qui d\u00e9coule d&rsquo;un Bapt\u00eame commun. \u00ab <em>Nous avons le m\u00eame bapt\u00eame et cela fait de nous des chr\u00e9tiens. Des ennemis, nous en avons beaucoup \u00e0 l&rsquo;ext\u00e9rieur. Nous sommes amis ! Des ennemis, dehors ; ici, des amis   <\/em>\u201d<a href=\"#_ftn1\" id=\"_ftnref1\">[1]<\/a>.<\/p>\n\n<p><\/p>\n\n<figure class=\"wp-block-gallery has-nested-images columns-default is-cropped wp-block-gallery-1 is-layout-flex wp-block-gallery-is-layout-flex\">\n<figure class=\"wp-block-image size-large\"><img alt=\"\" alt=\"\" loading=\"lazy\" decoding=\"async\" width=\"1024\" height=\"576\" data-id=\"361967\" src=\"https:\/\/www.focolare.org\/wp-content\/uploads\/2024\/08\/20240521_visita-CEC-Hong-Kong-sala154222-12-1024x576.jpg\" alt=\"\" class=\"wp-image-361967\" srcset=\"https:\/\/www.focolare.org\/wp-content\/uploads\/2024\/08\/20240521_visita-CEC-Hong-Kong-sala154222-12-980x551.jpg 980w, https:\/\/www.focolare.org\/wp-content\/uploads\/2024\/08\/20240521_visita-CEC-Hong-Kong-sala154222-12-480x270.jpg 480w\" sizes=\"(min-width: 0px) and (max-width: 480px) 480px, (min-width: 481px) and (max-width: 980px) 980px, (min-width: 981px) 1024px, 100vw\" \/><\/figure>\n\n\n\n<figure class=\"wp-block-image size-large\"><img alt=\"\" alt=\"\" loading=\"lazy\" decoding=\"async\" width=\"1024\" height=\"577\" data-id=\"361979\" src=\"https:\/\/www.focolare.org\/wp-content\/uploads\/2024\/08\/20240521-visita-CECdi-HONG-KONGalCI-5-1-1024x577.jpg\" alt=\"\" class=\"wp-image-361979\" srcset=\"https:\/\/www.focolare.org\/wp-content\/uploads\/2024\/08\/20240521-visita-CECdi-HONG-KONGalCI-5-1-980x552.jpg 980w, https:\/\/www.focolare.org\/wp-content\/uploads\/2024\/08\/20240521-visita-CECdi-HONG-KONGalCI-5-1-480x271.jpg 480w\" sizes=\"(min-width: 0px) and (max-width: 480px) 480px, (min-width: 481px) and (max-width: 980px) 980px, (min-width: 981px) 1024px, 100vw\" \/><\/figure>\n<\/figure>\n\n<p><\/p>\n\n<p class=\"has-text-align-right\"><em>Carlos Mana<\/em><\/p>\n\n<hr class=\"wp-block-separator has-alpha-channel-opacity\"\/>\n\n<p class=\"has-small-font-size\"><a href=\"#_ftnref1\" id=\"_ftn1\">[1]<\/a> Cfr. <a href=\"http:\/\/www.christianunity.va\/content\/unitacristiani\/it\/news\/2024\/2024-05-24-conseil-chretien-de-hong-kong.html\">http:\/\/www.christianunity.va\/content\/unitacristiani\/it\/news\/2024\/2024-05-24-conseil-chretien-de-hong-kong.html<\/a><\/p>\n","protected":false},"excerpt":{"rendered":"<p>Apr\u00e8s 70 ans de dialogue et d&rsquo;activit\u00e9s \u0153cum\u00e9niques \u00e0 Hong Kong, des membres de diff\u00e9rentes traditions chr\u00e9tiennes ont entrepris de conna\u00eetre et d&rsquo;aimer leurs \u00c9glises respectives. <\/p>\n","protected":false},"author":33,"featured_media":361958,"comment_status":"open","ping_status":"open","sticky":false,"template":"","format":"standard","meta":{"give_campaign_id":0,"_seopress_robots_primary_cat":"","_seopress_titles_title":"","_seopress_titles_desc":"","_seopress_robots_index":"","_et_pb_use_builder":"","_et_pb_old_content":"","_et_gb_content_width":"","footnotes":""},"categories":[3194],"tags":[3348,3197],"class_list":["post-361948","post","type-post","status-publish","format-standard","has-post-thumbnail","hentry","category-oecumenisme","tag-notifiche-fr","tag-ppg-fr"],"_links":{"self":[{"href":"https:\/\/www.focolare.org\/fr\/wp-json\/wp\/v2\/posts\/361948","targetHints":{"allow":["GET"]}}],"collection":[{"href":"https:\/\/www.focolare.org\/fr\/wp-json\/wp\/v2\/posts"}],"about":[{"href":"https:\/\/www.focolare.org\/fr\/wp-json\/wp\/v2\/types\/post"}],"author":[{"embeddable":true,"href":"https:\/\/www.focolare.org\/fr\/wp-json\/wp\/v2\/users\/33"}],"replies":[{"embeddable":true,"href":"https:\/\/www.focolare.org\/fr\/wp-json\/wp\/v2\/comments?post=361948"}],"version-history":[{"count":0,"href":"https:\/\/www.focolare.org\/fr\/wp-json\/wp\/v2\/posts\/361948\/revisions"}],"wp:featuredmedia":[{"embeddable":true,"href":"https:\/\/www.focolare.org\/fr\/wp-json\/wp\/v2\/media\/361958"}],"wp:attachment":[{"href":"https:\/\/www.focolare.org\/fr\/wp-json\/wp\/v2\/media?parent=361948"}],"wp:term":[{"taxonomy":"category","embeddable":true,"href":"https:\/\/www.focolare.org\/fr\/wp-json\/wp\/v2\/categories?post=361948"},{"taxonomy":"post_tag","embeddable":true,"href":"https:\/\/www.focolare.org\/fr\/wp-json\/wp\/v2\/tags?post=361948"}],"curies":[{"name":"wp","href":"https:\/\/api.w.org\/{rel}","templated":true}]}}