{"id":362167,"date":"2024-08-16T05:00:00","date_gmt":"2024-08-16T03:00:00","guid":{"rendered":"https:\/\/www.focolare.org\/?p=362167"},"modified":"2024-08-19T15:46:01","modified_gmt":"2024-08-19T13:46:01","slug":"evangile-vecu-seigneur-il-est-bon-que-nous-soyons-ici-mt-174","status":"publish","type":"post","link":"https:\/\/www.focolare.org\/fr\/evangile-vecu-seigneur-il-est-bon-que-nous-soyons-ici-mt-174\/","title":{"rendered":"\u00c9vangile v\u00e9cu : \u00ab Seigneur, il est bon que nous soyons ici \u00bb (Mt 17,4)"},"content":{"rendered":"\n<p><strong>Au bon moment<\/strong><\/p>\n\n<p>Un jour, une personne qui collabore avec notre centre avait re\u00e7u en cadeau une paire de chaussures de sport neuves, pointure 43. Mais qui aurait pu les utiliser ? Le m\u00eame jour, nous avons appris qu&rsquo;un gar\u00e7on de 14 ans que nous connaissons avait vraiment besoin de ces chaussures et de cette pointure! C&rsquo;est le fils d&rsquo;un ami qui \u00e9tait \u00e0 l&rsquo;h\u00f4pital \u00e0 ce moment-l\u00e0. L&rsquo;autre fille \u00e9tait \u00e9galement venue au centre ce jour-l\u00e0 et nous avions appris qu&rsquo;elle avait besoin de v\u00eatements et de m\u00e9dicaments. Elle nous avait fait savoir qu&rsquo;elle aurait besoin d&rsquo;un t\u00e9l\u00e9phone portable pour rester en contact avec sa m\u00e8re \u00e0 l&rsquo;h\u00f4pital. Et&#8230; nous en avions re\u00e7u un quelques jours plus t\u00f4t ! C&rsquo;est impressionnant de voir qu&rsquo;il y a toujours \u00ab quelqu&rsquo;un \u00bb qui nous fournit ces choses <em>ad hoc<\/em> que nous pouvons ensuite donner !        <\/p>\n\n<p><strong>Un lit en deux minutes<\/strong><\/p>\n\n<p>Nous en \u00e9tions aux derniers adieux d&rsquo;un dimanche pass\u00e9 \u00ab en famille \u00bb (pour ainsi dire, car nous \u00e9tions entour\u00e9s de centaines de personnes) r\u00e9alisant des activit\u00e9s visant \u00e0 collecter des fonds pour nos jeunes. L&rsquo;un des premiers amis v\u00e9n\u00e9zu\u00e9liens que j&rsquo;ai rencontr\u00e9s il y a des ann\u00e9es m&rsquo;avait pr\u00e9sent\u00e9 un jeune homme de 18 ans : Jes\u00fas. Il m&rsquo;avait d\u00e9j\u00e0 racont\u00e9 ce qu&rsquo;il avait v\u00e9cu depuis qu&rsquo;il avait quitt\u00e9 le Venezuela \u00e0 l&rsquo;\u00e2ge de 16 ans, seul ! Deux ans d&rsquo;aventures, de quoi faire un film d&rsquo;action, avec de nombreux moments de suspense. Depuis quinze jours, il se trouvait au P\u00e9rou. En discutant avec lui, je d\u00e9couvre qu&rsquo;il dort sur une natte \u00e0 m\u00eame le sol ! Diligemment, il avait pr\u00e9vu avec son premier salaire (il avait en effet imm\u00e9diatement trouv\u00e9 du travail au P\u00e9rou) de r\u00e9gler le probl\u00e8me des documents et de penser ensuite au lit. \u00c0 ce moment-l\u00e0, je n&rsquo;avais pas de solution, mais nous nous sommes promis de rester en contact. Peu apr\u00e8s les adieux, j&rsquo;ai rencontr\u00e9 une de nos collaboratrices qui, sans rien savoir des besoins de Jes\u00fas, m&rsquo;a demand\u00e9 : \u00ab Alors, qu&rsquo;est-ce qu&rsquo;on fait de ce lit \u00bb ? \u00ab Mais comment ? Tu l&rsquo;as encore ? \u00bb, m&rsquo;\u00e9tonne-je. \u00ab Oui, me dit-elle \u00bb. Je rappelle imm\u00e9diatement Jes\u00fas qui quittait le Centre. Il nous rejoint imm\u00e9diatement et, en apprenant qu&rsquo;il y avait d\u00e9j\u00e0 un lit pour lui, j\u2019ai vu une forte lumi\u00e8re dans ses yeux. Il ne s&rsquo;\u00e9tait pas \u00e9coul\u00e9 deux minutes depuis que je lui avais dit que j&rsquo;essaierais de trouver une solution !             <\/p>\n\n<p><strong>\u00c9chographies gratuites<\/strong><\/p>\n\n<p>De nombreux migrants viennent dans notre centre pour des soins m\u00e9dicaux et parfois m\u00eame des tests de diagnostic. Une autre b\u00e9n\u00e9diction du ciel s&rsquo;est produite il y a peu : un centre m\u00e9dical pr\u00e8s de chez nous nous a offert la possibilit\u00e9 de faire des \u00e9chographies gratuites. Ils veulent donner cette possibilit\u00e9 \u00e0 ceux qui n&rsquo;ont pas les moyens de payer ces examens. Un v\u00e9ritable cadeau pour beaucoup de nos patients.   <\/p>\n\n<p class=\"has-text-align-right\"><em>Silvano R. \u2013 Per\u00f9<\/em><\/p>\n","protected":false},"excerpt":{"rendered":"<p>Les \u00c9vangiles racontent comment les disciples ont v\u00e9cu des exp\u00e9riences inoubliables de joie et de lumi\u00e8re aux c\u00f4t\u00e9s de J\u00e9sus et comment ils les ont gard\u00e9es pr\u00e9cieusement, y puisant leur force dans les moments difficiles. Nous aussi, nous avons peut-\u00eatre fait l&rsquo;exp\u00e9rience de la pr\u00e9sence et de l&rsquo;action de Dieu dans notre vie, avec \u00e9merveillement et \u00e9motion. Nous sommes heureux de d\u00e9couvrir son intervention d&rsquo;Amour dans notre vie quotidienne. Comme cela s&rsquo;est produit au P\u00e9rou dans un centre qui travaille depuis des ann\u00e9es \u00e0 l&rsquo;accueil et \u00e0 l&rsquo;accompagnement des migrants, notamment en provenance du Venezuela.    <\/p>\n","protected":false},"author":33,"featured_media":362394,"comment_status":"open","ping_status":"open","sticky":false,"template":"","format":"standard","meta":{"give_campaign_id":0,"_seopress_robots_primary_cat":"","_seopress_titles_title":"","_seopress_titles_desc":"","_seopress_robots_index":"","_et_pb_use_builder":"","_et_pb_old_content":"","_et_gb_content_width":"","footnotes":""},"categories":[3287,3309],"tags":[3348,3197],"class_list":["post-362167","post","type-post","status-publish","format-standard","has-post-thumbnail","hentry","category-testimonianze-di-vita-fr","category-vite-vissute-fr","tag-notifiche-fr","tag-ppg-fr"],"_links":{"self":[{"href":"https:\/\/www.focolare.org\/fr\/wp-json\/wp\/v2\/posts\/362167","targetHints":{"allow":["GET"]}}],"collection":[{"href":"https:\/\/www.focolare.org\/fr\/wp-json\/wp\/v2\/posts"}],"about":[{"href":"https:\/\/www.focolare.org\/fr\/wp-json\/wp\/v2\/types\/post"}],"author":[{"embeddable":true,"href":"https:\/\/www.focolare.org\/fr\/wp-json\/wp\/v2\/users\/33"}],"replies":[{"embeddable":true,"href":"https:\/\/www.focolare.org\/fr\/wp-json\/wp\/v2\/comments?post=362167"}],"version-history":[{"count":0,"href":"https:\/\/www.focolare.org\/fr\/wp-json\/wp\/v2\/posts\/362167\/revisions"}],"wp:featuredmedia":[{"embeddable":true,"href":"https:\/\/www.focolare.org\/fr\/wp-json\/wp\/v2\/media\/362394"}],"wp:attachment":[{"href":"https:\/\/www.focolare.org\/fr\/wp-json\/wp\/v2\/media?parent=362167"}],"wp:term":[{"taxonomy":"category","embeddable":true,"href":"https:\/\/www.focolare.org\/fr\/wp-json\/wp\/v2\/categories?post=362167"},{"taxonomy":"post_tag","embeddable":true,"href":"https:\/\/www.focolare.org\/fr\/wp-json\/wp\/v2\/tags?post=362167"}],"curies":[{"name":"wp","href":"https:\/\/api.w.org\/{rel}","templated":true}]}}