{"id":362305,"date":"2024-08-19T15:15:00","date_gmt":"2024-08-19T13:15:00","guid":{"rendered":"https:\/\/www.focolare.org\/?p=362305"},"modified":"2024-08-19T15:06:44","modified_gmt":"2024-08-19T13:06:44","slug":"uniredes-esperance-pour-lamerique-latine-et-pour-le-monde","status":"publish","type":"post","link":"https:\/\/www.focolare.org\/fr\/uniredes-esperance-pour-lamerique-latine-et-pour-le-monde\/","title":{"rendered":"UNIRedes : esp\u00e9rance pour l\u2019Am\u00e9rique Latine et pour le monde"},"content":{"rendered":"\n<p>L&rsquo;antenne de Pedrinhas (SP, Br\u00e9sil) de la <em><a href=\"https:\/\/portalfazenda.org.br\/\">Fazenda da Esperan\u00e7a<\/a> <\/em>accueille des jeunes et des adultes qui sont \u00e0 diff\u00e9rents stades de r\u00e9tablissement de la toxicomanie et de diff\u00e9rentes formes de d\u00e9pendance et de malaise social. Il n&rsquo;y avait pas de meilleur lieu pour accueillir la rencontre <em><strong>d&rsquo;UNIRedes<\/strong><\/em>, la plateforme d&rsquo;ONG, de projets sociaux, humanitaires et d&rsquo;agences culturelles qui s&rsquo;inspirent de la spiritualit\u00e9 de l&rsquo;unit\u00e9 de Chiara Lubich en Am\u00e9rique latine. 140 personnes repr\u00e9sentant 37 des 74 organisations partenaires d&rsquo;UNIRedes, actives dans 12 pays d&rsquo;Am\u00e9rique latine et des Cara\u00efbes, \u00e9taient pr\u00e9sentes.  <\/p>\n\n<p>L&rsquo;objectif de la rencontre \u00e9tait de pr\u00e9senter le travail de ces ann\u00e9es \u00e0 Margaret Karram et Jes\u00fas Mor\u00e1n, pr\u00e9sents \u00e0 la rencontre ; de d\u00e9finir les prochaines \u00e9tapes communes \u00e0 toutes les organisations partenaires et de renforcer le lien avec le Mouvement des Focolari, afin de partager l&rsquo;exp\u00e9rience acquise, y compris au-del\u00e0 du continent latino-am\u00e9ricain.<\/p>\n\n<p><strong>UNIRedes : un r\u00e9seau de r\u00e9seaux<\/strong><\/p>\n\n<p>Maria Celeste Mancuso, d&rsquo;Argentine, coresponsable internationale du Mouvement Humanit\u00e9 Nouvelle, explique qu&rsquo;<em>UNIRedes<\/em> n&rsquo;est pas seulement un super projet de solidarit\u00e9 : \u00ab C&rsquo;est aussi un espace qui g\u00e9n\u00e8re une r\u00e9flexion culturelle visant \u00e0 identifier les cat\u00e9gories anthropologiques et \u00e9pist\u00e9mologiques n\u00e9cessaires pour g\u00e9n\u00e9rer une nouvelle culture de l&rsquo;attention \u00e0 la personne et aux soci\u00e9t\u00e9s latino-am\u00e9ricaines. \u00bb<br\/>C&rsquo;est pour cette raison que les agences culturelles inspir\u00e9es par le charisme de l&rsquo;unit\u00e9, telles que l&rsquo;Institut Universitaire Sophia (Loppiano, Italie), sa branche locale, Sophia Am\u00e9rique Latine et Cara\u00efbes (ALC), et le Centre Universitaire ASCES UNITA de Caruaru (PE), en font partie int\u00e9grante. <\/p>\n\n<p>Virginia Osorio, Uruguayenne, l&rsquo;une des initiatrices du projet, en explique les origines : Les changements politiques et \u00e9conomiques constants dans nos pays rendaient nos organisations de plus en plus fragiles et isol\u00e9es. Avec UNIRedes, nous avons trouv\u00e9 un lieu o\u00f9 nous renforcer mutuellement et partager nos souffrances et nos espoirs. Notre dernier projet concernait le Genfest : des centaines de jeunes ont fait du volontariat aupr\u00e8s de plusieurs de nos organisations, faisant ainsi une exp\u00e9rience directe de fraternit\u00e9 et de proximit\u00e9 avec les plus d\u00e9munis.<\/p>\n\n<p><strong>La racine commune : \u00ab Donner la vie pour son peuple \u00bb<\/strong><\/p>\n\n<p>La premi\u00e8re racine d&rsquo;UNIRedes ne repose pas sur des analyses g\u00e9opolitiques ou \u00e9conomiques : il faut remonter au d\u00e9but des ann\u00e9es soixante-dix, lorsque les Gen, les jeunes des Focolari, comme beaucoup des jeunes de leur \u00e2ge de nombreux pays, voulaient changer le monde et instaurer l&rsquo;\u00e9galit\u00e9, la justice, la dignit\u00e9.<\/p>\n\n<p>Chiara Lubich, qui les rencontrait fr\u00e9quemment, avait soutenu et confirm\u00e9 la n\u00e9cessit\u00e9 d&rsquo;une r\u00e9volution sociale pacifique, en particulier en Am\u00e9rique latine, continent qu&rsquo;elle consid\u00e9rait comme ayant cette vocation particuli\u00e8re. Elle disait aux jeunes des Focolari que \u00ab <em>chacun doit sentir que nous devons donner notre vie pour l&rsquo;humanit\u00e9, mais il faut que nous trouvions notre J\u00e9sus abandonn\u00e9 local, afin de donner la vie pour notre peuple<\/em>[1] \u00bb.<br\/><br\/><br\/><br\/><\/p>\n\n<p>\u00ab C&rsquo;est ainsi que beaucoup se sont rendus \u00e0 la p\u00e9riph\u00e9rie des villes, dans les favelas, partout o\u00f9 la pauvret\u00e9 privait les personnes de leur dignit\u00e9 \u00bb, explique Gilvan David, un Br\u00e9silien du groupe latino-am\u00e9ricain de coordination de UNIRedes. \u00ab Les premi\u00e8res ONG sont n\u00e9es et, entre-temps, nous tentions de nous structurer, mais ce n&rsquo;\u00e9tait pas suffisant : \u00ab\u00a0Vous venez \u00e0 nous &#8211; nous disaient les [plus] pauvres -, mais ensuite vous partez et vous nous laissez seuls.\u00a0\u00bb Pour r\u00e9pondre \u00e0 ce cri, nous avons commenc\u00e9 \u00e0 travailler en r\u00e9seau avec les politiques publiques locales et, \u00e0 la m\u00eame p\u00e9riode, plusieurs pr\u00eatres qui vivaient la spiritualit\u00e9 de l&rsquo;unit\u00e9 ont fond\u00e9 des projets sociaux : Frei Hans avec la Fazenda da Esperan\u00e7a, le p\u00e8re Renato Chiera avec la <a href=\"https:\/\/casadomenor.org\/?lang=pt-br\">Casa do Menor <\/a>et d\u2019autres. \u00bb  <\/p>\n\n<p><strong>Une \u201cunique\u201d Am\u00e9rique Latine<\/strong><\/p>\n\n<p>Puis les premiers groupes d&rsquo;organisations ont vu le jour \u2013 poursuit Gilvan David \u2013, \u2018<a href=\"https:\/\/sumafraternidad.org\/\">Sum\u00e1 Fraternidad<\/a>\u2019 qui regroupait les projets de quelques pays hispanophones ; l&rsquo;association civile \u2018<a href=\"https:\/\/promociondelapersona.org\/\">Promocion Integral de la Persona<\/a>\u2019 (PIP) au Mexique et les organisations sociales br\u00e9siliennes continuaient \u00e0 se d\u00e9velopper, trouvant leur propre identit\u00e9 et leur espace de service. Ces ann\u00e9es n&rsquo;ont pas \u00e9t\u00e9 faciles, mais nous avons commenc\u00e9 plusieurs parcours dans diff\u00e9rents territoires d&rsquo;Am\u00e9rique latine pour soutenir leur engagement social, qui ont ensuite fusionn\u00e9 avec UNIRedes.<br\/>Nous nous sommes r\u00e9unis \u00e0 plusieurs reprises, mais la rencontre fondatrice a eu lieu en 2014, en pr\u00e9sence de Maria Voce (Emma\u00fcs) et de Giancarlo Faletti, alors respectivement Pr\u00e9sidente et Copr\u00e9sident du Mouvement des Focolari. Emma\u00fcs avait dit \u00e0 cette occasion : \u00ab\u00a0Vous donnez au Mouvement une nouvelle visibilit\u00e9, un nouveau sens \u00e0 son action, vous \u00eates un t\u00e9moignage pour ceux qui vous regardent de l&rsquo;ext\u00e9rieur ; vous donnez une visibilit\u00e9 compl\u00e8te au charisme par le biais d&rsquo;actions concr\u00e8tes.\u00a0\u00bb Je dirais que c&rsquo;est \u00e0 ce moment-l\u00e0 que nous nous sommes reconnus comme une r\u00e9alit\u00e9 unique pour toute l&rsquo;Am\u00e9rique Latine : nous nous sommes retrouv\u00e9s envelopp\u00e9s par le \u00ab\u00a0charisme de l&rsquo;unit\u00e9\u00a0\u00bb.    <\/p>\n\n<p>Les contributions qui ont construit cette rencontre ont \u00e9t\u00e9 nombreuses et substantielles, avec la pr\u00e9sentation des diff\u00e9rentes organisations partenaires.<\/p>\n\n<p><strong>Juan Esteban Belderrain : de l\u2019in\u00e9galit\u00e9 \u00e0 l\u2019esp\u00e9rance<\/strong><\/p>\n\n<p>Le politologue argentin Juan Esteban Balderrain a analys\u00e9 le plaie de l&rsquo;in\u00e9galit\u00e9, dont l&rsquo;Am\u00e9rique latine d\u00e9tient le record mondial. \u00ab Il s&rsquo;agit de construire une vision de ce continent qui parte de l&rsquo;espoir et c&rsquo;est possible parce que si nous regardons la racine la plus profonde du probl\u00e8me des in\u00e9galit\u00e9s, nous trouvons la perte de r\u00e9f\u00e9rence au Dieu qui est amour et qui nous aide \u00e0 comprendre que nous sommes fr\u00e8res et s\u0153urs les uns des autres et de la nature, qui est aussi l&rsquo;expression de son amour. Se r\u00e9f\u00e9rant au XXe si\u00e8cle, Paul VI a dit que c&rsquo;\u00e9tait un temps b\u00e9ni parce qu&rsquo;il exigeait de tous la saintet\u00e9. Je pense que ces mots s&rsquo;appliquent \u00e9galement au n\u00f4tre. \u00bb <\/p>\n\n<p><strong>P\u00e8re Vilson Groh : La \u00ab mystique des yeux ouverts \u00bb<\/strong><\/p>\n\n<p>Depuis plus de 40 ans, le p\u00e8re Vilson vit dans le \u00ab\u00a0morro\u00a0\u00bb, une favela de Florianopolis (Santa Catarina, Br\u00e9sil), o\u00f9 il m\u00e8ne des projets sociaux, en particulier pour les jeunes. Il a parl\u00e9 de la \u00ab mystique des yeux ouverts \u00bb : \u00ab Nous devons porter nos organisations dans les caves sombres de nos p\u00e9riph\u00e9ries, y \u00eatre un espoir. Le Genfest a apport\u00e9 la perspective de \u00ab\u00a0l&rsquo;ensemble\u00a0\u00bb, que le pape Fran\u00e7ois promeut. Cela requiert un cheminement patient et r\u00e9silient ; cela demande d&rsquo;\u00eatre d\u00e9termin\u00e9s dans la poursuite du bien commun. L&rsquo;unit\u00e9 est sup\u00e9rieure au conflit, dit toujours le Pape, et l&rsquo;unit\u00e9, est pluralit\u00e9. Introduisons la diversit\u00e9 dans nos organisations : le charisme de l&rsquo;unit\u00e9 est une porte par laquelle le Christ bless\u00e9 ouvre des espaces. \u00bb    <\/p>\n\n<p><strong>Vera Araujo : L\u2019Am\u00e9rique Latine constructrice de fraternit\u00e9<\/strong><\/p>\n\n<p>L&rsquo;intervention de la sociologue br\u00e9silienne s&rsquo;est concentr\u00e9e sur une vision positive qui sait reconna\u00eetre le patrimoine culturel et humain latino-am\u00e9ricain et qui l&rsquo;offre au monde comme un don.<\/p>\n\n<p>\u00ab UNIRedes trouve son origine dans le charisme de Chiara Lubich et peut devenir une chance inou\u00efe pour le reste du monde : l&rsquo;unit\u00e9 vue non seulement comme une valeur religieuse, mais aussi comme une force capable de former efficacement la famille humaine, en r\u00e9alisant une interaction entre la multiplicit\u00e9 des personnes, tout en pr\u00e9servant les distinctions dans le contexte des r\u00e9alit\u00e9s sociales. Ici, le charisme de l&rsquo;unit\u00e9 offre une solution qui n&rsquo;est pas facile, mais un sens, une signification, une Personne : le Christ abandonn\u00e9 sur la croix. <\/p>\n\n<p>\u00ab <em>Pour bien aimer<\/em> \u2013 dit Chiara -, <em>ne pas consid\u00e9rer seulement les difficult\u00e9s, les erreurs et les souffrances du monde comme des maux sociaux auxquels (il faut) porter rem\u00e8de, mais y d\u00e9couvrir le visage du Christ qui ne d\u00e9daigne pas de se cacher derri\u00e8re toute mis\u00e8re humaine<\/em> [<a href=\"#_ftnref2\">2<\/a>].\u00bb<br\/><br\/><br\/><br\/><\/p>\n\n<p><strong>Susana Nuin N\u00fa\u00f1ez : la marche des peuples et des mouvements sociaux<\/strong><\/p>\n\n<p>La sociologue uruguayenne a d\u00e9crit le parcours et la richesse sociale, politique, \u00e9conomique des peuples du continent et de quelques mouvements sociaux. \u00ab Ces r\u00e9seaux aux physionomies les plus vari\u00e9es, avec leurs d\u00e9veloppements dans les pratiques sociales ou dans le monde acad\u00e9mique, agissent de mani\u00e8re compl\u00e9mentaire, g\u00e9n\u00e9rant un tissu socioculturel indiscutable au caract\u00e8re communautaire multiforme dont l&rsquo;Am\u00e9rique latine est porteuse. \u00bb Elle a soulign\u00e9 ensuite la particularit\u00e9 d&rsquo;UNIRedes qui, depuis plus de dix ans, est un sujet social qui gu\u00e9rit, r\u00e9volutionne, transforme et agit \u00e0 partir de l&rsquo;\u00c9vangile et de la Parole de l&rsquo;unit\u00e9.   <\/p>\n\n<p><strong>Margaret Karram et Jes\u00fas Mor\u00e1n : UNIRedes fait partie du Mouvement des Focolari<\/strong><\/p>\n\n<p>\u00ab Ceux qui veulent vivre l&rsquo;Evangile dans cette r\u00e9gion sont toujours en crise parce qu&rsquo;ils voient constamment des in\u00e9galit\u00e9s \u00bb \u2013 a soulign\u00e9 <strong>Jes\u00fas<\/strong>. \u00ab L&rsquo;unit\u00e9 ne peut laisser de c\u00f4t\u00e9 cette r\u00e9alit\u00e9. Comment pouvons-nous construire l&rsquo;unit\u00e9 sur ce continent, sans prendre en compte ceux qui sont rejet\u00e9s par la soci\u00e9t\u00e9 ? Ce que vous faites en tant qu&rsquo;UNIRedes doit inspirer l&rsquo;ensemble du Mouvement dans cette r\u00e9gion. Son travail pour l&rsquo;unit\u00e9 n&rsquo;est pas cr\u00e9dible s&rsquo;il ne passe pas aussi par les \u0153uvres sociales. Bien s\u00fbr, ce n&rsquo;est pas nous qui r\u00e9soudrons les probl\u00e8mes sociaux. La seule chose que nous pouvons faire, c&rsquo;est faire en sorte que les personnes se convertissent \u00e0 l&rsquo;amour. Si nous touchons les c\u0153urs, quelqu&rsquo;un saisira l&rsquo;esprit et, dans la libert\u00e9, comprendra comment vivre l&rsquo;\u00c9vangile. \u00bb <\/p>\n\n<figure class=\"wp-block-gallery has-nested-images columns-default is-cropped wp-block-gallery-1 is-layout-flex wp-block-gallery-is-layout-flex\">\n<figure class=\"wp-block-image size-large\"><img alt=\"\" alt=\"\" loading=\"lazy\" decoding=\"async\" width=\"1024\" height=\"768\" data-id=\"362316\" src=\"https:\/\/www.focolare.org\/wp-content\/uploads\/2024\/08\/1722033391844-1024x768.jpg\" alt=\"\" class=\"wp-image-362316\" srcset=\"https:\/\/www.focolare.org\/wp-content\/uploads\/2024\/08\/1722033391844-1024x768.jpg 1024w, https:\/\/www.focolare.org\/wp-content\/uploads\/2024\/08\/1722033391844-980x735.jpg 980w, https:\/\/www.focolare.org\/wp-content\/uploads\/2024\/08\/1722033391844-480x360.jpg 480w\" sizes=\"(min-width: 0px) and (max-width: 480px) 480px, (min-width: 481px) and (max-width: 980px) 980px, (min-width: 981px) 1024px, 100vw\" \/><\/figure>\n\n\n\n<figure class=\"wp-block-image size-large\"><img alt=\"\" alt=\"\" loading=\"lazy\" decoding=\"async\" width=\"1024\" height=\"768\" data-id=\"362328\" src=\"https:\/\/www.focolare.org\/wp-content\/uploads\/2024\/08\/1722033391794-1024x768.jpg\" alt=\"\" class=\"wp-image-362328\" srcset=\"https:\/\/www.focolare.org\/wp-content\/uploads\/2024\/08\/1722033391794-1024x768.jpg 1024w, https:\/\/www.focolare.org\/wp-content\/uploads\/2024\/08\/1722033391794-980x735.jpg 980w, https:\/\/www.focolare.org\/wp-content\/uploads\/2024\/08\/1722033391794-480x360.jpg 480w\" sizes=\"(min-width: 0px) and (max-width: 480px) 480px, (min-width: 481px) and (max-width: 980px) 980px, (min-width: 981px) 1024px, 100vw\" \/><\/figure>\n\n\n\n<figure class=\"wp-block-image size-large\"><img alt=\"\" alt=\"\" loading=\"lazy\" decoding=\"async\" width=\"1024\" height=\"461\" data-id=\"362314\" src=\"https:\/\/www.focolare.org\/wp-content\/uploads\/2024\/08\/IMG-20240726-WA0240-1024x461.jpg\" alt=\"\" class=\"wp-image-362314\" srcset=\"https:\/\/www.focolare.org\/wp-content\/uploads\/2024\/08\/IMG-20240726-WA0240-980x441.jpg 980w, https:\/\/www.focolare.org\/wp-content\/uploads\/2024\/08\/IMG-20240726-WA0240-480x216.jpg 480w\" sizes=\"(min-width: 0px) and (max-width: 480px) 480px, (min-width: 481px) and (max-width: 980px) 980px, (min-width: 981px) 1024px, 100vw\" \/><\/figure>\n<\/figure>\n\n<hr class=\"wp-block-separator has-alpha-channel-opacity\"\/>\n\n<p><strong>Margaret <\/strong>a encourag\u00e9 UNIRedes \u00e0 aller de l&rsquo;avant : \u00ab Maintenant, vous devez comprendre comment faire arriver \u00e0 tous dans le monde votre vie et votre exemple. \u00bb. Citant une intervention de Chiara Lubich datant de 1956, elle a rappel\u00e9 que, dans son engagement social, le Mouvement ne doit pas oublier que la cl\u00e9 de la r\u00e9solution des probl\u00e8mes qu&rsquo;offre le charisme de l&rsquo;unit\u00e9 r\u00e9side dans la nouveaut\u00e9 de la r\u00e9ciprocit\u00e9 plus que dans la justice. Il promeut le partage, la mise en commun entre tous du peu ou de la richesse dont on dispose pour cr\u00e9er un plus grand Bien Commun qui, en plus de r\u00e9soudre les probl\u00e8mes sociaux, produit l&rsquo;\u00e9panouissement humain et spirituel qui ne se produit que dans la communion entre tous. Enfin, Margaret la lanc\u00e9 une proposition : \u00ab Ajouter un nouvel article \u00e0 votre <em>Charte des principes et des engagements<\/em> : <strong>un pacte solennel de fraternit\u00e9 <\/strong>\u00e0 proposer \u00e0 ceux qui veulent faire partie d&rsquo;UNIRedes : nous sommes ici pour t\u00e9moigner de l&rsquo;amour r\u00e9ciproque et c&rsquo;est seulement si nous avons cet amour que le monde croira. \u00bb   <\/p>\n\n<p>\u00ab UNIRedes nous parle d\u2019esp\u00e9rance \u00bb, a conclu M. Celeste Mancuso. \u00ab Il s&rsquo;agit d&rsquo;une proposition transversale et synodale de r\u00e9seau organisationnel, qui peut inspirer des mod\u00e8les semblables pour les p\u00e9riph\u00e9ries existentielles d&rsquo;autres parties de notre vaste monde. De cette mani\u00e8re, nous pourrons penser \u00e0 construire des r\u00e9seaux mondiaux de fraternit\u00e9 qui promeuvent le bien commun. \u00bb <\/p>\n\n<p class=\"has-text-align-right\"><em>Stefania Tanesini<\/em><\/p>\n\n<hr class=\"wp-block-separator has-alpha-channel-opacity\"\/>\n\n<div class=\"wp-block-group is-layout-constrained wp-block-group-is-layout-constrained\">\n<p class=\"has-small-font-size\"><a href=\"#_ftnref1\" id=\"_ftn1\">[1]<\/a> Chiara Lubich aux jeunes des Focolari, Rocca di Papa (Rome, Italie), 15 mai 1977.<\/p>\n\n\n\n<p class=\"has-small-font-size\"><a href=\"#_ftnref2\" id=\"_ftn2\">[2]<\/a> Chiara Lubich, \u201cPour une civilisation de l\u2019unit\u00e9\u201d. Discours proph\u00e9tique au Congr\u00e8s \u201cUne culture de paix pour l\u2019unit\u00e9 des peuples\u201d. Castelgandolfo, (Rome) 11-12 juin 1988. <\/p>\n<\/div>\n","protected":false},"excerpt":{"rendered":"<p>Elle rassemble 74 organisations sociales inspir\u00e9es par la spiritualit\u00e9 des Focolari en Am\u00e9rique latine et aux Cara\u00efbes, mais s&rsquo;adresse au monde entier. Les associations partenaires d&rsquo;UNIRedes se sont retrouv\u00e9es du 25 au 27 juillet dernier au Br\u00e9sil pour faire le point et envisager ensemble l&rsquo;avenir. <\/p>\n","protected":false},"author":33,"featured_media":362295,"comment_status":"open","ping_status":"open","sticky":false,"template":"","format":"standard","meta":{"give_campaign_id":0,"_seopress_robots_primary_cat":"","_seopress_titles_title":"","_seopress_titles_desc":"","_seopress_robots_index":"","_et_pb_use_builder":"","_et_pb_old_content":"","_et_gb_content_width":"","footnotes":""},"categories":[906,47],"tags":[3348,3197],"class_list":["post-362305","post","type-post","status-publish","format-standard","has-post-thumbnail","hentry","category-focolare-worldwide-2-3","category-non-classifiee","tag-notifiche-fr","tag-ppg-fr"],"_links":{"self":[{"href":"https:\/\/www.focolare.org\/fr\/wp-json\/wp\/v2\/posts\/362305","targetHints":{"allow":["GET"]}}],"collection":[{"href":"https:\/\/www.focolare.org\/fr\/wp-json\/wp\/v2\/posts"}],"about":[{"href":"https:\/\/www.focolare.org\/fr\/wp-json\/wp\/v2\/types\/post"}],"author":[{"embeddable":true,"href":"https:\/\/www.focolare.org\/fr\/wp-json\/wp\/v2\/users\/33"}],"replies":[{"embeddable":true,"href":"https:\/\/www.focolare.org\/fr\/wp-json\/wp\/v2\/comments?post=362305"}],"version-history":[{"count":0,"href":"https:\/\/www.focolare.org\/fr\/wp-json\/wp\/v2\/posts\/362305\/revisions"}],"wp:featuredmedia":[{"embeddable":true,"href":"https:\/\/www.focolare.org\/fr\/wp-json\/wp\/v2\/media\/362295"}],"wp:attachment":[{"href":"https:\/\/www.focolare.org\/fr\/wp-json\/wp\/v2\/media?parent=362305"}],"wp:term":[{"taxonomy":"category","embeddable":true,"href":"https:\/\/www.focolare.org\/fr\/wp-json\/wp\/v2\/categories?post=362305"},{"taxonomy":"post_tag","embeddable":true,"href":"https:\/\/www.focolare.org\/fr\/wp-json\/wp\/v2\/tags?post=362305"}],"curies":[{"name":"wp","href":"https:\/\/api.w.org\/{rel}","templated":true}]}}