{"id":362750,"date":"2024-09-01T00:05:00","date_gmt":"2024-08-31T22:05:00","guid":{"rendered":"https:\/\/www.focolare.org\/?p=362750"},"modified":"2024-09-18T08:52:55","modified_gmt":"2024-09-18T06:52:55","slug":"soyez-de-ceux-qui-mettent-la-parole-en-pratique-et-ne-se-contentent-pas-seulement-de-lecouter-en-vous-trompant-vous-memes-jc-122","status":"publish","type":"post","link":"https:\/\/www.focolare.org\/fr\/soyez-de-ceux-qui-mettent-la-parole-en-pratique-et-ne-se-contentent-pas-seulement-de-lecouter-en-vous-trompant-vous-memes-jc-122\/","title":{"rendered":"\u00ab Soyez de ceux qui mettent la parole en pratique et ne se contentent pas seulement de l\u2019\u00e9couter en vous trompant vous-m\u00eames \u00bb (Jc 1,22)."},"content":{"rendered":"\n<p><\/p>\n\n<p>Le th\u00e8me de l\u2019\u00e9coute et de la pratique est un th\u00e8me fondamental sur lequel insiste l\u2019auteur du verset de ce mois. En effet, la lettre poursuit : \u201cMais celui qui fixe son regard sur la loi parfaite, la loi de la libert\u00e9, et qui lui reste fid\u00e8le, non comme un auditeur oublieux, mais comme quelqu\u2019un qui la met en pratique, celui-l\u00e0 trouvera son bonheur\u201d (<em>Jc<\/em> 1,25). Et c\u2019est pr\u00e9cis\u00e9ment cet engagement \u00e0 conna\u00eetre Ses paroles et \u00e0 les vivre qui nous rend libres et nous donne la joie.  <\/p>\n\n<p>On pourrait dire que le verset biblique de ce mois-ci est \u00e0 lui seul la raison d\u2019\u00eatre de la pratique de la Parole de Vie qui s\u2019est r\u00e9pandue dans le monde entier. Une fois par semaine, puis une fois par mois, Chiara Lubich choisissait une phrase compl\u00e8te de l\u2019\u00c9criture et la commentait. On se retrouvait, on se partageait les fruits de ce que la Parole avait op\u00e9r\u00e9 \u00e0 travers les exp\u00e9riences de vie, cr\u00e9ant ainsi une communaut\u00e9 unie qui montrait les d\u00e9buts des changements sociaux dont elle \u00e9tait capable.  <\/p>\n\n<p>\u201cMalgr\u00e9 sa simplicit\u00e9, l\u2019initiative a apport\u00e9 une contribution notable \u00e0 la red\u00e9couverte de la Parole de Dieu dans le monde chr\u00e9tien du vingti\u00e8me si\u00e8cle \u00bb<a href=\"#_ftn1\" id=\"_ftnref1\">[1],<\/a> transmettant ainsi une \u201cm\u00e9thode\u201d pour vivre l\u2019\u00c9vangile et en partager les effets. <\/p>\n\n<p><strong>\u00ab Soyez de ceux qui mettent la parole en pratique et ne se contentent pas seulement de l\u2019\u00e9couter en vous trompant vous-m\u00eames \u00bb<\/strong><\/p>\n\n<p>La lettre de Jacques reprend ce que J\u00e9sus a annonc\u00e9 pour faire vivre et exp\u00e9rimenter la r\u00e9alit\u00e9 du Royaume des cieux parmi nous : il d\u00e9clare bienheureux celui qui \u00e9coute sa parole et la garde ; il reconna\u00eet comme sa m\u00e8re et ses fr\u00e8res ceux qui l\u2019\u00e9coutent et la mettent en pratique2 ; il la compare \u00e0 la semence qui, si elle tombe sur une bonne terre, c\u2019est-\u00e0-dire sur ceux qui l\u2019\u00e9coutent d\u2019un c\u0153ur bon et entier et la gardent, produira du fruit gr\u00e2ce \u00e0 leur pers\u00e9v\u00e9rance.<\/p>\n\n<p>\u201cDans chacune de ses paroles, J\u00e9sus exprime tout son amour pour nous\u201d, \u00e9crit Chiara Lubich. Incarnons-la, faisons-la n\u00f4tre, exp\u00e9rimentons la puissance de vie qu\u2019elle lib\u00e8re, si elle est v\u00e9cue, en nous et autour de nous. Soyons amoureux de l\u2019\u00c9vangile au point de nous laisser transformer par lui et de toucher ainsi les autres. [&#8230;] Nous nous lib\u00e9rons ainsi de nous-m\u00eames, de nos limites, de nos esclavages,   <\/p>\n\n<p>et non seulement cela, mais nous verrons exploser la r\u00e9volution de l\u2019amour que J\u00e9sus, libre de vivre en nous, provoquera dans le tissu social dans lequel nous sommes immerg\u00e9s\u201d<a href=\"#_ftn2\" id=\"_ftnref2\">[2]<\/a>.<br\/><br\/><\/p>\n\n<p> <strong>\u00ab Soyez de ceux qui mettent la parole en pratique et ne se contentent pas seulement de l\u2019\u00e9couter en vous trompant vous-m\u00eames \u00bb<\/strong><\/p>\n\n<p>Comment pouvons-nous mettre cette parole en pratique ? Regardons autour de nous et faisons tout notre possible pour nous mettre au service de ceux qui sont dans le besoin par de petits ou grands gestes d\u2019attention mutuelle, en contribuant \u00e0 la transformation des structures injustes de la soci\u00e9t\u00e9, en combattant la violence, en promouvant des gestes de paix et de r\u00e9conciliation, en grandissant dans la sensibilit\u00e9 et dans les actions en faveur de notre plan\u00e8te.  <\/p>\n\n<p>Une authentique r\u00e9volution fera ainsi irruption dans nos vies et dans celles de la communaut\u00e9 dans laquelle nous vivons, dans l\u2019environnement de travail dans lequel nous \u00e9voluons. <\/p>\n\n<p>L\u2019amour se manifeste dans des actions sociales et politiques qui cherchent \u00e0 construire un monde meilleur. De l\u2019engagement d\u2019une petite communaut\u00e9 de Focolari au service des personnes les plus fragiles est n\u00e9 au P\u00e9rou un Centre pour personnes \u00e2g\u00e9es portant le nom de la fondatrice du mouvement, \u00e0 L\u00e1mud, une ville de l\u2019Amazonie p\u00e9ruvienne situ\u00e9e \u00e0 2 330 m\u00e8tres d\u2019altitude.  <\/p>\n\n<p>\u201cLe Centre a \u00e9t\u00e9 inaugur\u00e9 au plus fort de la pand\u00e9mie et accueille 50 personnes \u00e2g\u00e9es qui \u00e9taient seules. La maison, les meubles, la vaisselle et m\u00eame la nourriture ont \u00e9t\u00e9 offerts par la communaut\u00e9 voisine. Ce fut un pari, non sans difficult\u00e9s et obstacles, mais en mars 2022, le centre a f\u00eat\u00e9 son premier anniversaire, ouvrant ses portes \u00e0 la ville, avec une f\u00eate \u00e0 laquelle m\u00eame les autorit\u00e9s politiques ont particip\u00e9. Les deux jours de c\u00e9l\u00e9brations ont attir\u00e9 de nouveaux b\u00e9n\u00e9voles, adultes et enfants, d\u00e9sireux de s\u2019occuper de grands-parents isol\u00e9s et d\u2019agrandir leur famille\u201d.<a href=\"#_ftn3\" id=\"_ftnref3\"> [3]<\/a><\/p>\n\n<p class=\"has-text-align-right\"><em>Patrizia Mazzola et l\u2019\u00e9quipe de la Parole de Vie<\/em><\/p>\n\n<hr class=\"wp-block-separator has-alpha-channel-opacity\"\/>\n\n<p class=\"has-small-font-size\"><a href=\"#_ftnref1\" id=\"_ftn1\">[1]<\/a> C. Lubich, <em>Parole di Vita<\/em>, <em>Introduzione<\/em>, a cura di Fabio Ciardi, (Opere di Chiara Lubich 5), Citt\u00e0 Nuova, Roma 2017, p. 9<\/p>\n\n<p class=\"has-small-font-size\"><a href=\"#_ftnref2\" id=\"_ftn2\">[2]<\/a> Lubich, <em>Parole di Vita<\/em>, <em>Introduzione<\/em>, a cura di Fabio Ciardi, (Opere di Chiara Lubich 5), Citt\u00e0 Nuova, Roma 2017, p. 790<\/p>\n\n<p class=\"has-small-font-size\"><a href=\"#_ftnref3\" id=\"_ftn3\">[3]<\/a> <em>Bilan de Communion 2022. Mouvement des Focolari <\/em>, in <a href=\"https:\/\/eyut279xk3q.exactdn.com\/wp-content\/uploads\/2024\/01\/BdC-2022-DialogoIT.pdf\">https:\/\/eyut279xk3q.exactdn.com\/wp-content\/uploads\/2024\/02\/BdC-2022-DialogoFR.pdf<\/a> p.67<\/p>\n\n<hr class=\"wp-block-separator has-alpha-channel-opacity\"\/>\n\n<p class=\"has-small-font-size\"><strong><em><a href=\"https:\/\/www.focolare.org\/fr\/des-actes-et-non-des-mots-coherence\/\">L&rsquo;ID\u00c9E DU MOIS<\/a>,<\/em><\/strong> <em>bas\u00e9e sur la Parole de Vie du mouvement des Focolari, est n\u00e9e en Uruguay dans le cadre du dialogue entre personnes de diff\u00e9rentes convictions religieuses et non religieuses, dont la devise est \u00ab\u00a0construire le dialogue\u00a0\u00bb. Le but de cette publication est de contribuer \u00e0 la promotion de l&rsquo;id\u00e9al de fraternit\u00e9 universelle. L\u2019ID\u00c9E DU MOIS est actuellement traduite en 12 langues et distribu\u00e9e dans plus de 25 pays.  <\/em><\/p>\n","protected":false},"excerpt":{"rendered":"<p>Parole de Vie &#8211; Septembre 2024<\/p>\n","protected":false},"author":33,"featured_media":362758,"comment_status":"open","ping_status":"open","sticky":false,"template":"","format":"standard","meta":{"give_campaign_id":0,"_seopress_robots_primary_cat":"","_seopress_titles_title":"","_seopress_titles_desc":"","_seopress_robots_index":"","_et_pb_use_builder":"","_et_pb_old_content":"","_et_gb_content_width":"","footnotes":""},"categories":[93],"tags":[3348,3197],"class_list":["post-362750","post","type-post","status-publish","format-standard","has-post-thumbnail","hentry","category-parole-di-vie","tag-notifiche-fr","tag-ppg-fr"],"_links":{"self":[{"href":"https:\/\/www.focolare.org\/fr\/wp-json\/wp\/v2\/posts\/362750","targetHints":{"allow":["GET"]}}],"collection":[{"href":"https:\/\/www.focolare.org\/fr\/wp-json\/wp\/v2\/posts"}],"about":[{"href":"https:\/\/www.focolare.org\/fr\/wp-json\/wp\/v2\/types\/post"}],"author":[{"embeddable":true,"href":"https:\/\/www.focolare.org\/fr\/wp-json\/wp\/v2\/users\/33"}],"replies":[{"embeddable":true,"href":"https:\/\/www.focolare.org\/fr\/wp-json\/wp\/v2\/comments?post=362750"}],"version-history":[{"count":0,"href":"https:\/\/www.focolare.org\/fr\/wp-json\/wp\/v2\/posts\/362750\/revisions"}],"wp:featuredmedia":[{"embeddable":true,"href":"https:\/\/www.focolare.org\/fr\/wp-json\/wp\/v2\/media\/362758"}],"wp:attachment":[{"href":"https:\/\/www.focolare.org\/fr\/wp-json\/wp\/v2\/media?parent=362750"}],"wp:term":[{"taxonomy":"category","embeddable":true,"href":"https:\/\/www.focolare.org\/fr\/wp-json\/wp\/v2\/categories?post=362750"},{"taxonomy":"post_tag","embeddable":true,"href":"https:\/\/www.focolare.org\/fr\/wp-json\/wp\/v2\/tags?post=362750"}],"curies":[{"name":"wp","href":"https:\/\/api.w.org\/{rel}","templated":true}]}}