{"id":363218,"date":"2024-09-15T05:00:00","date_gmt":"2024-09-15T03:00:00","guid":{"rendered":"https:\/\/www.focolare.org\/indonesie-lespoir-dune-plus-grande-harmonie-entre-les-religions\/"},"modified":"2024-09-20T14:30:41","modified_gmt":"2024-09-20T12:30:41","slug":"indonesie-lespoir-dune-plus-grande-harmonie-entre-les-religions","status":"publish","type":"post","link":"https:\/\/www.focolare.org\/fr\/indonesie-lespoir-dune-plus-grande-harmonie-entre-les-religions\/","title":{"rendered":"Indon\u00e9sie : l&rsquo;espoir d&rsquo;une plus grande harmonie entre les religions"},"content":{"rendered":"\n<p>Le dernier voyage du pape Fran\u00e7ois en Asie et en Oc\u00e9anie a \u00e9t\u00e9 le plus distant, le plus long et probablement le plus exigeant physiquement que le Pape n\u2019ait jamais entrepris. Que signifie cette visite pour les communaut\u00e9s locales ? Nous avons pos\u00e9 la question \u00e0 <strong>Paul Segarra<\/strong>, focolarino de la communaut\u00e9 indon\u00e9sienne.<\/p>\n\n\n\n<p><em><strong>Paul, quelle est l&rsquo;importance de la visite du Pape dans ton pays ? <\/strong><\/em><\/p>\n\n\n\n<p>\u00ab Ce geste h\u00e9ro\u00efque du Pape est pour moi une image de l&rsquo;amour de Dieu qui ne conna\u00eet pas de limites et qui rejoint ses enfants les plus \u00e9loign\u00e9s, qui ne sont certainement pas les moins appr\u00e9ci\u00e9s \u00e0 ses yeux \u00bb, raconte-t-il, \u00ab le Saint-P\u00e8re a pris le temps de les regarder avec amour, de s&rsquo;\u00e9merveiller de leurs dons, de partager leurs souffrances et leurs aspirations \u00e0 la justice et \u00e0 la paix, puis il les a encourag\u00e9s \u00e0 relever ensemble leurs d\u00e9fis et \u00e0 surmonter leurs limites. Mais il ne s&rsquo;est pas content\u00e9 de prononcer des paroles inspirantes et encourageantes. Il a \u00e9galement d\u00e9montr\u00e9, par l&rsquo;exemple, la force de la foi, l&rsquo;ouverture \u00e0 la fraternit\u00e9 et la proximit\u00e9 dans la compassion qu&rsquo;il invitait ses auditeurs \u00e0 acqu\u00e9rir. Il l&rsquo;a fait par ses choix d\u00e9lib\u00e9r\u00e9s et ses gestes spontan\u00e9s, il a agi et v\u00e9cu avec son c\u0153ur \u00bb.<\/p>\n\n\n\n<p>\u00ab Alors que la nouvelle de son arriv\u00e9e s&rsquo;est rapidement r\u00e9pandue \u00bb, poursuit Paul Segarra, \u00ab il y a \u00e9galement eu de nombreux commentaires, sur diverses plateformes sociales, sur le moyen de transport qu&rsquo;il avait choisi : une sobre berline blanche, dans laquelle il pr\u00e9f\u00e9rait s&rsquo;asseoir \u00e0 c\u00f4t\u00e9 du chauffeur au lieu d&rsquo;occuper l&rsquo;habituelle banquette pr\u00e9sidentielle arri\u00e8re. Je suppose que c&rsquo;est parce qu&rsquo;il voulait converser avec le chauffeur face \u00e0 face. En voyant ce geste de sa part, j&rsquo;ai r\u00e9alis\u00e9 avec regret que j&rsquo;aurais pu faire de m\u00eame avec le chauffeur qui m&rsquo;a conduit \u00e0 mon logement \u00e0 Jakarta le soir m\u00eame. Mais par la suite, mes voyages sont devenus ind\u00e9niablement plus agr\u00e9ables car j&rsquo;ai pris l&rsquo;habitude de faire connaissance avec mes chauffeurs par une conversation amicale \u00bb.<\/p>\n\n\n\n<figure class=\"wp-block-gallery has-nested-images columns-default is-cropped wp-block-gallery-1 is-layout-flex wp-block-gallery-is-layout-flex\">\n<figure class=\"wp-block-image size-large\"><img alt=\"\" alt=\"\" loading=\"lazy\" decoding=\"async\" width=\"1024\" height=\"576\" data-id=\"363196\" src=\"https:\/\/www.focolare.org\/wp-content\/uploads\/2024\/09\/Papa-Indonesia-1-1024x576.jpg\" alt=\"\" class=\"wp-image-363196\" srcset=\"https:\/\/www.focolare.org\/wp-content\/uploads\/2024\/09\/Papa-Indonesia-1-980x551.jpg 980w, https:\/\/www.focolare.org\/wp-content\/uploads\/2024\/09\/Papa-Indonesia-1-480x270.jpg 480w\" sizes=\"(min-width: 0px) and (max-width: 480px) 480px, (min-width: 481px) and (max-width: 980px) 980px, (min-width: 981px) 1024px, 100vw\" \/><\/figure>\n\n\n\n<figure class=\"wp-block-image size-large\"><img alt=\"\" alt=\"\" loading=\"lazy\" decoding=\"async\" width=\"1024\" height=\"576\" data-id=\"363205\" src=\"https:\/\/www.focolare.org\/wp-content\/uploads\/2024\/09\/Papa-Indonesia-2-1024x576.jpg\" alt=\"\" class=\"wp-image-363205\" srcset=\"https:\/\/www.focolare.org\/wp-content\/uploads\/2024\/09\/Papa-Indonesia-2-980x551.jpg 980w, https:\/\/www.focolare.org\/wp-content\/uploads\/2024\/09\/Papa-Indonesia-2-480x270.jpg 480w\" sizes=\"(min-width: 0px) and (max-width: 480px) 480px, (min-width: 481px) and (max-width: 980px) 980px, (min-width: 981px) 1024px, 100vw\" \/><\/figure>\n\n\n\n<figure class=\"wp-block-image size-large\"><img alt=\"\" alt=\"\" loading=\"lazy\" decoding=\"async\" width=\"1024\" height=\"767\" data-id=\"363201\" src=\"https:\/\/www.focolare.org\/wp-content\/uploads\/2024\/09\/Papa-Indonesia-6-1024x767.jpg\" alt=\"\" class=\"wp-image-363201\" srcset=\"https:\/\/www.focolare.org\/wp-content\/uploads\/2024\/09\/Papa-Indonesia-6-980x734.jpg 980w, https:\/\/www.focolare.org\/wp-content\/uploads\/2024\/09\/Papa-Indonesia-6-480x360.jpg 480w\" sizes=\"(min-width: 0px) and (max-width: 480px) 480px, (min-width: 481px) and (max-width: 980px) 980px, (min-width: 981px) 1024px, 100vw\" \/><\/figure>\n<\/figure>\n\n\n\n<div style=\"height:30px\" aria-hidden=\"true\" class=\"wp-block-spacer\"><\/div>\n\n\n\n<p><em><strong>Paul, comment la communaut\u00e9 locale des Focolari a-t-elle v\u00e9cu cet \u00e9v\u00e9nement ?<\/strong><\/em><\/p>\n\n\n\n<p>\u00ab Certains membres des communaut\u00e9s des Focolari de Jakarta et de Yogyakarta ont eu le privil\u00e8ge de participer \u00e0 quelques \u00e9v\u00e9nements qui ont vu la pr\u00e9sence du Pape. Dans la cath\u00e9drale de Jakarta (d\u00e9di\u00e9e \u00e0 Notre-Dame de l&rsquo;Assomption), le Saint-P\u00e8re a reconnu le travail des cat\u00e9chistes, les qualifiant de \u2018ponts du c\u0153ur qui unissent toutes les \u00eeles\u2019. Nous avons \u00e9t\u00e9 \u00e9mus lorsqu&rsquo;il a attir\u00e9 notre attention sur une statue de la Vierge Marie et l&rsquo;a d\u00e9sign\u00e9e comme un mod\u00e8le de foi qui accueille tout le monde, m\u00eame si elle veille sur le peuple de Dieu et le prot\u00e8ge en tant que M\u00e8re de la Compassion \u00bb. <\/p>\n\n\n\n<p><em><strong>Le Pape Fran\u00e7ois et l&rsquo;Imam Umar ont sign\u00e9 une D\u00e9claration commune. Quel avenir vois-tu pour les chr\u00e9tiens et les musulmans apr\u00e8s cette signature ? <\/strong><\/em><\/p>\n\n\n\n<p>\u00ab Tomy, l&rsquo;un de nos photographes qui a couvert la visite du Pape \u00e0 la Mosqu\u00e9e Istiqal et a endur\u00e9 de longues heures d&rsquo;attente dans la chaleur de la ville, \u00e9tait visiblement \u00e9mu lorsque le Saint P\u00e8re est finalement arriv\u00e9 et les a salu\u00e9s depuis sa voiture. Prenant une position discr\u00e8te juste \u00e0 l&rsquo;entr\u00e9e du tunnel pi\u00e9tonnier souterrain qui relie physiquement la Grande Mosqu\u00e9e \u00e0 la Cath\u00e9drale situ\u00e9e de l&rsquo;autre c\u00f4t\u00e9 de la rue, il a r\u00e9ussi \u00e0 capturer le moment o\u00f9 le Pape Fran\u00e7ois et le grand Imam Umar ont sign\u00e9 la d\u00e9claration de fraternit\u00e9 devant une petite foule d&rsquo;\u00e9v\u00eaques, d&rsquo;imams et d&rsquo;autres personnalit\u00e9s religieuses, et a d\u00e9clar\u00e9 qu&rsquo;il esp\u00e9rait vivement que cette visite cr\u00e9erait une v\u00e9ritable harmonie entre toutes les personnes de foi. Et qu&rsquo;est-ce que la foi, si ce n&rsquo;est de voir, d&rsquo;agir et de vivre \u00e0 partir du c\u0153ur ? \u00bb<\/p>\n\n\n\n<p class=\"has-text-align-right\"><em>Lorenzo Russo<\/em><br><em>Photo: \u00a9 Paul Segarra\u00a0\u2013\u00a0\u00a9Tomy<\/em> <em>Wijaja<\/em><\/p>\n\n\n\n<figure class=\"wp-block-gallery has-nested-images columns-default is-cropped wp-block-gallery-2 is-layout-flex wp-block-gallery-is-layout-flex\">\n<figure class=\"wp-block-image size-medium\"><img alt=\"\" alt=\"\" loading=\"lazy\" decoding=\"async\" width=\"200\" height=\"300\" data-id=\"363426\" src=\"https:\/\/www.focolare.org\/wp-content\/uploads\/2024\/09\/IMG_1514-3-200x300.jpg\" alt=\"\" class=\"wp-image-363426\"\/><\/figure>\n\n\n\n<figure class=\"wp-block-image size-medium\"><img alt=\"\" alt=\"\" loading=\"lazy\" decoding=\"async\" width=\"300\" height=\"200\" data-id=\"363424\" src=\"https:\/\/www.focolare.org\/wp-content\/uploads\/2024\/09\/IMG_1603-3-300x200.jpg\" alt=\"\" class=\"wp-image-363424\"\/><\/figure>\n\n\n\n<figure class=\"wp-block-image size-medium\"><img alt=\"\" alt=\"\" loading=\"lazy\" decoding=\"async\" width=\"300\" height=\"200\" data-id=\"363425\" src=\"https:\/\/www.focolare.org\/wp-content\/uploads\/2024\/09\/IMG_1626-3-300x200.jpg\" alt=\"\" class=\"wp-image-363425\"\/><\/figure>\n<\/figure>\n","protected":false},"excerpt":{"rendered":"<p>La visite du pape Fran\u00e7ois en Asie et en Oc\u00e9anie a \u00e9t\u00e9 riche en gestes significatifs et en rencontres profondes avec les communaut\u00e9s locales, parmi elles, celle des Focolari. Nous avons recueilli le t\u00e9moignage de Paul Segarra, focolarino de la communaut\u00e9 indon\u00e9sienne.   <\/p>\n","protected":false},"author":33,"featured_media":363193,"comment_status":"open","ping_status":"open","sticky":false,"template":"","format":"standard","meta":{"give_campaign_id":0,"_seopress_robots_primary_cat":"","_seopress_titles_title":"","_seopress_titles_desc":"","_seopress_robots_index":"","_et_pb_use_builder":"","_et_pb_old_content":"","_et_gb_content_width":"","footnotes":""},"categories":[3116,3128,3186,3194],"tags":[3348,3197],"class_list":["post-363218","post","type-post","status-publish","format-standard","has-post-thumbnail","hentry","category-chiesa-5","category-cultura-5","category-dialogue-interreligieux","category-oecumenisme","tag-notifiche-fr","tag-ppg-fr"],"_links":{"self":[{"href":"https:\/\/www.focolare.org\/fr\/wp-json\/wp\/v2\/posts\/363218","targetHints":{"allow":["GET"]}}],"collection":[{"href":"https:\/\/www.focolare.org\/fr\/wp-json\/wp\/v2\/posts"}],"about":[{"href":"https:\/\/www.focolare.org\/fr\/wp-json\/wp\/v2\/types\/post"}],"author":[{"embeddable":true,"href":"https:\/\/www.focolare.org\/fr\/wp-json\/wp\/v2\/users\/33"}],"replies":[{"embeddable":true,"href":"https:\/\/www.focolare.org\/fr\/wp-json\/wp\/v2\/comments?post=363218"}],"version-history":[{"count":0,"href":"https:\/\/www.focolare.org\/fr\/wp-json\/wp\/v2\/posts\/363218\/revisions"}],"wp:featuredmedia":[{"embeddable":true,"href":"https:\/\/www.focolare.org\/fr\/wp-json\/wp\/v2\/media\/363193"}],"wp:attachment":[{"href":"https:\/\/www.focolare.org\/fr\/wp-json\/wp\/v2\/media?parent=363218"}],"wp:term":[{"taxonomy":"category","embeddable":true,"href":"https:\/\/www.focolare.org\/fr\/wp-json\/wp\/v2\/categories?post=363218"},{"taxonomy":"post_tag","embeddable":true,"href":"https:\/\/www.focolare.org\/fr\/wp-json\/wp\/v2\/tags?post=363218"}],"curies":[{"name":"wp","href":"https:\/\/api.w.org\/{rel}","templated":true}]}}