{"id":363602,"date":"2024-09-20T16:25:10","date_gmt":"2024-09-20T14:25:10","guid":{"rendered":"https:\/\/www.focolare.org\/vers-la-celebration-de-paques-ensemble\/"},"modified":"2024-09-21T15:13:10","modified_gmt":"2024-09-21T13:13:10","slug":"vers-la-celebration-de-paques-ensemble","status":"publish","type":"post","link":"https:\/\/www.focolare.org\/fr\/vers-la-celebration-de-paques-ensemble\/","title":{"rendered":"Vers la c\u00e9l\u00e9bration de P\u00e2ques ensemble"},"content":{"rendered":"\n<p>\u00ab<em>Nous sommes convaincus que la coop\u00e9ration du monde chr\u00e9tien est essentielle. Que la c\u00e9l\u00e9bration commune de P\u00e2ques 2025 par tous les chr\u00e9tiens, en m\u00eame temps que les \u00e9v\u00e9nements comm\u00e9moratifs du premier Concile de Nic\u00e9e, puisse servir de point de d\u00e9part significatif pour relever ensemble les d\u00e9fis de l&rsquo;humanit\u00e9 et promouvoir des actions conjointes. Nous esp\u00e9rons pouvoir organiser une rencontre des repr\u00e9sentants du monde chr\u00e9tien, avec votre pr\u00e9sence, sur le lieu o\u00f9 s&rsquo;est tenu \u00e0 l&rsquo;origine le Concile de Nic\u00e9e  <\/em>.\u00bb<\/p>\n\n<p>C&rsquo;est sur ces mots que le groupe \u0153cum\u00e9nique \u00ab Pasqua Together 2025 \u00bb (PT2025), qui rassemble des r\u00e9alit\u00e9s et des communaut\u00e9s de diff\u00e9rentes confessions chr\u00e9tiennes, s&rsquo;est d&rsquo;abord rendue en Turquie, \u00e0 Istanbul, pour une audience avec le Patriarche \u0153cum\u00e9nique de Constantinople, Bartholom\u00e9e Ier, puis au Vatican avec le Pape Fran\u00e7ois, respectivement les 14 et 19 septembre derniers.<\/p>\n\n<p>Le groupe a demand\u00e9 aux deux responsables chr\u00e9tiens que la c\u00e9l\u00e9bration commune de la R\u00e9surrection l&rsquo;ann\u00e9e prochaine ne soit pas une exception, mais devienne une tradition pour toutes les \u00c9glises chr\u00e9tiennes : un pas de plus vers l&rsquo;unit\u00e9, en pr\u00e9paration au <em>Deuxi\u00e8me Mill\u00e9naire de la R\u00e9demption en 2033<\/em>, lorsque sera c\u00e9l\u00e9br\u00e9 le 2000e anniversaire de la R\u00e9surrection du Christ.<\/p>\n\n<p> \u00ab Pasqua Together 2025 \u00bb est n\u00e9 pr\u00e9cis\u00e9ment en vue du prochain anniversaire exceptionnel qui, en 2025, verra la date de P\u00e2ques co\u00efncider dans les calendriers gr\u00e9gorien et julien : les chr\u00e9tiens de l&rsquo;\u00c9glise d\u2019Occident et de l&rsquo;\u00c9glise orthodoxe la c\u00e9l\u00e9breront donc le m\u00eame jour. On comm\u00e9morera \u00e9galement le 1700e anniversaire du Concile \u0152cum\u00e9nique de Nic\u00e9e, qui a promulgu\u00e9 le Symbole de la foi (le Credo) et abord\u00e9 la question de la date de P\u00e2ques. <\/p>\n\n<figure class=\"wp-block-image size-large\"><img alt=\"\" alt=\"\" loading=\"lazy\" decoding=\"async\" width=\"1024\" height=\"576\" src=\"https:\/\/www.focolare.org\/wp-content\/uploads\/2024\/09\/Immagine-WhatsApp-2024-09-20-ore-15.21.28_ab200bf8-1024x576.jpg\" alt=\"\" class=\"wp-image-363507\" srcset=\"https:\/\/www.focolare.org\/wp-content\/uploads\/2024\/09\/Immagine-WhatsApp-2024-09-20-ore-15.21.28_ab200bf8-980x551.jpg 980w, https:\/\/www.focolare.org\/wp-content\/uploads\/2024\/09\/Immagine-WhatsApp-2024-09-20-ore-15.21.28_ab200bf8-480x270.jpg 480w\" sizes=\"(min-width: 0px) and (max-width: 480px) 480px, (min-width: 481px) and (max-width: 980px) 980px, (min-width: 981px) 1024px, 100vw\" \/><\/figure>\n\n<p>Le groupe est compos\u00e9 de repr\u00e9sentants de diff\u00e9rentes \u00c9glises chr\u00e9tiennes et de mouvements politiques et sociaux chr\u00e9tiens, tels que l&rsquo;Assembl\u00e9e Interparlementaire Orthodoxe (I.A.O.), promotrice de l\u2019initiative ; le groupe \u00ab Ensemble pour l&rsquo;Europe \u00bb, le Mouvement \u00ab J\u00e9sus Christ 2033 \u00bb et le \u00ab Centre Un \u00bb du Mouvement des Focolari.<br\/>Depuis deux ans, les membres du groupe suivent un parcours commun qui les a amen\u00e9s \u00e0 signer une d\u00e9claration commune exprimant leur engagement \u00e0 \u0153uvrer pour que toutes les \u00c9glises chr\u00e9tiennes arrivent \u00e0 c\u00e9l\u00e9brer ensemble l&rsquo;\u00e9v\u00e9nement de P\u00e2ques. Outre le Patriarche de Constantinople et le Saint-P\u00e8re, le document a d\u00e9j\u00e0 \u00e9t\u00e9 remis au Secr\u00e9taire g\u00e9n\u00e9ral du Conseil \u0152cum\u00e9nique des \u00c9glises, le R\u00e9v\u00e9rend Jerry Pillay, et au pr\u00e9c\u00e9dent Secr\u00e9taire G\u00e9n\u00e9ral de l&rsquo;Alliance \u00c9vang\u00e9lique Mondiale, l&rsquo;\u00e9v\u00eaque Thomas Schirrmacher. Des contacts avec d&rsquo;autres responsables chr\u00e9tiens sont en pr\u00e9paration.   <\/p>\n\n<p>Le patriarche Bartholom\u00e9e Ier a annonc\u00e9 qu&rsquo;une commission mixte compos\u00e9e de quatre membres orthodoxes et de quatre membres catholiques romains travaille d\u00e9j\u00e0 \u00e0 la pr\u00e9paration du programme de la c\u00e9l\u00e9bration du 1700e anniversaire du premier Concile \u0153cum\u00e9nique \u00e0 Iznick &#8211; le nom turc de l&rsquo;ancienne Nic\u00e9e &#8211; o\u00f9 elle s&rsquo;est d\u00e9j\u00e0 rendue pour en examiner la faisabilit\u00e9. Il a fait savoir que le maire de la ville est favorable et pr\u00eat \u00e0 collaborer. Naturellement, l&rsquo;invitation a \u00e9t\u00e9 adress\u00e9e aussi au pape Fran\u00e7ois et ce serait leur treizi\u00e8me rencontre.  <\/p>\n\n<p>Le Patriarche a \u00e9galement soulign\u00e9 que la date de P\u00e2ques n&rsquo;est pas une question de dogme ou de foi, mais le r\u00e9sultat d&rsquo;un calcul astronomique.<\/p>\n\n<figure class=\"wp-block-gallery has-nested-images columns-default is-cropped wp-block-gallery-1 is-layout-flex wp-block-gallery-is-layout-flex\">\n<figure class=\"wp-block-image size-large\"><img alt=\"\" alt=\"\" loading=\"lazy\" decoding=\"async\" width=\"1024\" height=\"736\" data-id=\"363569\" src=\"https:\/\/www.focolare.org\/wp-content\/uploads\/2024\/09\/2024-09-20-ore-15.18.59_cacbad9c-1024x736.jpg\" alt=\"\" class=\"wp-image-363569\" srcset=\"https:\/\/www.focolare.org\/wp-content\/uploads\/2024\/09\/2024-09-20-ore-15.18.59_cacbad9c-980x704.jpg 980w, https:\/\/www.focolare.org\/wp-content\/uploads\/2024\/09\/2024-09-20-ore-15.18.59_cacbad9c-480x345.jpg 480w\" sizes=\"(min-width: 0px) and (max-width: 480px) 480px, (min-width: 481px) and (max-width: 980px) 980px, (min-width: 981px) 1024px, 100vw\" \/><\/figure>\n\n\n\n<figure class=\"wp-block-image size-large\"><img alt=\"\" alt=\"\" loading=\"lazy\" decoding=\"async\" width=\"1000\" height=\"667\" data-id=\"363581\" src=\"https:\/\/www.focolare.org\/wp-content\/uploads\/2024\/09\/DSC_3863R.jpg\" alt=\"\" class=\"wp-image-363581\" srcset=\"https:\/\/www.focolare.org\/wp-content\/uploads\/2024\/09\/DSC_3863R.jpg 1000w, https:\/\/www.focolare.org\/wp-content\/uploads\/2024\/09\/DSC_3863R-980x654.jpg 980w, https:\/\/www.focolare.org\/wp-content\/uploads\/2024\/09\/DSC_3863R-480x320.jpg 480w\" sizes=\"(min-width: 0px) and (max-width: 480px) 480px, (min-width: 481px) and (max-width: 980px) 980px, (min-width: 981px) 1000px, 100vw\" \/><\/figure>\n<\/figure>\n\n<div style=\"height:18px\" aria-hidden=\"true\" class=\"wp-block-spacer\"><\/div>\n\n<p>Et le pape Fran\u00e7ois a lui aussi rappel\u00e9 dans son intervention que \u00ab P\u00e2ques n&rsquo;est pas le fruit de notre initiative, d&rsquo;un calendrier ou d&rsquo;un autre. L&rsquo;\u00e9v\u00e9nement de P\u00e2ques est advenu parce que Dieu \u00ab\u00a0a tant aim\u00e9 le monde qu&rsquo;il a donn\u00e9 son Fils unique, afin que quiconque croit en lui ne se perde pas, mais ait la vie \u00e9ternelle\u00a0\u00bb. N&rsquo;oublions pas la primaut\u00e9 de Dieu, son \u00ab\u00a0<em>primerear<\/em>\u00ab\u00a0, le fait qu&rsquo;il ait effectu\u00e9 le premier pas. Ne nous enfermons pas dans nos sch\u00e9mas, dans nos projets, dans nos programmes, dans \u00ab\u00a0notre\u00a0\u00bb P\u00e2ques. P\u00e2ques appartient au Christ ! \u00bb   <\/p>\n\n<p>Le Pape invite \u00e9galement \u00e0 partager, \u00e0 projeter et \u00e0 \u00ab marcher ensemble \u00bb et il lance une invitation : \u00ab Repartir, comme les ap\u00f4tres, de J\u00e9rusalem, lieu \u00e0 partir duquel l&rsquo;annonce m\u00eame de la R\u00e9surrection s&rsquo;est propag\u00e9e dans le monde entier. \u00bb Le Pape exhorte \u00e0 y revenir \u00ab pour prier le Prince de la Paix afin qu&rsquo;il nous donne, aujourd&rsquo;hui, sa paix \u00bb. <\/p>\n\n<p>Une invitation qui fait \u00e9cho \u00e0 ce que le patriarche \u0153cum\u00e9nique Bartholom\u00e9e Ier avait d\u00e9j\u00e0 exprim\u00e9 lorsqu&rsquo;il avait exhort\u00e9 le groupe PT2025 \u00e0 promouvoir des actions visant \u00e0 d\u00e9fendre les droits de l&rsquo;homme et une coexistence pacifique de tous les peuples, en priant ainsi : \u00ab Implorons le Seigneur d&rsquo;\u00e9clairer le c\u0153ur des responsables et de les guider sur la voie de la justice et de l&rsquo;amour, afin que nous puissions gu\u00e9rir ces divisions et r\u00e9tablir l&rsquo;unit\u00e9 qui est au c\u0153ur de notre foi. \u00bb<\/p>\n\n<p class=\"has-text-align-right\"><em>Stefania Tanesini<\/em><br\/><em>Photo: \u00a9 Vatican Media e Centro Uno<\/em><\/p>\n","protected":false},"excerpt":{"rendered":"<p>Le groupe \u0153cum\u00e9nique \u00ab Pasqua Together 2025 \u00bb (P\u00e2ques Ensemble 2025) s&rsquo;est rendu chez le Patriarche \u0153cum\u00e9nique de Constantinople et chez le Pape Fran\u00e7ois pour leur proposer de s&rsquo;engager \u00e0 ce que tous les chr\u00e9tiens puissent c\u00e9l\u00e9brer P\u00e2ques ensemble. L&rsquo;ann\u00e9e prochaine, la date de la P\u00e2ques orthodoxe et des autres confessions chr\u00e9tiennes co\u00efncideront, et on comm\u00e9morera \u00e9galement les 1700 ans du Concile \u0152cum\u00e9nique de Nic\u00e9e. <\/p>\n","protected":false},"author":34,"featured_media":363577,"comment_status":"open","ping_status":"open","sticky":false,"template":"","format":"standard","meta":{"give_campaign_id":0,"_seopress_robots_primary_cat":"","_seopress_titles_title":"","_seopress_titles_desc":"","_seopress_robots_index":"","_et_pb_use_builder":"","_et_pb_old_content":"","_et_gb_content_width":"","footnotes":""},"categories":[3116,3194],"tags":[3456,3348,3197],"class_list":["post-363602","post","type-post","status-publish","format-standard","has-post-thumbnail","hentry","category-chiesa-5","category-oecumenisme","tag-dialogue-oecumenique","tag-notifiche-fr","tag-ppg-fr"],"_links":{"self":[{"href":"https:\/\/www.focolare.org\/fr\/wp-json\/wp\/v2\/posts\/363602","targetHints":{"allow":["GET"]}}],"collection":[{"href":"https:\/\/www.focolare.org\/fr\/wp-json\/wp\/v2\/posts"}],"about":[{"href":"https:\/\/www.focolare.org\/fr\/wp-json\/wp\/v2\/types\/post"}],"author":[{"embeddable":true,"href":"https:\/\/www.focolare.org\/fr\/wp-json\/wp\/v2\/users\/34"}],"replies":[{"embeddable":true,"href":"https:\/\/www.focolare.org\/fr\/wp-json\/wp\/v2\/comments?post=363602"}],"version-history":[{"count":0,"href":"https:\/\/www.focolare.org\/fr\/wp-json\/wp\/v2\/posts\/363602\/revisions"}],"wp:featuredmedia":[{"embeddable":true,"href":"https:\/\/www.focolare.org\/fr\/wp-json\/wp\/v2\/media\/363577"}],"wp:attachment":[{"href":"https:\/\/www.focolare.org\/fr\/wp-json\/wp\/v2\/media?parent=363602"}],"wp:term":[{"taxonomy":"category","embeddable":true,"href":"https:\/\/www.focolare.org\/fr\/wp-json\/wp\/v2\/categories?post=363602"},{"taxonomy":"post_tag","embeddable":true,"href":"https:\/\/www.focolare.org\/fr\/wp-json\/wp\/v2\/tags?post=363602"}],"curies":[{"name":"wp","href":"https:\/\/api.w.org\/{rel}","templated":true}]}}