{"id":364911,"date":"2024-10-14T05:00:00","date_gmt":"2024-10-14T03:00:00","guid":{"rendered":"https:\/\/www.focolare.org\/?p=364911"},"modified":"2024-10-14T05:07:19","modified_gmt":"2024-10-14T03:07:19","slug":"ceg-un-laboratoire-sur-la-synodalite","status":"publish","type":"post","link":"https:\/\/www.focolare.org\/fr\/ceg-un-laboratoire-sur-la-synodalite\/","title":{"rendered":"CEG &#8211; Un laboratoire sur la synodalit\u00e9"},"content":{"rendered":"\n<p><strong>La troisi\u00e8me \u00e9dition du cours de formation sur la synodalit\u00e9 organis\u00e9 par le Centre Evangelii Gaudium de l&rsquo;Institut universitaire Sophia va bient\u00f4t commencer. Quel bilan peut-on faire ? <\/strong><\/p>\n\n<p>Nous en sommes \u00e0 la troisi\u00e8me \u00e9dition et, jusqu&rsquo;\u00e0 pr\u00e9sent, ce cours a accueilli des centaines de participants du monde entier et des dizaines d&rsquo;enseignants de diverses disciplines. Il s&rsquo;agit d&rsquo;un cours interculturel, interlinguistique et interdisciplinaire. Les le\u00e7ons elles-m\u00eames sont des mini-ateliers car les r\u00e9unions de groupe en font partie int\u00e9grante.  <\/p>\n\n<p>Gr\u00e2ce \u00e0 des plateformes en ligne, il est possible de suivre le cours depuis n&rsquo;importe quel endroit du monde. L&rsquo;horaire pour l&rsquo;Europe est le soir (18h00 \u00e0 21h00 heure de Rome) mais il y a ceux qui se connectent \u00e0 3 heures du matin depuis Singapour et la Malaisie ; ceux qui se connectent \u00e0 l&rsquo;heure du d\u00e9jeuner depuis les Am\u00e9riques. <\/p>\n\n<p>La participation a \u00e9t\u00e9 bonne. Au total, 380 personnes se sont inscrites. Les \u00e9tudiants peuvent soit assister aux conf\u00e9rences, soit r\u00e9diger des travaux finaux et obtenir des cr\u00e9dits acad\u00e9miques de l&rsquo;Institut Universitaire Sophia. Nous travaillons en accord avec le Secr\u00e9tariat g\u00e9n\u00e9ral du Synode, qui est l&rsquo;un des promoteurs du cours.   <\/p>\n\n<p>Il \u00e9tait int\u00e9ressant pour nous et un grand encouragement que pendant la conf\u00e9rence de presse pr\u00e9sentant l&rsquo;<em>Instrumentum Laboris<\/em> pour la phase de l&rsquo;Assembl\u00e9e du Synode qui vient de commencer le 1er octobre 2024, le Cardinal Hollerich a dit : <em>\u00ab Je voudrais rappeler les nombreuses initiatives de formation sur la synodalit\u00e9 (&#8230;) Au niveau international, nous rappelons le MOOC du Boston College qui a vu la collaboration de nombreux experts du Synode ou le cours universitaire propos\u00e9 par le Centre Evangelii Gaudium de l&rsquo;Universit\u00e9 Sophia ici en Italie \u00bb. <\/em> <a href=\"https:\/\/press.vatican.va\/content\/salastampa\/it\/bollettino\/pubblico\/2024\/07\/09\/0561\/01159.html\">(Conferenza stampa del 09-07-20249)<\/a><\/p>\n\n<p><strong>Apr\u00e8s deux ans, quelles sont les perspectives de cette troisi\u00e8me \u00e9dition ?<\/strong><\/p>\n\n<p>Nous pensons que le cours a contribu\u00e9 \u00e0 cr\u00e9er des communaut\u00e9s de personnes engag\u00e9es \u00e0 vivre et \u00e0 diffuser la synodalit\u00e9 l\u00e0 o\u00f9 elles se trouvent. Il y a ceux qui la proposent \u00e0 leur dioc\u00e8se, en organisant des actions de formation ; ceux qui la vivent dans leur paroisse ou leur communaut\u00e9 religieuse&#8230; L&rsquo;effet multiplicateur du cours et les r\u00e9seaux qui se cr\u00e9ent sont tr\u00e8s importants. Des r\u00e9seaux qui s&rsquo;imbriquent avec beaucoup d&rsquo;autres de diff\u00e9rents mouvements eccl\u00e9siaux, d&rsquo;universit\u00e9s ou de l&rsquo;\u00c9glise elle-m\u00eame.  <\/p>\n\n<p>Les ateliers qui ont lieu pendant le cours et qui peuvent \u00eatre suivis par zoom ou en pr\u00e9sentiel sont particuli\u00e8rement int\u00e9ressants.<\/p>\n\n<figure class=\"wp-block-gallery has-nested-images columns-default is-cropped wp-block-gallery-1 is-layout-flex wp-block-gallery-is-layout-flex\">\n<figure class=\"wp-block-image size-large\"><img alt=\"\" alt=\"\" loading=\"lazy\" decoding=\"async\" width=\"1920\" height=\"1126\" data-id=\"364825\" src=\"https:\/\/www.focolare.org\/wp-content\/uploads\/2024\/10\/Italia-foto-gruppo-2-e1728460036924.jpg\" alt=\"\" class=\"wp-image-364825\" srcset=\"https:\/\/www.focolare.org\/wp-content\/uploads\/2024\/10\/Italia-foto-gruppo-2-e1728460036924.jpg 1920w, https:\/\/www.focolare.org\/wp-content\/uploads\/2024\/10\/Italia-foto-gruppo-2-e1728460036924-1280x720.jpg 1280w, https:\/\/www.focolare.org\/wp-content\/uploads\/2024\/10\/Italia-foto-gruppo-2-e1728460036924-980x551.jpg 980w, https:\/\/www.focolare.org\/wp-content\/uploads\/2024\/10\/Italia-foto-gruppo-2-e1728460036924-480x270.jpg 480w\" sizes=\"(min-width: 0px) and (max-width: 480px) 480px, (min-width: 481px) and (max-width: 980px) 980px, (min-width: 981px) and (max-width: 1280px) 1280px, (min-width: 1281px) 1920px, 100vw\" \/><figcaption class=\"wp-element-caption\">Castel Gandolfo (Italie)<\/figcaption><\/figure>\n\n\n\n<figure class=\"wp-block-image size-large\"><img alt=\"\" alt=\"\" loading=\"lazy\" decoding=\"async\" width=\"1920\" height=\"1126\" data-id=\"364830\" src=\"https:\/\/www.focolare.org\/wp-content\/uploads\/2024\/10\/Usa-sala-2-1-e1728459887766.jpg\" alt=\"\" class=\"wp-image-364830\" srcset=\"https:\/\/www.focolare.org\/wp-content\/uploads\/2024\/10\/Usa-sala-2-1-e1728459887766.jpg 1920w, https:\/\/www.focolare.org\/wp-content\/uploads\/2024\/10\/Usa-sala-2-1-e1728459887766-1280x720.jpg 1280w, https:\/\/www.focolare.org\/wp-content\/uploads\/2024\/10\/Usa-sala-2-1-e1728459887766-980x551.jpg 980w, https:\/\/www.focolare.org\/wp-content\/uploads\/2024\/10\/Usa-sala-2-1-e1728459887766-480x270.jpg 480w\" sizes=\"(min-width: 0px) and (max-width: 480px) 480px, (min-width: 481px) and (max-width: 980px) 980px, (min-width: 981px) and (max-width: 1280px) 1280px, (min-width: 1281px) 1920px, 100vw\" \/><figcaption class=\"wp-element-caption\">San Antonio (\u00c9tats-Unis)<\/figcaption><\/figure>\n<\/figure>\n\n<div style=\"height:28px\" aria-hidden=\"true\" class=\"wp-block-spacer\"><\/div>\n\n<p class=\"has-text-align-left\">Apr\u00e8s la premi\u00e8re ann\u00e9e, une \u00e9tudiante des \u00c9tats-Unis a propos\u00e9 \u00e0 sa paroisse de participer au cours de l&rsquo;ann\u00e9e suivante : 12 personnes se sont inscrites. \u00c0 la fin de l&rsquo;ann\u00e9e, elles ont demand\u00e9 \u00e0 participer \u00e0 l&rsquo;atelier en pr\u00e9sentiel \u00e0 San Antonio. Quarante personnes de divers dioc\u00e8ses et de l\u2019Oblate School of Theology de San Antonio y ont particip\u00e9.  <\/p>\n\n<p>Les actions de formation r\u00e9alis\u00e9es sont innombrables car elles sont effectu\u00e9es par les \u00e9tudiants eux-m\u00eames en utilisant le contenu et la m\u00e9thode des cours : en Irlande pour une paroisse enti\u00e8re, en Italie dans plusieurs dioc\u00e8ses ainsi qu&rsquo;en Australie, \u00e0 Sydney ; tandis qu&rsquo;en R\u00e9publique d\u00e9mocratique du Congo une action a \u00e9t\u00e9 r\u00e9cemment r\u00e9alis\u00e9e pour plus de cent pr\u00eatres de huit dioc\u00e8ses, et en Angola pour l&rsquo;ensemble du clerg\u00e9 du dioc\u00e8se de Viana.<\/p>\n\n<figure class=\"wp-block-gallery has-nested-images columns-default is-cropped wp-block-gallery-2 is-layout-flex wp-block-gallery-is-layout-flex\">\n<figure class=\"wp-block-image size-large\"><img alt=\"\" alt=\"\" loading=\"lazy\" decoding=\"async\" width=\"1024\" height=\"577\" data-id=\"364812\" src=\"https:\/\/www.focolare.org\/wp-content\/uploads\/2024\/10\/Angola-1-1024x577.jpg\" alt=\"\" class=\"wp-image-364812\" srcset=\"https:\/\/www.focolare.org\/wp-content\/uploads\/2024\/10\/Angola-1-980x552.jpg 980w, https:\/\/www.focolare.org\/wp-content\/uploads\/2024\/10\/Angola-1-480x270.jpg 480w\" sizes=\"(min-width: 0px) and (max-width: 480px) 480px, (min-width: 481px) and (max-width: 980px) 980px, (min-width: 981px) 1024px, 100vw\" \/><figcaption class=\"wp-element-caption\">Viana (Angola)<\/figcaption><\/figure>\n\n\n\n<figure class=\"wp-block-image size-large\"><img alt=\"\" alt=\"\" loading=\"lazy\" decoding=\"async\" width=\"1024\" height=\"577\" data-id=\"364810\" src=\"https:\/\/www.focolare.org\/wp-content\/uploads\/2024\/10\/RDC-gruppi-sala-1024x577.jpg\" alt=\"\" class=\"wp-image-364810\" srcset=\"https:\/\/www.focolare.org\/wp-content\/uploads\/2024\/10\/RDC-gruppi-sala-980x552.jpg 980w, https:\/\/www.focolare.org\/wp-content\/uploads\/2024\/10\/RDC-gruppi-sala-480x270.jpg 480w\" sizes=\"(min-width: 0px) and (max-width: 480px) 480px, (min-width: 481px) and (max-width: 980px) 980px, (min-width: 981px) 1024px, 100vw\" \/><figcaption class=\"wp-element-caption\">R\u00e9publique d\u00e9mocratique du Congo<\/figcaption><\/figure>\n<\/figure>\n\n<div style=\"height:28px\" aria-hidden=\"true\" class=\"wp-block-spacer\"><\/div>\n\n<p><strong>Sur quoi portera le cours qui d\u00e9butera bient\u00f4t ?<\/strong><\/p>\n\n<p>Le prochain cours d\u00e9butera le 4 novembre 2024, au lendemain de l&rsquo;Assembl\u00e9e, avec les interventions du Secr\u00e9taire g\u00e9n\u00e9ral du Synode lui-m\u00eame, Mgr Mario Grech et des sous-secr\u00e9taires, Mgr Luis Marin et S\u0153ur Nathalie Becquart, du th\u00e9ologien Piero Coda et de Margaret Karram, pr\u00e9sidente des Focolari et invit\u00e9e sp\u00e9ciale \u00e0 l&rsquo;Assembl\u00e9e synodale.<\/p>\n\n<p>Les th\u00e8mes du cours seront ceux qui ont \u00e9merg\u00e9 de l&rsquo;Assembl\u00e9e elle-m\u00eame : <em>les voies ouvertes par la 16e Assembl\u00e9e ordinaire du Synode : les nouvelles pratiques dans une \u00c9glise synodale et missionnaire ; l&rsquo;initiation chr\u00e9tienne et la transmission de la foi de mani\u00e8re synodale. <\/em> Elle se conclura par un atelier en pr\u00e9sence des participants.<\/p>\n\n<p><strong>Pourquoi cet engagement du centre Evangelii Gaudium en faveur de la synodalit\u00e9 ? Dans le pass\u00e9, vous vous \u00eates consacr\u00e9s \u00e0 d&rsquo;autres sujets, comme la formation sur les abus ou la formation des agents pastoraux. <\/strong><\/p>\n\n<p>Il nous semble que la synodalit\u00e9 n&rsquo;est pas un slogan destin\u00e9 \u00e0 passer. La synodalit\u00e9 fait partie de l&rsquo;\u00eatre de l&rsquo;\u00c9glise depuis des temps imm\u00e9moriaux, comme nous le comprenons \u00e9galement en lisant les Actes des Ap\u00f4tres. D&rsquo;autre part, c&rsquo;est aussi l&rsquo;actualisation des r\u00e9formes que le Concile Vatican II a indiqu\u00e9es pour l&rsquo;\u00c9glise mais qui, comme on peut le comprendre, ont eu du mal et ont encore du mal \u00e0 \u00eatre mises en \u0153uvre.  <\/p>\n\n<p>Le pape Fran\u00e7ois lui-m\u00eame a d\u00e9clar\u00e9 lors de la c\u00e9l\u00e9bration du 50e anniversaire de l&rsquo;institution du Synode des \u00e9v\u00eaques, le 17 octobre 2015 : <em>\u00ab Le chemin de la synodalit\u00e9 est le chemin que Dieu attend de l&rsquo;\u00c9glise du troisi\u00e8me mill\u00e9naire \u00bb.<\/em> Et le 9 octobre 2021, il a lui-m\u00eame initi\u00e9 le processus synodal qui cherche aujourd&rsquo;hui \u00e0 faire son chemin dans toute l&rsquo;\u00c9glise.<\/p>\n\n<p>Depuis lors, nous nous sommes engag\u00e9s dans la formation et la promotion de la synodalit\u00e9 par le biais de bourses de recherche, de s\u00e9minaires, de cours de formation et de r\u00e9seaux dans le monde entier avec d&rsquo;autres facult\u00e9s et associations.<\/p>\n\n<p>La synodalit\u00e9 est \u00e9galement un style qui correspond bien \u00e0 la spiritualit\u00e9 de communion qui inspire le Centre et l&rsquo;Institut Universitaire Sophia. Le cardinal Petrocchi, Pr\u00e9sident du Conseil Scientifique du Centre Evangelii Gaudium, affirme que nous devons arriver \u00e0 \u00ab synodaliser \u00bb nos esprits, \u00e0 la fois en tant qu&rsquo;individus et en tant que groupe eccl\u00e9sial, mais aussi en tant que groupe de la soci\u00e9t\u00e9 civile. Essayons de faire notre part, petite mais, nous l&rsquo;esp\u00e9rons, efficace.   <\/p>\n\n<p class=\"has-text-align-right\"><em>Carlos Mana<\/em><\/p>\n\n<p>Info: <a href=\"mailto:ceg@sophiauniversity.org\">ceg@sophiauniversity.org<\/a><\/p>\n\n<p><a href=\"https:\/\/www.focolare.org\/wp-content\/uploads\/2024\/10\/CEG-corso-2024-2025-IT.pdf\" target=\"_blank\" rel=\"noreferrer noopener\">T\u00e9l\u00e9chargez l&rsquo;affiche<\/a><\/p>\n\n<div style=\"height:40px\" aria-hidden=\"true\" class=\"wp-block-spacer\"><\/div>\n\n<figure class=\"wp-block-embed is-type-video is-provider-youtube wp-block-embed-youtube wp-embed-aspect-16-9 wp-has-aspect-ratio\"><div class=\"wp-block-embed__wrapper\">\n<iframe loading=\"lazy\" title=\"Cours de formation synodale\" width=\"1080\" height=\"608\" src=\"https:\/\/www.youtube.com\/embed\/Mv4Gr7nn4MA?feature=oembed\"  allow=\"accelerometer; autoplay; clipboard-write; encrypted-media; gyroscope; picture-in-picture; web-share\" referrerpolicy=\"strict-origin-when-cross-origin\" allowfullscreen><\/iframe>\n<\/div><\/figure>\n","protected":false},"excerpt":{"rendered":"<p>Le nouveau cours sur la synodalit\u00e9 organis\u00e9 par le Centre Evangelii Gaudium (CEG) d\u00e9butera le 4 novembre 2024. Pour en savoir plus, nous avons interview\u00e9 Maria do Sameiro Freitas, secr\u00e9taire g\u00e9n\u00e9rale du CEG, mod\u00e9ratrice du Cours de Formation sur la synodalit\u00e9. <\/p>\n","protected":false},"author":34,"featured_media":364756,"comment_status":"open","ping_status":"open","sticky":false,"template":"","format":"standard","meta":{"give_campaign_id":0,"_seopress_robots_primary_cat":"","_seopress_titles_title":"","_seopress_titles_desc":"","_seopress_robots_index":"","_et_pb_use_builder":"","_et_pb_old_content":"","_et_gb_content_width":"","footnotes":""},"categories":[3116,3128],"tags":[3494,3493,3348,3197],"class_list":["post-364911","post","type-post","status-publish","format-standard","has-post-thumbnail","hentry","category-chiesa-5","category-cultura-5","tag-ceg-fr","tag-instituto-universitario-sophia-fr","tag-notifiche-fr","tag-ppg-fr"],"_links":{"self":[{"href":"https:\/\/www.focolare.org\/fr\/wp-json\/wp\/v2\/posts\/364911","targetHints":{"allow":["GET"]}}],"collection":[{"href":"https:\/\/www.focolare.org\/fr\/wp-json\/wp\/v2\/posts"}],"about":[{"href":"https:\/\/www.focolare.org\/fr\/wp-json\/wp\/v2\/types\/post"}],"author":[{"embeddable":true,"href":"https:\/\/www.focolare.org\/fr\/wp-json\/wp\/v2\/users\/34"}],"replies":[{"embeddable":true,"href":"https:\/\/www.focolare.org\/fr\/wp-json\/wp\/v2\/comments?post=364911"}],"version-history":[{"count":0,"href":"https:\/\/www.focolare.org\/fr\/wp-json\/wp\/v2\/posts\/364911\/revisions"}],"wp:featuredmedia":[{"embeddable":true,"href":"https:\/\/www.focolare.org\/fr\/wp-json\/wp\/v2\/media\/364756"}],"wp:attachment":[{"href":"https:\/\/www.focolare.org\/fr\/wp-json\/wp\/v2\/media?parent=364911"}],"wp:term":[{"taxonomy":"category","embeddable":true,"href":"https:\/\/www.focolare.org\/fr\/wp-json\/wp\/v2\/categories?post=364911"},{"taxonomy":"post_tag","embeddable":true,"href":"https:\/\/www.focolare.org\/fr\/wp-json\/wp\/v2\/tags?post=364911"}],"curies":[{"name":"wp","href":"https:\/\/api.w.org\/{rel}","templated":true}]}}