{"id":365699,"date":"2024-10-30T05:00:00","date_gmt":"2024-10-30T04:00:00","guid":{"rendered":"https:\/\/www.focolare.org\/?p=365699"},"modified":"2024-10-30T10:05:24","modified_gmt":"2024-10-30T09:05:24","slug":"evangile-vecu-celui-qui-veut-devenir-grand-parmi-vous-sera-votre-serviteur","status":"publish","type":"post","link":"https:\/\/www.focolare.org\/fr\/evangile-vecu-celui-qui-veut-devenir-grand-parmi-vous-sera-votre-serviteur\/","title":{"rendered":"\u00c9vangile v\u00e9cu : \u00ab Celui qui veut devenir grand parmi vous sera votre serviteur&#8230; \u00bb"},"content":{"rendered":"\n<p><strong>Dans la salle d&rsquo;attente<\/strong><\/p>\n\n<p>Il y a quelques mois, on m&rsquo;a diagnostiqu\u00e9 un cancer. Le m\u00e9decin m&rsquo;a conseill\u00e9 de commencer par un traitement alternatif et de terminer par une radioth\u00e9rapie. <\/p>\n\n<p>En arrivant le premier jour du cycle de radioth\u00e9rapie, je trouve une grande salle d&rsquo;attente, avec de nombreux patients, le regard vers le bas&#8230;. J&rsquo;ai pr\u00e9sent\u00e9 ma carte magn\u00e9tique pour m&rsquo;annoncer, debout parce qu&rsquo;il n&rsquo;y avait plus de chaises, ce fut le moment le plus fort, celui o\u00f9 j&rsquo;ai embrass\u00e9 et accept\u00e9 la douleur que cette situation me causait. Le deuxi\u00e8me jour, j&rsquo;ai demand\u00e9 \u00e0 Dieu de me donner de la force et j&rsquo;ai commenc\u00e9 \u00e0 parler \u00e0 un, deux et m\u00eame trois patients, en leur demandant d&rsquo;o\u00f9 ils venaient, comment s&rsquo;\u00e9tait d\u00e9roul\u00e9 leur parcours puisqu&rsquo;ils venaient d&rsquo;endroits diff\u00e9rents. Ainsi, jour apr\u00e8s jour, la salle d&rsquo;attente s&rsquo;est transform\u00e9e en un lieu de joie. Nous respirions un air diff\u00e9rent, l&rsquo;amour, la patience, la temp\u00e9rance ; nous nous donnions des surnoms inspir\u00e9s de personnages c\u00e9l\u00e8bres. Le dernier jour de mon traitement, j&rsquo;ai apport\u00e9 des bonbons pour tout le monde, nous avons mis des chapeaux pour prendre des photos et enfin nous avons mis notre main droite au milieu pour faire un pacte de fraternit\u00e9 \u00ab jusqu&rsquo;\u00e0 ce que la mort nous s\u00e9pare \u00bb.     <\/p>\n\n<p>La doctoresse responsable du service m&rsquo;a appel\u00e9 pour me donner le rapport que je devais remettre au sp\u00e9cialiste qui s&rsquo;occupait de moi et m&rsquo;a salu\u00e9 en me serrant dans ses bras et en m&#8217;embrassant, en me disant : \u00ab Comme tu vas nous manquer, tu nous as fait tellement rire&#8230; Je t&rsquo;entendais toujours de mon bureau \u00bb. En sortant, je me suis retrouv\u00e9 dans la salle d&rsquo;attente et tout le monde \u00e9tait debout et m&rsquo;applaudissait, les larmes ont commenc\u00e9 \u00e0 couler, j&rsquo;ai dit au revoir et, d\u00e9j\u00e0 dans la rue, je me suis dit : \u00ab Qu&rsquo;il est beau de mettre en pratique les paroles de l&rsquo;\u00c9vangile. Avec un peu d&rsquo;amour, tout se transforme \u00bb.  <\/p>\n\n<p>J.J.A<\/p>\n\n<p><strong>L&#8217;employ\u00e9<\/strong><\/p>\n\n<p>\u00c0 l&rsquo;usine, nous avions besoin de quelqu&rsquo;un pour s&rsquo;occuper du nettoyage : les bureaux, la cuisine, les salles de bains et les autres parties communes.<\/p>\n\n<p>Pendant mes heures de travail, je dois parler longtemps au t\u00e9l\u00e9phone portable avec les clients et, chaque fois que je le peux, j&rsquo;en profite pour aller me promener, afin de passer un peu de temps au soleil. Un jour, je suis parti d\u00e9termin\u00e9 \u00e0 trouver quelqu&rsquo;un dans le quartier qui aurait pu faire le nettoyage au travail. Tr\u00e8s vite, j\u2019ai vu un monsieur \u00e2g\u00e9 qui tondait l\u2019herbe devant sa maison. J\u2019ai profit\u00e9 de l&rsquo;occasion pour l&rsquo;aborder, me pr\u00e9senter et lui dire que nous cherchions quelqu&rsquo;un pour nous aider \u00e0 faire le nettoyage dans notre entreprise. Peut-\u00eatre connaissait-il quelqu&rsquo;un qui cherchait du travail?   <\/p>\n\n<p>Il m&rsquo;a regard\u00e9 et m&rsquo;a dit que son fils pouvait faire ces t\u00e2ches. Je lui ai r\u00e9pondu : \u00ab D&rsquo;accord, dites-lui de venir demain \u00bb. Il m&rsquo;a alors expliqu\u00e9 que son fils \u00e9tait atteint de scl\u00e9rose en plaques. Je lui ai r\u00e9p\u00e9t\u00e9 : \u00ab Dites-lui de venir demain \u00bb.   <\/p>\n\n<p>Le lendemain, Mauro, un homme de 36 ans, est arriv\u00e9. Il m&rsquo;a racont\u00e9 qu&rsquo;il avait commenc\u00e9 \u00e0 participer \u00e0 un programme de recherche dans le cadre duquel on lui injectait un m\u00e9dicament sp\u00e9cial une fois par semaine, ce qui l&rsquo;affaiblissait le lendemain, et que le traitement n&rsquo;avait pas toujours lieu le m\u00eame jour. Il m&rsquo;a \u00e9galement dit qu&rsquo;il lui \u00e9tait difficile de trouver un emploi pr\u00e9cis\u00e9ment \u00e0 cause de cette difficult\u00e9.  <\/p>\n\n<p>Mauro est chez nous depuis cinq mois. Il fait non seulement le travail de nettoyage convenu, mais il s&rsquo;occupe aussi du jardin et de l&rsquo;entretien, entre autres choses. <\/p>\n\n<p>R\u00e9ciprocit\u00e9, donner et recevoir, communion, valorisation de la personne, c&rsquo;est ainsi que je veux vivre et travailler.<\/p>\n\n<p>V.C.P.<\/p>\n\n<p class=\"has-text-align-right\"><em>Carlos Mana<\/em><\/p>\n\n<p class=\"has-small-font-size\"><em>Photo<\/em>:<em>\u00a9 Truthseeker08 &#8211; Pixabay<\/em><\/p>\n","protected":false},"excerpt":{"rendered":"<p>En essayant de mettre en pratique les paroles de l&rsquo;\u00c9vangile, quelle que soit la situation dans laquelle nous nous trouvons, nous pouvons nous mettre au service de notre fr\u00e8re.<\/p>\n","protected":false},"author":33,"featured_media":365684,"comment_status":"open","ping_status":"open","sticky":false,"template":"","format":"standard","meta":{"give_campaign_id":0,"_seopress_robots_primary_cat":"","_seopress_titles_title":"","_seopress_titles_desc":"","_seopress_robots_index":"","_et_pb_use_builder":"","_et_pb_old_content":"","_et_gb_content_width":"","footnotes":""},"categories":[3287,3309],"tags":[3348,3197],"class_list":["post-365699","post","type-post","status-publish","format-standard","has-post-thumbnail","hentry","category-testimonianze-di-vita-fr","category-vite-vissute-fr","tag-notifiche-fr","tag-ppg-fr"],"_links":{"self":[{"href":"https:\/\/www.focolare.org\/fr\/wp-json\/wp\/v2\/posts\/365699","targetHints":{"allow":["GET"]}}],"collection":[{"href":"https:\/\/www.focolare.org\/fr\/wp-json\/wp\/v2\/posts"}],"about":[{"href":"https:\/\/www.focolare.org\/fr\/wp-json\/wp\/v2\/types\/post"}],"author":[{"embeddable":true,"href":"https:\/\/www.focolare.org\/fr\/wp-json\/wp\/v2\/users\/33"}],"replies":[{"embeddable":true,"href":"https:\/\/www.focolare.org\/fr\/wp-json\/wp\/v2\/comments?post=365699"}],"version-history":[{"count":0,"href":"https:\/\/www.focolare.org\/fr\/wp-json\/wp\/v2\/posts\/365699\/revisions"}],"wp:featuredmedia":[{"embeddable":true,"href":"https:\/\/www.focolare.org\/fr\/wp-json\/wp\/v2\/media\/365684"}],"wp:attachment":[{"href":"https:\/\/www.focolare.org\/fr\/wp-json\/wp\/v2\/media?parent=365699"}],"wp:term":[{"taxonomy":"category","embeddable":true,"href":"https:\/\/www.focolare.org\/fr\/wp-json\/wp\/v2\/categories?post=365699"},{"taxonomy":"post_tag","embeddable":true,"href":"https:\/\/www.focolare.org\/fr\/wp-json\/wp\/v2\/tags?post=365699"}],"curies":[{"name":"wp","href":"https:\/\/api.w.org\/{rel}","templated":true}]}}