{"id":367422,"date":"2024-11-27T00:05:00","date_gmt":"2024-11-26T23:05:00","guid":{"rendered":"https:\/\/www.focolare.org\/?p=367422"},"modified":"2024-11-27T00:07:26","modified_gmt":"2024-11-26T23:07:26","slug":"evangile-vecu-dans-sa-pauvrete-il-a-mis-tout-ce-quil-avait-pour-vivre-mc-1244","status":"publish","type":"post","link":"https:\/\/www.focolare.org\/fr\/evangile-vecu-dans-sa-pauvrete-il-a-mis-tout-ce-quil-avait-pour-vivre-mc-1244\/","title":{"rendered":"\u00c9vangile v\u00e9cu : \u00ab Dans sa pauvret\u00e9, il a mis tout ce qu&rsquo;il avait pour vivre \u00bb (Mc 12,44)"},"content":{"rendered":"\n<p class=\"has-text-color has-link-color has-medium-font-size wp-elements-f6e2c5de4d4ee2f3a1b92f66aaf59149\" style=\"color:#5e0d0d\"><strong>Gentilezza<\/strong><\/p>\n\n<p>Ce matin, en faisant mes courses au supermarch\u00e9, je suis pass\u00e9e devant un grand chariot o\u00f9 une vendeuse empilait des cartons et j&rsquo;ai remarqu\u00e9 que deux d&rsquo;entre eux \u00e9taient par terre.<\/p>\n\n<p>Craignant de les avoir fait tomber par inadvertance, je me suis excus\u00e9e, puis j&rsquo;ai ramass\u00e9 les cartons et les ai pos\u00e9s sur le chariot.<\/p>\n\n<p>La vendeuse m&rsquo;a remerci\u00e9 et m&rsquo;a dit de ne pas m&rsquo;inqui\u00e9ter. Puis, commentant \u00e0 haute voix, elle a ajout\u00e9 : \u00ab La gentillesse est rare ! Une autre personne qui passait par l\u00e0 confirme : \u00ab C&rsquo;est tout \u00e0 fait vrai !\u00bb. La vendeuse lui a alors racont\u00e9, en guise d&rsquo;explication, ce qui s&rsquo;\u00e9tait pass\u00e9.   <\/p>\n\n<p>Quant \u00e0 moi, j&rsquo;\u00e9tais heureuse, notamment parce que ce petit \u00e9pisode m&rsquo;a rappel\u00e9 une phrase que j&rsquo;avais entendue il y a quelque temps et qui m&rsquo;avait frapp\u00e9e : il s&rsquo;agissait de \u00ab semer la gentillesse \u00bb. Cela m&rsquo;a sembl\u00e9 \u00eatre une \u00ab caresse \u00bb de Dieu. <\/p>\n\n<p>G.S. \u2013 Italie (*)<\/p>\n\n<p class=\"has-text-color has-link-color has-medium-font-size wp-elements-09fd492f1f5ea1774822e51765c18eb5\" style=\"color:#5e0d0d\"><strong>Gu\u00e9rir les relations<\/strong><\/p>\n\n<p>J&rsquo;ai un fr\u00e8re, chr\u00e9tien catholique, qui a \u00e9pous\u00e9 une allemande de l&rsquo;\u00c9glise \u00e9vang\u00e9lique. Lorsqu&rsquo;ils se sont install\u00e9s en Italie, les relations entre ma m\u00e8re et ma belle-s\u0153ur n&rsquo;\u00e9taient pas faciles, m\u00eame si elle n&rsquo;\u00e9tait pas oppos\u00e9e \u00e0 ce que leurs enfants soient \u00e9duqu\u00e9s dans l&rsquo;\u00c9glise catholique. Quant \u00e0 moi, j&rsquo;ai essay\u00e9 d&rsquo;\u00eatre une \u00ab m\u00e9diatrice \u00bb entre elle et ma m\u00e8re. Ma belle-s\u0153ur a \u00e9galement souffert de ce malentendu, qui s&rsquo;est toutefois dissip\u00e9 peu avant la mort de notre m\u00e8re. Depuis quelque temps, je partage quotidiennement avec elle, via whatsapp, la \u00ab Pens\u00e9e du jour \u00bb qui nous aide \u00e0 vivre l&rsquo;amour \u00e9vang\u00e9lique au quotidien. Un jour, elle nous a invit\u00e9s \u00e0 \u00ab \u00eatre mis\u00e9ricordieux \u00bb, avec cette courte phrase de commentaire : \u00ab La mis\u00e9ricorde est un amour qui sait accueillir chaque voisin, surtout les plus pauvres et les plus n\u00e9cessiteux. Un amour sans mesure, abondant, universel, concret \u00bb. Sa r\u00e9ponse a \u00e9t\u00e9 imm\u00e9diate : \u00ab Si je t&rsquo;ai fait de la peine dans certaines circonstances ces derni\u00e8res ann\u00e9es, pardonne-moi \u00bb. Surprise, je lui ai r\u00e9pondu \u00e0 mon tour : \u00ab Moi aussi, je m&rsquo;excuse \u00bb. Et elle : \u00ab Je ne me souviens d&rsquo;aucun incident pour lequel tu devrais t&rsquo;excuser &#8230; \u00bb.        <\/p>\n\n<p>C. \u2013 Italie (*)<\/p>\n\n<p class=\"has-text-color has-link-color has-medium-font-size wp-elements-7e1df817f528ae08d5c4c065d3695df5\" style=\"color:#5e0d0d\"><strong>Appelants et t\u00e9moins<\/strong><\/p>\n\n<p>Une personne tr\u00e8s ch\u00e8re m&rsquo;a demand\u00e9 d&rsquo;\u00e9crire quelque chose sur mon exp\u00e9rience d&rsquo;enseignante pour une de ses connaissances d&rsquo;un autre pays qui r\u00e9alisait un projet sur l&rsquo;\u00e9ducation aux valeurs.<\/p>\n\n<p>Je me suis rendu compte que c&rsquo;\u00e9tait l&rsquo;occasion de transformer en t\u00e9moignage ce qui, d&rsquo;une certaine mani\u00e8re, a \u00e9t\u00e9 ma r\u00e9ponse personnelle \u00e0 \u00ab l&rsquo;appel \u00bb \u00e0 vivre selon les enseignements de l&rsquo;\u00c9vangile en tant qu&rsquo;enseignante et en tant que m\u00e8re.<\/p>\n\n<p>La r\u00e9daction a n\u00e9cessit\u00e9 de nombreuses heures d&rsquo;\u00e9criture, de suppression, de correction, de r\u00e9\u00e9criture, de rappel d&rsquo;aspects que j&rsquo;aurais pu ajouter, d&rsquo;\u00e9limination d&rsquo;autres qui semblaient hors de propos et, surtout, de filtrage de chaque mot avec amour. J&rsquo;ai essay\u00e9 de me mettre \u00e0 la place de la personne pour laquelle j&rsquo;\u00e9crivais, car m\u00eame si je ne la connaissais pas, je pouvais aimer J\u00e9sus en elle. <\/p>\n\n<p>Je l&rsquo;ai envoy\u00e9e \u00e0 mon amie, sachant que ce n&rsquo;\u00e9tait peut-\u00eatre pas tout \u00e0 fait ce dont elle avait besoin, mais pr\u00eate \u00e0 tout changer.<\/p>\n\n<p>\u00c0 ma grande surprise, elle m&rsquo;a r\u00e9pondu : \u00ab J&rsquo;ai d\u00e9j\u00e0 envoy\u00e9 ta lettre et je l&rsquo;ai beaucoup aim\u00e9e \u00bb. Sans doute n&rsquo;\u00e9tait-ce pas l&rsquo;\u00e9criture elle-m\u00eame qui plaisait, mais le travail que Dieu avait fait en moi et qui, partag\u00e9, pouvait \u00eatre une petite lumi\u00e8re pour d&rsquo;autres. <\/p>\n\n<p>Et, bien s\u00fbr, les autres choses que j&rsquo;avais \u00e0 faire \u00e0 cette \u00e9poque ont \u00e9t\u00e9 facilement prises en charge, car les changements d&rsquo;horaire me laissaient du temps libre pour les faire.<\/p>\n\n<p>C.M. \u2013 Argentine<\/p>\n\n<p class=\"has-text-align-right\"><em>Carlos Mana<br \/>Photo \u00a9 StockSnap-Pixabay<\/em><\/p>\n\n<p><em>(*) Extrait de \u00a0\u00bb L&rsquo;Evangeile du jour \u00a0\u00bb novembre-d\u00e9cembre, Citt\u00e0 Nuova, Rome 2024.<\/em><\/p>\n","protected":false},"excerpt":{"rendered":"<p>L&rsquo;\u00c9vangile, si nous voulons le vivre, nous demande de mettre tout ce que nous avons, notre intelligence, nos comp\u00e9tences, notre c\u0153ur et nos mains \u00e0 la rencontre de nos fr\u00e8res et s\u0153urs. Des petits gestes qui peuvent souvent aider \u00e0 reconstruire des relations ou tout simplement \u00e0 enrichir nos journ\u00e9es de bont\u00e9.  <\/p>\n","protected":false},"author":34,"featured_media":367415,"comment_status":"open","ping_status":"open","sticky":false,"template":"","format":"standard","meta":{"give_campaign_id":0,"_seopress_robots_primary_cat":"","_seopress_titles_title":"","_seopress_titles_desc":"","_seopress_robots_index":"","_et_pb_use_builder":"","_et_pb_old_content":"","_et_gb_content_width":"","footnotes":""},"categories":[3177,3287],"tags":[3348,3197,3345],"class_list":["post-367422","post","type-post","status-publish","format-standard","has-post-thumbnail","hentry","category-social-fr","category-testimonianze-di-vita-fr","tag-notifiche-fr","tag-ppg-fr","tag-testimonianze-fr"],"_links":{"self":[{"href":"https:\/\/www.focolare.org\/fr\/wp-json\/wp\/v2\/posts\/367422","targetHints":{"allow":["GET"]}}],"collection":[{"href":"https:\/\/www.focolare.org\/fr\/wp-json\/wp\/v2\/posts"}],"about":[{"href":"https:\/\/www.focolare.org\/fr\/wp-json\/wp\/v2\/types\/post"}],"author":[{"embeddable":true,"href":"https:\/\/www.focolare.org\/fr\/wp-json\/wp\/v2\/users\/34"}],"replies":[{"embeddable":true,"href":"https:\/\/www.focolare.org\/fr\/wp-json\/wp\/v2\/comments?post=367422"}],"version-history":[{"count":0,"href":"https:\/\/www.focolare.org\/fr\/wp-json\/wp\/v2\/posts\/367422\/revisions"}],"wp:featuredmedia":[{"embeddable":true,"href":"https:\/\/www.focolare.org\/fr\/wp-json\/wp\/v2\/media\/367415"}],"wp:attachment":[{"href":"https:\/\/www.focolare.org\/fr\/wp-json\/wp\/v2\/media?parent=367422"}],"wp:term":[{"taxonomy":"category","embeddable":true,"href":"https:\/\/www.focolare.org\/fr\/wp-json\/wp\/v2\/categories?post=367422"},{"taxonomy":"post_tag","embeddable":true,"href":"https:\/\/www.focolare.org\/fr\/wp-json\/wp\/v2\/tags?post=367422"}],"curies":[{"name":"wp","href":"https:\/\/api.w.org\/{rel}","templated":true}]}}