{"id":368399,"date":"2024-12-09T05:00:00","date_gmt":"2024-12-09T04:00:00","guid":{"rendered":"https:\/\/www.focolare.org\/?p=368399"},"modified":"2024-12-09T21:14:04","modified_gmt":"2024-12-09T20:14:04","slug":"long-new-humanity-presente-les-propositions-du-genfest-au-forum-mondial-de-lunaoc","status":"publish","type":"post","link":"https:\/\/www.focolare.org\/fr\/long-new-humanity-presente-les-propositions-du-genfest-au-forum-mondial-de-lunaoc\/","title":{"rendered":"L&rsquo;ONG New Humanity pr\u00e9sente les propositions du GenFest au Forum mondial de l&rsquo;UNAOC"},"content":{"rendered":"\n<p>Dans un monde marqu\u00e9 par les guerres, les crises et la polarisation, le dialogue et la coop\u00e9ration restent les seuls chemins vers la paix. C&rsquo;est avec cette conviction que l&rsquo;ONG <a href=\"\">New Humanity<\/a> a rejoint le Forum mondial de l&rsquo;Alliance des civilisations des Nations unies (UNAOC), qui a r\u00e9uni son Groupe d&rsquo;Amis \u00e0 Cascais, au Portugal, du 25 au 27 novembre. Sur le th\u00e8me <em>\u00ab Unis dans la paix : restaurer la confiance, redessiner l&rsquo;avenir &#8211; R\u00e9flexion sur deux d\u00e9cennies de dialogue pour l&rsquo;humanit\u00e9 \u00bb<\/em>, l&rsquo;\u00e9v\u00e9nement a rassembl\u00e9 diverses parties prenantes, notamment des chefs religieux, des universitaires, des jeunes, des repr\u00e9sentants des m\u00e9dias et de la soci\u00e9t\u00e9 civile. Parmi les participants de haut niveau figuraient Ant\u00f3nio Guterres, secr\u00e9taire g\u00e9n\u00e9ral des Nations unies, Marcelo Rebelo de Sousa, pr\u00e9sident du Portugal, le roi Felipe d&rsquo;Espagne et plusieurs ministres des affaires \u00e9trang\u00e8res, actuels et anciens, de pays europ\u00e9ens.   <\/p>\n\n<p>L&rsquo;ONG New Humanity du Mouvement des Focolari et membre du Conseil consultatif multiconfessionnel de l&rsquo;UNAOC a soulign\u00e9 l&rsquo;engagement de l&rsquo;organisation \u00e0 promouvoir une soci\u00e9t\u00e9 juste et unie, o\u00f9 les religions sont des espaces de rencontre et de collaboration. Enracin\u00e9e dans des d\u00e9cennies d&rsquo;initiatives locales, New Humanity associe l&rsquo;action locale \u00e0 la diplomatie internationale pour relever les d\u00e9fis mondiaux et promouvoir la paix. Cette participation a soulign\u00e9 l&rsquo;importance des efforts multilat\u00e9raux pour restaurer la confiance et redessiner un avenir d&rsquo;harmonie et de collaboration entre les institutions internationales, les organisations religieuses et le secteur priv\u00e9.  <\/p>\n\n<p class=\"has-vivid-red-color has-text-color has-link-color wp-elements-e36a3ef043e658ce741e4a46e1988a33\"><strong>Notre engagement<\/strong><\/p>\n\n<p>Au cours du Forum mondial, Ana Clara Giovani et Andr\u00e9 Correia, jeunes repr\u00e9sentants du Mouvement des Focolari, ainsi que Maddalena Maltese, repr\u00e9sentante principale de l&rsquo;ONG New Humanity \u00e0 New York, ont pr\u00e9sent\u00e9 le document <em>\u00ab Together to Care &#8211; For our human Family and our common home \u00bb<\/em> (Ensemble pour prendre soin &#8211; Pour notre humanit\u00e9 et notre maison commune). Ce document repr\u00e9sente un engagement de la Jeunesse pour un Monde Uni (Y4UW) envers le Pacte pour le Futur, approuv\u00e9 par les Nations Unies en septembre dernier.<\/p>\n\n<figure class=\"wp-block-gallery has-nested-images columns-default is-cropped wp-block-gallery-1 is-layout-flex wp-block-gallery-is-layout-flex\">\n<figure class=\"wp-block-image size-large\"><img alt=\"\" alt=\"\" loading=\"lazy\" decoding=\"async\" width=\"1024\" height=\"768\" data-id=\"368349\" src=\"https:\/\/www.focolare.org\/wp-content\/uploads\/2024\/12\/271c7a63-3a7f-42b5-bc08-759df7a7334f-1024x768.jpg\" alt=\"\" class=\"wp-image-368349\" srcset=\"https:\/\/www.focolare.org\/wp-content\/uploads\/2024\/12\/271c7a63-3a7f-42b5-bc08-759df7a7334f-980x735.jpg 980w, https:\/\/www.focolare.org\/wp-content\/uploads\/2024\/12\/271c7a63-3a7f-42b5-bc08-759df7a7334f-480x360.jpg 480w\" sizes=\"(min-width: 0px) and (max-width: 480px) 480px, (min-width: 481px) and (max-width: 980px) 980px, (min-width: 981px) 1024px, 100vw\" \/><\/figure>\n\n\n\n<figure class=\"wp-block-image size-large\"><img alt=\"\" alt=\"\" loading=\"lazy\" decoding=\"async\" width=\"1024\" height=\"768\" data-id=\"368369\" src=\"https:\/\/www.focolare.org\/wp-content\/uploads\/2024\/12\/20241203_095918000_iOS-1024x768.jpg\" alt=\"\" class=\"wp-image-368369\" srcset=\"https:\/\/www.focolare.org\/wp-content\/uploads\/2024\/12\/20241203_095918000_iOS-980x735.jpg 980w, https:\/\/www.focolare.org\/wp-content\/uploads\/2024\/12\/20241203_095918000_iOS-480x360.jpg 480w\" sizes=\"(min-width: 0px) and (max-width: 480px) 480px, (min-width: 481px) and (max-width: 980px) 980px, (min-width: 981px) 1024px, 100vw\" \/><\/figure>\n\n\n\n<figure class=\"wp-block-image size-large\"><img alt=\"\" alt=\"\" loading=\"lazy\" decoding=\"async\" width=\"1024\" height=\"768\" data-id=\"368374\" src=\"https:\/\/www.focolare.org\/wp-content\/uploads\/2024\/12\/20241203_095919000_iOS-1024x768.jpg\" alt=\"\" class=\"wp-image-368374\" srcset=\"https:\/\/www.focolare.org\/wp-content\/uploads\/2024\/12\/20241203_095919000_iOS-980x735.jpg 980w, https:\/\/www.focolare.org\/wp-content\/uploads\/2024\/12\/20241203_095919000_iOS-480x360.jpg 480w\" sizes=\"(min-width: 0px) and (max-width: 480px) 480px, (min-width: 481px) and (max-width: 980px) 980px, (min-width: 981px) 1024px, 100vw\" \/><\/figure>\n<\/figure>\n\n<div style=\"height:31px\" aria-hidden=\"true\" class=\"wp-block-spacer\"><\/div>\n\n<p>Lors du <a href=\"https:\/\/www.unitedworldproject.org\/\">Genfest 2024<\/a>, un rassemblement de 4 000 jeunes du monde entier qui s&rsquo;est tenu au Br\u00e9sil, huit p\u00f4les d&rsquo;innovation ont \u00e9t\u00e9 lanc\u00e9s pour promouvoir l&rsquo;unit\u00e9 de la famille humaine et prendre soin de notre maison commune. Les huit Communaut\u00e9s Monde Uni ont consolid\u00e9 et d\u00e9velopp\u00e9 des propositions et des projets inspir\u00e9s par la spiritualit\u00e9 de l&rsquo;unit\u00e9 du Mouvement des Focolari, conform\u00e9ment aux principes de la D\u00e9claration des Nations Unies sur les Droits de l&rsquo;Homme et du Pacte des Nations Unies sur les Droits de l\u2019Homme et le Pacte pour le Futur de l\u2019ONU. Ces initiatives se concentrent sur des domaines tels que le d\u00e9veloppement durable, l&rsquo;action climatique, la promotion de la paix et des droits de l&rsquo;homme, le dialogue interculturel, la coh\u00e9sion sociale et l&#8217;empowerment des jeunes.  <\/p>\n\n<p>Ces projets et propositions constituent le c\u0153ur du document pr\u00e9sent\u00e9 \u00e0 Cascais. Le document s&rsquo;ouvre sur une lettre adress\u00e9e au Secr\u00e9taire G\u00e9n\u00e9ral des Nations unies, Ant\u00f3nio Guterres, reconnaissant ses efforts inlassables en faveur de la paix et du d\u00e9veloppement durable. Les propositions cl\u00e9s comprennent l&rsquo;\u00e9tablissement d&rsquo;un Forum de la jeunesse de haut niveau pour int\u00e9grer les perspectives des jeunes dans le processus de d\u00e9cision mondial et les pr\u00e9parations pour le 80e anniversaire de l&rsquo;ONU et la COP 30, pr\u00e9sentant des solutions dirig\u00e9es par les jeunes pour la durabilit\u00e9 urbaine et la sant\u00e9 climatique.  <\/p>\n\n<p>Pr\u00e9sent\u00e9 \u00e0 Miguel \u00c1ngel Moratinos, Haut repr\u00e9sentant de l&rsquo;UNAOC, et \u00e0 Felipe Paullier, Haut repr\u00e9sentant pour les affaires de la jeunesse, le document a re\u00e7u une r\u00e9ponse enthousiaste. Les deux dirigeants ont reconnu les contributions de longue date d\u2019Humanit\u00e9 Nouvelle et ont exprim\u00e9 leur int\u00e9r\u00eat pour une analyse plus approfondie des propositions. Cet engagement souligne le r\u00f4le central de la jeunesse dans l&rsquo;\u00e9laboration des politiques pour un avenir juste et durable, renfor\u00e7ant ainsi le lien entre l&rsquo;action de la base et la diplomatie internationale.  <\/p>\n\n<figure class=\"wp-block-gallery has-nested-images columns-default is-cropped wp-block-gallery-2 is-layout-flex wp-block-gallery-is-layout-flex\">\n<figure class=\"wp-block-image size-large\"><img alt=\"\" alt=\"\" loading=\"lazy\" decoding=\"async\" width=\"1024\" height=\"683\" data-id=\"368344\" src=\"https:\/\/www.focolare.org\/wp-content\/uploads\/2024\/12\/Foto-ONUCarlos-Porfirio-1024x683.jpg\" alt=\"\" class=\"wp-image-368344\" srcset=\"https:\/\/www.focolare.org\/wp-content\/uploads\/2024\/12\/Foto-ONUCarlos-Porfirio-1024x683.jpg 1024w, https:\/\/www.focolare.org\/wp-content\/uploads\/2024\/12\/Foto-ONUCarlos-Porfirio-980x653.jpg 980w, https:\/\/www.focolare.org\/wp-content\/uploads\/2024\/12\/Foto-ONUCarlos-Porfirio-480x320.jpg 480w\" sizes=\"(min-width: 0px) and (max-width: 480px) 480px, (min-width: 481px) and (max-width: 980px) 980px, (min-width: 981px) 1024px, 100vw\" \/><figcaption class=\"wp-element-caption\">Photo: \u00a9 ONU Carlos Porfirio<\/figcaption><\/figure>\n\n\n\n<figure class=\"wp-block-image size-large\"><img alt=\"\" alt=\"\" loading=\"lazy\" decoding=\"async\" width=\"1024\" height=\"768\" data-id=\"368354\" src=\"https:\/\/www.focolare.org\/wp-content\/uploads\/2024\/12\/782ada6f-6fe0-4b68-b151-a7675d51ee89-1024x768.jpg\" alt=\"\" class=\"wp-image-368354\" srcset=\"https:\/\/www.focolare.org\/wp-content\/uploads\/2024\/12\/782ada6f-6fe0-4b68-b151-a7675d51ee89-980x735.jpg 980w, https:\/\/www.focolare.org\/wp-content\/uploads\/2024\/12\/782ada6f-6fe0-4b68-b151-a7675d51ee89-480x360.jpg 480w\" sizes=\"(min-width: 0px) and (max-width: 480px) 480px, (min-width: 481px) and (max-width: 980px) 980px, (min-width: 981px) 1024px, 100vw\" \/><\/figure>\n<\/figure>\n\n<div style=\"height:34px\" aria-hidden=\"true\" class=\"wp-block-spacer\"><\/div>\n\n<h3 class=\"wp-block-heading has-vivid-red-color has-text-color has-link-color wp-elements-78af31993b86c7b09d435ff52bdfb28d\"><a><\/a><strong>Prochaines \u00e9tapes<\/strong><\/h3>\n\n<p>Afin d&rsquo;\u00e9tendre la port\u00e9e et l&rsquo;efficacit\u00e9 de ce travail, les Ambassadeurs du Monde Uni, un r\u00e9seau de jeunes, joueront un r\u00f4le cl\u00e9 en reliant les initiatives locales aux institutions internationales telles que les Nations Unies, en veillant \u00e0 ce que les actions locales aient une r\u00e9sonance mondiale.<\/p>\n\n<p>New Humanity poursuit ses efforts et son engagement pour relier les initiatives locales aux organisations concern\u00e9es, poursuivant ainsi sa mission de promotion de la fraternit\u00e9, du dialogue et du d\u00e9veloppement durable. Les relations nou\u00e9es lors du Forum Mondial de l&rsquo;UNAOC seront d\u00e9terminantes pour renforcer l&rsquo;impact de nos projets et amplifier les voix des jeunes du monde entier. <\/p>\n\n<p class=\"has-text-align-right\"><em>Ana Clara Giovani et Maddalena Maltese<\/em><\/p>\n\n<p><em>Pour t\u00e9l\u00e9charger le document, en anglais, cliquez sur l&rsquo;image<\/em><\/p>\n\n<div style=\"height:28px\" aria-hidden=\"true\" class=\"wp-block-spacer\"><\/div>\n\n<figure class=\"wp-block-image size-full\"><a href=\"https:\/\/www.focolare.org\/wp-content\/uploads\/2024\/12\/Together-to-care-report.pdf\" target=\"_blank\" rel=\" noreferrer noopener\"><img alt=\"\" alt=\"\" loading=\"lazy\" decoding=\"async\" width=\"197\" height=\"278\" src=\"https:\/\/www.focolare.org\/wp-content\/uploads\/2024\/12\/Together-to-care-Copertina.jpg\" alt=\"\" class=\"wp-image-368380\"\/><\/a><\/figure>\n","protected":false},"excerpt":{"rendered":"<p>\u00ab Ensemble pour Prendre Soin &#8211; Pour notre Humanit\u00e9 et notre Maison Commune \u00bb repr\u00e9sente un engagement des Jeunes pour un Monde Uni envers le Pacte pour le Futur, approuv\u00e9 par les Nations Unies en septembre dernier.<\/p>\n","protected":false},"author":34,"featured_media":368366,"comment_status":"open","ping_status":"open","sticky":false,"template":"","format":"standard","meta":{"give_campaign_id":0,"_seopress_robots_primary_cat":"","_seopress_titles_title":"","_seopress_titles_desc":"","_seopress_robots_index":"","_et_pb_use_builder":"","_et_pb_old_content":"","_et_gb_content_width":"","footnotes":""},"categories":[3072,3177],"tags":[3389,3348,3593,3197],"class_list":["post-368399","post","type-post","status-publish","format-standard","has-post-thumbnail","hentry","category-nuove-generazioni-5","category-social-fr","tag-genfest-2024-fr","tag-notifiche-fr","tag-onu-fr","tag-ppg-fr"],"_links":{"self":[{"href":"https:\/\/www.focolare.org\/fr\/wp-json\/wp\/v2\/posts\/368399","targetHints":{"allow":["GET"]}}],"collection":[{"href":"https:\/\/www.focolare.org\/fr\/wp-json\/wp\/v2\/posts"}],"about":[{"href":"https:\/\/www.focolare.org\/fr\/wp-json\/wp\/v2\/types\/post"}],"author":[{"embeddable":true,"href":"https:\/\/www.focolare.org\/fr\/wp-json\/wp\/v2\/users\/34"}],"replies":[{"embeddable":true,"href":"https:\/\/www.focolare.org\/fr\/wp-json\/wp\/v2\/comments?post=368399"}],"version-history":[{"count":0,"href":"https:\/\/www.focolare.org\/fr\/wp-json\/wp\/v2\/posts\/368399\/revisions"}],"wp:featuredmedia":[{"embeddable":true,"href":"https:\/\/www.focolare.org\/fr\/wp-json\/wp\/v2\/media\/368366"}],"wp:attachment":[{"href":"https:\/\/www.focolare.org\/fr\/wp-json\/wp\/v2\/media?parent=368399"}],"wp:term":[{"taxonomy":"category","embeddable":true,"href":"https:\/\/www.focolare.org\/fr\/wp-json\/wp\/v2\/categories?post=368399"},{"taxonomy":"post_tag","embeddable":true,"href":"https:\/\/www.focolare.org\/fr\/wp-json\/wp\/v2\/tags?post=368399"}],"curies":[{"name":"wp","href":"https:\/\/api.w.org\/{rel}","templated":true}]}}