{"id":370263,"date":"2025-01-23T13:00:00","date_gmt":"2025-01-23T12:00:00","guid":{"rendered":"https:\/\/www.focolare.org\/?p=370263"},"modified":"2025-01-23T13:05:02","modified_gmt":"2025-01-23T12:05:02","slug":"incendies-en-californie-la-communaute-des-focolari-dans-la-souffrance-et-la-devastation","status":"publish","type":"post","link":"https:\/\/www.focolare.org\/fr\/incendies-en-californie-la-communaute-des-focolari-dans-la-souffrance-et-la-devastation\/","title":{"rendered":"Incendies en Californie : la communaut\u00e9 des Focolari dans la souffrance et la d\u00e9vastation"},"content":{"rendered":"\n<p><\/p>\n\n<p>Les images dramatiques des incendies qui ont ravag\u00e9 une immense zone, d\u00e9truisant tout, des animaux \u00e0 la v\u00e9g\u00e9tation, font le tour du monde depuis plusieurs jours. Des milliers de maisons sont en cendres et, \u00e0 l&rsquo;heure actuelle, 25 personnes sont mortes. De nombreuses familles ont tout perdu et 26 personnes sont toujours port\u00e9es disparues. Il est d\u00e9chirant de voir encore aujourd&rsquo;hui ces images de souffrance. Et l&rsquo;urgence n&rsquo;est pas encore termin\u00e9e. Nous avons contact\u00e9 la communaut\u00e9 des Focolari de la r\u00e9gion pour savoir comment elle vit cette situation.     <\/p>\n\n<p>\u00ab Les incendies qui s\u00e9vissent dans diff\u00e9rentes parties de notre territoire nous inqui\u00e8tent beaucoup, car nous ne parvenons pas \u00e0 \u00e9teindre compl\u00e8tement les foyers d&rsquo;incendie \u00e0 cause des vents violents. On pr\u00e9voit qu&rsquo;ils dureront encore plusieurs jours \u00bb, \u00e9crit Carlos Santos du focolare de Los Angeles. De nombreuses personnes ont \u00e9t\u00e9 d\u00e9plac\u00e9es et beaucoup ont tout perdu. Mais nous constatons \u00e9galement que de nombreuses personnes ont apport\u00e9 de la nourriture, des v\u00eatements, de l&rsquo;argent et d&rsquo;autres dons pour les personnes touch\u00e9es par les incendies. La r\u00e9ponse de la charit\u00e9 a \u00e9t\u00e9 si grande que, par l&rsquo;interm\u00e9diaire de la t\u00e9l\u00e9vision, des personnes ont demand\u00e9 d&rsquo;arr\u00eater de faire des dons dans certaines r\u00e9gions parce qu&rsquo;il n&rsquo;y avait plus assez de place pour les d\u00e9poser. Oui, la Providence est arriv\u00e9e en surabondance.     <\/p>\n\n<p>L&rsquo;incendie n&rsquo;a pas atteint les maisons des membres de la communaut\u00e9 locale des Focolari. Mais certains ont d\u00fb d\u00e9m\u00e9nager, parce qu&rsquo;ils vivaient dans des zones \u00e0 risque d&rsquo;incendie. <\/p>\n\n<p>Carlos poursuit : \u00ab Le focolare f\u00e9minin a abrit\u00e9 une famille pendant trois jours jusqu&rsquo;\u00e0 ce que les autorit\u00e9s d\u00e9clarent qu&rsquo;elle pouvait retourner chez elle en toute s\u00e9curit\u00e9. Notre focolare masculin s&rsquo;est \u00e9galement rendu disponible pour accueillir des personnes en cas de besoin. Cela a permis \u00e0 la communaut\u00e9 d&rsquo;avoir l&rsquo;esprit plus serein car plusieurs zones du comt\u00e9 de Los Angeles pouvaient faire l&rsquo;objet d&rsquo;un mandat d&rsquo;\u00e9vacuation au cas o\u00f9 le vent changerait de direction et d\u00e9placerait le feu vers cette zone. Certains focolarini et focolarines, par leur travail, ont \u00e9t\u00e9 touch\u00e9s par la souffrance de nombreuses personnes et de familles qui ont tout perdu. Nous voulons accompagner ces personnes, leur apporter du r\u00e9confort et les aider \u00e0 trouver une solution stable et nous vous remercions pour les nombreux messages de proximit\u00e9 et les pri\u00e8res pour cette grande souffrance \u00bb.    <\/p>\n\n<p>Sur le <a href=\"https:\/\/www.focolaremedia.com\/magazine\/content\/miracles-amid-palisades-fire\">site <\/a>de Focolare M\u00e9dias, l&rsquo;organe de communication des Focolari en Am\u00e9rique du Nord, vous pouvez lire l&rsquo;article sur le \u00ab miracle du tabernacle \u00bb \u00e0 l&rsquo;\u00e9glise Corpus Christi de la communaut\u00e9 de Pacific Palisades en Californie.<\/p>\n\n<p class=\"has-text-align-right\"><em>Lorenzo Russo<\/em><\/p>\n\n<p><em>Photo<\/em>: @RS Fotos P\u00fablicas<\/p>\n","protected":false},"excerpt":{"rendered":"<p>Californie, \u00c9tats-Unis. Plus de 200 000 personnes ont \u00e9t\u00e9 \u00e9vacu\u00e9es, plus de 10 000 maisons ont br\u00fbl\u00e9, les d\u00e9g\u00e2ts s&rsquo;\u00e9l\u00e8vent \u00e0 150 milliards de dollars et 10 millions de personnes sont en \u00e9tat d&rsquo;alerte pour \u00e9vacuer les lieux. <\/p>\n","protected":false},"author":33,"featured_media":370248,"comment_status":"open","ping_status":"open","sticky":false,"template":"","format":"standard","meta":{"give_campaign_id":0,"_seopress_robots_primary_cat":"","_seopress_titles_title":"","_seopress_titles_desc":"","_seopress_robots_index":"","_et_pb_use_builder":"","_et_pb_old_content":"","_et_gb_content_width":"","footnotes":""},"categories":[906,3125,3287],"tags":[3348,3197],"class_list":["post-370263","post","type-post","status-publish","format-standard","has-post-thumbnail","hentry","category-focolare-worldwide-2-3","category-spiritualita-5","category-testimonianze-di-vita-fr","tag-notifiche-fr","tag-ppg-fr"],"_links":{"self":[{"href":"https:\/\/www.focolare.org\/fr\/wp-json\/wp\/v2\/posts\/370263","targetHints":{"allow":["GET"]}}],"collection":[{"href":"https:\/\/www.focolare.org\/fr\/wp-json\/wp\/v2\/posts"}],"about":[{"href":"https:\/\/www.focolare.org\/fr\/wp-json\/wp\/v2\/types\/post"}],"author":[{"embeddable":true,"href":"https:\/\/www.focolare.org\/fr\/wp-json\/wp\/v2\/users\/33"}],"replies":[{"embeddable":true,"href":"https:\/\/www.focolare.org\/fr\/wp-json\/wp\/v2\/comments?post=370263"}],"version-history":[{"count":0,"href":"https:\/\/www.focolare.org\/fr\/wp-json\/wp\/v2\/posts\/370263\/revisions"}],"wp:featuredmedia":[{"embeddable":true,"href":"https:\/\/www.focolare.org\/fr\/wp-json\/wp\/v2\/media\/370248"}],"wp:attachment":[{"href":"https:\/\/www.focolare.org\/fr\/wp-json\/wp\/v2\/media?parent=370263"}],"wp:term":[{"taxonomy":"category","embeddable":true,"href":"https:\/\/www.focolare.org\/fr\/wp-json\/wp\/v2\/categories?post=370263"},{"taxonomy":"post_tag","embeddable":true,"href":"https:\/\/www.focolare.org\/fr\/wp-json\/wp\/v2\/tags?post=370263"}],"curies":[{"name":"wp","href":"https:\/\/api.w.org\/{rel}","templated":true}]}}