{"id":371025,"date":"2025-02-10T10:43:22","date_gmt":"2025-02-10T09:43:22","guid":{"rendered":"https:\/\/www.focolare.org\/?p=371025"},"modified":"2025-02-20T11:31:32","modified_gmt":"2025-02-20T10:31:32","slug":"un-jubile-plusieurs-jubiles","status":"publish","type":"post","link":"https:\/\/www.focolare.org\/fr\/un-jubile-plusieurs-jubiles\/","title":{"rendered":"Un Jubil\u00e9, plusieurs Jubil\u00e9s"},"content":{"rendered":"\n<p>L&rsquo;ann\u00e9e jubilaire, tr\u00e8s connue et v\u00e9cue concr\u00e8tement dans le monde entier par de nombreux catholiques, a pour th\u00e8me, en cette ann\u00e9e 2025, \u00ab P\u00e8lerins de l&rsquo;Esp\u00e9rance \u00bb. Des millions de personnes se rendront \u00e0 Rome ou visiteront les \u00e9glises jubilaires dans les diff\u00e9rents dioc\u00e8ses du monde, faisant l&rsquo;exp\u00e9rience de la gr\u00e2ce de la mis\u00e9ricorde de Dieu \u00e0 travers la pri\u00e8re pour le pardon, la r\u00e9solution de convertir leur c\u0153ur et le passage de la porte sainte, qui est cens\u00e9e nous rappeler symboliquement que le Christ est \u00ab la porte \u00bb. \u00ab P\u00e8lerins de l&rsquo;esp\u00e9rance \u00bb parce que nous sommes appel\u00e9s \u00e0 l&rsquo;Esp\u00e9rance   <\/p>\n\n\n\n<p>On sait beaucoup moins que l&rsquo;ann\u00e9e 2025 marque deux autres anniversaires importants d&rsquo;une grande port\u00e9e \u0153cum\u00e9nique : le 1700e anniversaire du Concile de Nic\u00e9e et le 60e anniversaire de la lev\u00e9e des excommunications mutuelles entre l&rsquo;\u00c9glise catholique et l&rsquo;\u00c9glise orthodoxe de Constantinople.<\/p>\n\n\n\n<p>Pourquoi une r\u00e9union eccl\u00e9siale qui a eu lieu il y a 1700 ans est-elle encore si importante \u00e0 c\u00e9l\u00e9brer ? Et pourquoi le pape Fran\u00e7ois, le patriarche \u0153cum\u00e9nique de Constantinople Bartholom\u00e9e Ier et d&rsquo;autres responsables de diverses \u00c9glises ont-ils choisi de se rendre \u00e0 Nic\u00e9e, en Turquie, le 24 mai 2025, pour une comm\u00e9moration commune ? Chaque dimanche, les chr\u00e9tiens de toutes les \u00c9glises professent la m\u00eame foi affirm\u00e9e lors de ce Concile. C&rsquo;est donc pr\u00e9cis\u00e9ment \u00e0 Nic\u00e9e que le fondement de notre foi a \u00e9t\u00e9 scell\u00e9 : le Dieu Un et Trine, J\u00e9sus-Christ vrai Homme et vrai Dieu. Dans la connaissance de ce fondement commun, la pri\u00e8re pour l&rsquo;unit\u00e9 n&rsquo;est pas seulement une pri\u00e8re pour la r\u00e9aliser, mais aussi une c\u00e9l\u00e9bration d&rsquo;action de gr\u00e2ce pour l&rsquo;unit\u00e9 qui est en fait d\u00e9j\u00e0 pr\u00e9sente.    <\/p>\n\n\n\n<p>Le Concile de Nic\u00e9e avait en fait \u00e9galement fix\u00e9 une date pour c\u00e9l\u00e9brer P\u00e2ques, mais avec le changement de calendrier en Occident, mis en \u0153uvre par le Pape Gr\u00e9goire XIII, la date de cette f\u00eate ne co\u00efncide g\u00e9n\u00e9ralement pas entre les \u00c9glises d&rsquo;Orient et d&rsquo;Occident. Cette ann\u00e9e, par un concours de circonstances, ces dates co\u00efncident : ce sera le 20 avril 2025 pour tout le monde. De nombreux chr\u00e9tiens du monde entier, dont le pape Fran\u00e7ois et le patriarche Bartholom\u00e9e, encouragent la cr\u00e9ation d&rsquo;un calendrier commun qui permettrait \u00e0 cette f\u00eate, qui est au c\u0153ur de la foi chr\u00e9tienne, de toujours co\u00efncider.   <\/p>\n\n\n\n<p>Le mouvement des Focolari saisit l&rsquo;occasion de c\u00e9l\u00e9brer ces anniversaires en organisant une <strong>Conf\u00e9rence \u0153cum\u00e9nique internationale<\/strong> intitul\u00e9e <strong>\u00ab Appel\u00e9s \u00e0 l&rsquo;Esp\u00e9rance &#8211; protagonistes du dialogue \u00bb<\/strong>. En ces temps de divisions et de grands d\u00e9fis, nous sommes appel\u00e9s, en tant que chr\u00e9tiens, \u00e0 t\u00e9moigner ensemble de l&rsquo;Esp\u00e9rance de l&rsquo;\u00c9vangile et \u00e0 \u00eatre des acteurs du dialogue et de l&rsquo;unit\u00e9, en nous engageant \u00e0 vivre pour la paix, \u00e0 construire la fraternit\u00e9 et \u00e0 r\u00e9pandre l&rsquo;Esp\u00e9rance. Tables rondes, interviews, t\u00e9moignages ont pour but d&rsquo;offrir au dialogue une m\u00e9thode et une spiritualit\u00e9, ainsi que des bonnes pratiques et des chemins \u0153cum\u00e9niques d\u00e9j\u00e0 en place.  <\/p>\n\n\n\n<p><a href=\"https:\/\/www.focolare.org\/wp-content\/uploads\/2024\/12\/CALLED_TO_HOPE-26-29-03-2025-francese.pdf\" target=\"_blank\" rel=\"noreferrer noopener\">Lien vers l&rsquo;invitation <\/a><\/p>\n\n\n\n<figure class=\"wp-block-image size-large\"><img alt=\"\" alt=\"\" decoding=\"async\" src=\"https:\/\/www.focolare.org\/wp-content\/uploads\/2025\/02\/20250205-BOZZA-progamma3-1024x724.jpg\" alt=\"\" class=\"wp-image-371471\"\/><\/figure>\n\n\n\n<p class=\"has-small-font-size\"><em>Photo Nicea: \u00a9 Di QuartierLatin1968 &#8211; Opera propria, CC BY-SA 3.0, https:\/\/commons.wikimedia.org\/w\/index.php?curid=4675764<\/em><\/p>\n","protected":false},"excerpt":{"rendered":"<p>L&rsquo;ann\u00e9e 2025 est riche en anniversaires \u0153cum\u00e9niques significatifs : du Jubil\u00e9 de l&rsquo;Esp\u00e9rance convoqu\u00e9 par l&rsquo;\u00c9glise catholique \u00e0 la c\u00e9l\u00e9bration du 1700e anniversaire du Concile de Nic\u00e9e, en passant par le 60e anniversaire de la lev\u00e9e des excommunications mutuelles entre l&rsquo;\u00c9glise catholique et l&rsquo;\u00c9glise orthodoxe de Constantinople. Le mouvement des Focolari profitera de l&rsquo;occasion pour c\u00e9l\u00e9brer ces anniversaires en organisant une conf\u00e9rence \u0153cum\u00e9nique internationale du 26 au 29 mars.  <\/p>\n","protected":false},"author":34,"featured_media":370918,"comment_status":"open","ping_status":"open","sticky":false,"template":"","format":"standard","meta":{"give_campaign_id":0,"_seopress_robots_primary_cat":"","_seopress_titles_title":"","_seopress_titles_desc":"","_seopress_robots_index":"","_et_pb_use_builder":"","_et_pb_old_content":"","_et_gb_content_width":"","footnotes":""},"categories":[3147,3194],"tags":[4101,4118,3637,3348,3197],"class_list":["post-371025","post","type-post","status-publish","format-standard","has-post-thumbnail","hentry","category-centro-internazionale-5","category-oecumenisme","tag-di1-fr","tag-di2-fr","tag-ecumenismo-fr","tag-notifiche-fr","tag-ppg-fr"],"_links":{"self":[{"href":"https:\/\/www.focolare.org\/fr\/wp-json\/wp\/v2\/posts\/371025","targetHints":{"allow":["GET"]}}],"collection":[{"href":"https:\/\/www.focolare.org\/fr\/wp-json\/wp\/v2\/posts"}],"about":[{"href":"https:\/\/www.focolare.org\/fr\/wp-json\/wp\/v2\/types\/post"}],"author":[{"embeddable":true,"href":"https:\/\/www.focolare.org\/fr\/wp-json\/wp\/v2\/users\/34"}],"replies":[{"embeddable":true,"href":"https:\/\/www.focolare.org\/fr\/wp-json\/wp\/v2\/comments?post=371025"}],"version-history":[{"count":0,"href":"https:\/\/www.focolare.org\/fr\/wp-json\/wp\/v2\/posts\/371025\/revisions"}],"wp:featuredmedia":[{"embeddable":true,"href":"https:\/\/www.focolare.org\/fr\/wp-json\/wp\/v2\/media\/370918"}],"wp:attachment":[{"href":"https:\/\/www.focolare.org\/fr\/wp-json\/wp\/v2\/media?parent=371025"}],"wp:term":[{"taxonomy":"category","embeddable":true,"href":"https:\/\/www.focolare.org\/fr\/wp-json\/wp\/v2\/categories?post=371025"},{"taxonomy":"post_tag","embeddable":true,"href":"https:\/\/www.focolare.org\/fr\/wp-json\/wp\/v2\/tags?post=371025"}],"curies":[{"name":"wp","href":"https:\/\/api.w.org\/{rel}","templated":true}]}}