{"id":371092,"date":"2025-03-01T00:05:00","date_gmt":"2025-02-28T23:05:00","guid":{"rendered":"https:\/\/www.focolare.org\/?p=371092"},"modified":"2025-03-03T16:57:26","modified_gmt":"2025-03-03T15:57:26","slug":"quas-tu-a-regarder-la-paille-qui-est-dans-loeil-de-ton-frere-et-la-poutre-qui-est-dans-ton-oeil-a-toi-tu-ne-la-remarques-pas-lc-6-41","status":"publish","type":"post","link":"https:\/\/www.focolare.org\/fr\/quas-tu-a-regarder-la-paille-qui-est-dans-loeil-de-ton-frere-et-la-poutre-qui-est-dans-ton-oeil-a-toi-tu-ne-la-remarques-pas-lc-6-41\/","title":{"rendered":"\u00ab Qu\u2019as-tu \u00e0 regarder la paille qui est dans l\u2019\u0153il de ton fr\u00e8re ? Et la poutre qui est dans ton \u0153il \u00e0 toi, tu ne la remarques pas ? \u00bb (Lc 6, 41)"},"content":{"rendered":"\n<p>En descendant de la montagne, apr\u00e8s une nuit de pri\u00e8re, J\u00e9sus choisit ses ap\u00f4tres. Arriv\u00e9 \u00e0 un endroit plat, il leur tient un long discours qui commence par la proclamation des B\u00e9atitudes.  <\/p>\n\n<p>Dans le texte de Luc, \u00e0 la diff\u00e9rence de l&rsquo;\u00e9vangile de Matthieu, il n&rsquo;y en a que quatre et elles concernent les pauvres, les affam\u00e9s, ceux qui souffrent et les afflig\u00e9s, auxquels s&rsquo;ajoutent autant de remontrances envers les riches, les rassasi\u00e9s et les arrogants<a href=\"#_ftn1\" id=\"_ftnref1\">[1].<\/a> De cette pr\u00e9dilection de Dieu envers les plus petits, J\u00e9sus fait le c\u0153ur de sa mission lorsque, dans la synagogue de Nazareth<a href=\"#_ftn2\" id=\"_ftnref2\">[2]<\/a>, il affirme qu&rsquo;il est rempli de l&rsquo;Esprit du Seigneur et d\u00e9sireux d&rsquo;apporter la Bonne nouvelle aux pauvres, la d\u00e9livrance aux captifs et la libert\u00e9 aux opprim\u00e9s. <\/p>\n\n<p>opprim\u00e9s. J\u00e9sus poursuit en exhortant les disciples \u00e0 aimer m\u00eame leurs ennemis<a href=\"#_ftn3\" id=\"_ftnref3\">[3]<\/a>, message qui trouve son ultime motivation dans le comportement du P\u00e8re c\u00e9leste : \u00ab Soyez mis\u00e9ricordieux comme votre P\u00e8re est mis\u00e9ricordieux \u00bb (<em>Lc <\/em>6,36).<\/p>\n\n<p>Cette d\u00e9claration est \u00e9galement le point de d\u00e9part de ce qui suit : \u00ab Ne jugez pas et vous ne serez pas jug\u00e9s ; ne condamnez pas et vous ne serez pas condamn\u00e9s ; pardonnez et vous serez pardonn\u00e9s \u00bb (<em>Lc <\/em>6, 37). Ensuite, J\u00e9sus r\u00e9primande ses ap\u00f4tres \u00e0 travers une image volontairement disproportionn\u00e9e : <\/p>\n\n<p><strong>\u00ab Qu\u2019as-tu \u00e0 regarder la paille qui est dans l\u2019\u0153il de ton fr\u00e8re ? Et la poutre qui est dans ton \u0153il \u00e0 toi, tu ne la remarques pas ? \u00bb<\/strong><\/p>\n\n<p>J\u00e9sus conna\u00eet vraiment notre c\u0153ur. Combien de fois dans la vie quotidienne nous faisons cette triste exp\u00e9rience : il est facile de critiquer &#8211; m\u00eame durement &#8211; les erreurs et les faiblesses d&rsquo;un fr\u00e8re ou d&rsquo;une s\u0153ur sans tenir compte du fait que, ce faisant, nous nous attribuons \u00e0 nous-m\u00eames une pr\u00e9rogative qui n&rsquo;appartient qu&rsquo;\u00e0 Dieu. Le fait est que pour \u00ab enlever la poutre \u00bb de notre \u0153il, nous avons besoin de cette humilit\u00e9 qui vient de la conscience d\u2019\u00eatre p\u00e9cheur et d\u2019avoir continuellement besoin du pardon de Dieu. Seul celui qui a le courage de se rendre compte de sa propre \u00ab poutre \u00bb, de ce dont il a besoin personnellement pour se convertir, pourra comprendre, sans juger, sans exag\u00e9rer, les fragilit\u00e9s et les faiblesses des autres.   <\/p>\n\n<p>Cependant, J\u00e9sus nous invite \u00e0 ne pas fermer les yeux et \u00e0 laisser courir les choses. Il veut que ses disciples s&rsquo;aident mutuellement \u00e0 progresser sur le chemin d&rsquo;une vie nouvelle. De m\u00eame, l&rsquo;ap\u00f4tre Paul appelle avec insistance \u00e0 se pr\u00e9occuper des autres : corriger ceux qui vivent de mani\u00e8re d\u00e9sordonn\u00e9e, donner du courage \u00e0 ceux qui en ont peu, soutenir les faibles, \u00eatre patients envers tous<a href=\"#_ftn4\" id=\"_ftnref4\">[4]<\/a>. Seul l&rsquo;amour est capable d&rsquo;un tel service.   <\/p>\n\n<p><strong>\u00ab Qu\u2019as-tu \u00e0 regarder la paille qui est dans l\u2019\u0153il de ton fr\u00e8re ? Et la poutre qui est dans ton \u0153il \u00e0 toi, tu ne la remarques pas ? \u00bb<\/strong><\/p>\n\n<p>Comment pouvons-nous mettre en pratique cette Parole de Vie ?<\/p>\n\n<p>En plus de ce qui a d\u00e9j\u00e0 \u00e9t\u00e9 dit, nous pouvons, \u00e0 l\u2019occasion de ce temps de Car\u00eame, demander \u00e0 J\u00e9sus de nous apprendre \u00e0 voir les autres comme il les voit, comme Dieu les voit. Et Dieu voit avec les yeux du c\u0153ur parce que son regard est un regard d&rsquo;amour. Ensuite, pour nous aider les uns les autres, nous pourrions r\u00e9tablir une pratique qui a \u00e9t\u00e9 d\u00e9terminante pour le premier groupe de jeunes filles des Focolari \u00e0 Trente.   <\/p>\n\n<p>Chiara Lubich a racont\u00e9 \u00e0 un groupe d\u2019amis musulmans : \u00ab Durant les premiers temps, il n&rsquo;a pas toujours \u00e9t\u00e9 facile de vivre la radicalit\u00e9 de l&rsquo;amour. [&#8230;] M\u00eame entre nous, dans nos relations, la poussi\u00e8re pouvait se d\u00e9poser et l&rsquo;unit\u00e9 pouvait s\u2019essouffler. Cela arrivait, par exemple, lorsque nous prenions conscience des d\u00e9fauts, des imperfections des autres. Et on se mettait alors \u00e0 les juger, de sorte que le courant d&rsquo;amour r\u00e9ciproque se refroidissait. Pour r\u00e9agir \u00e0 cette situation, nous avons pens\u00e9 un jour faire un pacte entre nous et nous l&rsquo;avons appel\u00e9 \u00a0\u00bb pacte de mis\u00e9ricorde\u00a0\u00bb. Nous avons d\u00e9cid\u00e9 que chaque matin &#8211; \u00e0 la maison, \u00e0 l&rsquo;\u00e9cole, au travail, etc.- nous verrions nouvelle toute personne rencontr\u00e9e, sans nous souvenir de ses d\u00e9fauts, et m\u00eame en les recouvrant par l&rsquo;amour. [&#8230;]. Il s&rsquo;agissait d&rsquo;un engagement fort, pris par nous toutes ensemble, et cela nous a aid\u00e9es \u00e0 toujours aimer en premier, \u00e0 l\u2019exemple de Dieu, mis\u00e9ricordieux, qui pardonne et oublie \u00bb<a href=\"#_ftn5\" id=\"_ftnref5\">[5]<\/a>.<\/p>\n\n<p class=\"has-text-align-right\">Augusto Parody Reyes et l\u2019\u00e9quipe de la Parole de Vie<\/p>\n\n<hr class=\"wp-block-separator has-alpha-channel-opacity\"\/>\n\n<p class=\"has-small-font-size\"><em><a href=\"#_ftnref1\" id=\"_ftn1\">[1]<\/a>Cf. Lc 6, 20-26<\/em><\/p>\n\n<p class=\"has-small-font-size\"><em><a href=\"#_ftnref2\" id=\"_ftn2\">[2]<\/a>Cf. Lc 4, 16-21 <\/em><\/p>\n\n<p class=\"has-small-font-size\"><em><a href=\"#_ftnref3\" id=\"_ftn3\">[3]<\/a>Cf. Lc 6, 27-35 <\/em><\/p>\n\n<p class=\"has-small-font-size\"><em><a href=\"#_ftnref4\" id=\"_ftn4\">[4]<\/a> Cf. 1 Th 5, 14<\/em><\/p>\n\n<p class=\"has-small-font-size\"><em><a href=\"#_ftnref5\" id=\"_ftn5\">[5]<\/a> C. Lubich, L\u2019amour r\u00e9ciproque, Extrait d\u2019un discours prononc\u00e9 lors d\u2019une rencontre avec des amis musulmans, Castel Gandolfo, 1er novembre 2002. Cf. C. Lubich, L\u2019Amour r\u00e9ciproque, Nouvelle Cit\u00e9, Paris 2013, p. 68.  <\/em><\/p>\n\n<p>\u00a9<em>Photo: Yan Krukov-Pexels<\/em><\/p>\n","protected":false},"excerpt":{"rendered":"<p>En descendant de la montagne, apr\u00e8s une nuit de pri\u00e8re, J\u00e9sus choisit ses ap\u00f4tres. Arriv\u00e9 \u00e0 un endroit plat, il leur tient un long discours qui commence par la proclamation des B\u00e9atitudes. Dans le texte de Luc, \u00e0 la diff\u00e9rence de l&rsquo;\u00e9vangile de Matthieu, il n&rsquo;y en a que quatre et elles concernent les pauvres, [&hellip;]<\/p>\n","protected":false},"author":33,"featured_media":371054,"comment_status":"open","ping_status":"open","sticky":false,"template":"","format":"standard","meta":{"give_campaign_id":0,"_seopress_robots_primary_cat":"","_seopress_titles_title":"","_seopress_titles_desc":"","_seopress_robots_index":"","_et_pb_use_builder":"","_et_pb_old_content":"","_et_gb_content_width":"","footnotes":""},"categories":[3601],"tags":[3348,3197],"class_list":["post-371092","post","type-post","status-publish","format-standard","has-post-thumbnail","hentry","category-parola-di-vita-fr","tag-notifiche-fr","tag-ppg-fr"],"_links":{"self":[{"href":"https:\/\/www.focolare.org\/fr\/wp-json\/wp\/v2\/posts\/371092","targetHints":{"allow":["GET"]}}],"collection":[{"href":"https:\/\/www.focolare.org\/fr\/wp-json\/wp\/v2\/posts"}],"about":[{"href":"https:\/\/www.focolare.org\/fr\/wp-json\/wp\/v2\/types\/post"}],"author":[{"embeddable":true,"href":"https:\/\/www.focolare.org\/fr\/wp-json\/wp\/v2\/users\/33"}],"replies":[{"embeddable":true,"href":"https:\/\/www.focolare.org\/fr\/wp-json\/wp\/v2\/comments?post=371092"}],"version-history":[{"count":0,"href":"https:\/\/www.focolare.org\/fr\/wp-json\/wp\/v2\/posts\/371092\/revisions"}],"wp:featuredmedia":[{"embeddable":true,"href":"https:\/\/www.focolare.org\/fr\/wp-json\/wp\/v2\/media\/371054"}],"wp:attachment":[{"href":"https:\/\/www.focolare.org\/fr\/wp-json\/wp\/v2\/media?parent=371092"}],"wp:term":[{"taxonomy":"category","embeddable":true,"href":"https:\/\/www.focolare.org\/fr\/wp-json\/wp\/v2\/categories?post=371092"},{"taxonomy":"post_tag","embeddable":true,"href":"https:\/\/www.focolare.org\/fr\/wp-json\/wp\/v2\/tags?post=371092"}],"curies":[{"name":"wp","href":"https:\/\/api.w.org\/{rel}","templated":true}]}}