{"id":371425,"date":"2025-02-18T05:00:00","date_gmt":"2025-02-18T04:00:00","guid":{"rendered":"https:\/\/www.focolare.org\/?p=371425"},"modified":"2025-02-18T08:45:46","modified_gmt":"2025-02-18T07:45:46","slug":"evangile-vecu-examinez-tout-avec-discernement-retenez-ce-qui-est-bon-1-th-521","status":"publish","type":"post","link":"https:\/\/www.focolare.org\/fr\/evangile-vecu-examinez-tout-avec-discernement-retenez-ce-qui-est-bon-1-th-521\/","title":{"rendered":"\u00c9vangile v\u00e9cu : \u00ab Examinez tout avec discernement, retenez ce qui est bon \u00bb (1 Th 5,21)"},"content":{"rendered":"\n<p class=\"has-vivid-red-color has-text-color has-link-color has-medium-font-size wp-elements-32310a1a5db1ffc42fa22ef35fec3d0b\"><strong>Un simple nougat torrone<\/strong><\/p>\n\n<p>Je rencontre r\u00e9guli\u00e8rement dans la paroisse l&rsquo;\u00e9quipe synodale. Nous sommes sept personnes \u00e9lues pour un an dans une assembl\u00e9e locale pour travailler \u00e0 la mise en \u0153uvre du processus synodal. Nous nous retrouvons en fin de journ\u00e9e, apportant parfois avec nous fatigue et soucis personnels, m\u00eame si nous essayons de ne pas y penser pour nous mettre au service de la communaut\u00e9.  <\/p>\n\n<p>Lors d&rsquo;une r\u00e9union, pr\u00e9textant la \u00ab semaine de la douceur \u00bb qui \u00e9tait c\u00e9l\u00e9br\u00e9e \u00e0 l&rsquo;\u00e9poque, j&rsquo;ai apport\u00e9 du nougat \u00e0 chacun. Nous \u00e9tions tous heureux comme des enfants, nous nous sommes d\u00e9tendus et l&rsquo;attitude a chang\u00e9. Je me suis rendu compte que la communion se construit avec de petits gestes.  <\/p>\n\n<p>(C.P. &#8211; Argentine)<\/p>\n\n<p class=\"has-vivid-red-color has-text-color has-link-color has-medium-font-size wp-elements-c67ae9474b1468381e13c661f5fe89ba\"><strong>Ils ont choisi la paix<\/strong><\/p>\n\n<p>Marc et Maria Antonia, la cinquantaine, re\u00e7oivent \u00e0 leur grande surprise une petite entreprise de machines industrielles en h\u00e9ritage du parrain de Marc, un oncle c\u00e9libataire qui l&rsquo;aimait beaucoup. Ils r\u00e9fl\u00e9chissent beaucoup, mais d\u00e9cident finalement de la reprendre au lieu de la vendre, d&rsquo;une part pour pr\u00e9server l&#8217;emploi des six salari\u00e9s et d&rsquo;autre part avec un peu, l&rsquo;illusion de travailler \u00e0 leur compte en impliquant leur fils qui a \u00e9tudi\u00e9 l&rsquo;ing\u00e9nierie des mat\u00e9riaux. <\/p>\n\n<p>Malgr\u00e9 l&rsquo;enthousiasme, le d\u00e9vouement et les efforts de chacun, ils rencontrent des difficult\u00e9s. L&rsquo;entreprise ne fonctionne pas. Un an apr\u00e8s avoir \u00e9t\u00e9 \u00e0 la barre, ils sont contraints de licencier deux des travailleurs, de rendre les machines qu&rsquo;ils n&rsquo;ont pas \u00e9t\u00e9 en mesure de payer en totalit\u00e9. Ils ont aussi quelques dettes aupr\u00e8s des banques et de la famille.   <\/p>\n\n<p>Le soir, lorsqu&rsquo;ils rentrent chez eux, \u00e9puis\u00e9s, ils commencent \u00e0 se dire qu&rsquo;ils ont peut-\u00eatre fait une erreur, mais ils ne baissent pas les bras, ils recommencent et cherchent de nouveaux clients. Petit \u00e0 petit, l&rsquo;entreprise se redresse, n&rsquo;a plus de pertes et peut commencer \u00e0 payer ses dettes. Mais ce qui leur reste est bien peu pour vivre.<br\/>  <\/p>\n\n<p>Ils traversent encore une p\u00e9riode tr\u00e8s difficile. C&rsquo;est alors qu&rsquo;arrive un nouveau client qui leur propose de passer une grosse commande p\u00e9riodique qui leur apportera la tranquillit\u00e9 financi\u00e8re tant attendue. Ils sont tr\u00e8s heureux. Mais ils se rendent compte que ce qu&rsquo;ils devraient produire est destin\u00e9 \u00e0 une industrie de l&rsquo;armement, il s&rsquo;agit de pi\u00e8ces de canon. Ils sont choqu\u00e9s. Peuvent-ils fermer les yeux et faire comme si de rien n&rsquo;\u00e9tait ? Apr\u00e8s tout, si leur entreprise ne les produit pas, quelqu&rsquo;un d&rsquo;autre le fera.      <\/p>\n\n<p>Ils discutent beaucoup entre eux et s&rsquo;affrontent m\u00eame avec Pedro. Ils passent plus d&rsquo;une nuit blanche. Ils ne veulent pas contribuer, m\u00eame indirectement, \u00e0 la mort violente de qui que ce soit. Ils rejettent la demande.   <\/p>\n\n<p>Apr\u00e8s cette d\u00e9cision difficile, d\u2019une mani\u00e8re inattendue et incroyable, l\u2019entreprise a trouv\u00e9 d&rsquo;autres clients et a r\u00e9ussi \u00e0 aller de l\u2019avant, malgr\u00e9 les difficult\u00e9s.<\/p>\n\n<p>(A.M. Espagne &#8211; extrait du magazine <a href=\"https:\/\/www.ciudadnueva.com\/revistalar\">LAR<\/a>) <\/p>\n\n<p class=\"has-vivid-red-color has-text-color has-link-color has-medium-font-size wp-elements-2e5b7f5ff8d2650c55793642354687fb\"><strong>Credere<\/strong><\/p>\n\n<p>Nous collectons des fonds pour pouvoir voyager de notre pays, les Philippines, jusqu&rsquo;\u00e0 Rome et participer au Jubil\u00e9 de la jeunesse. Ces derniers jours, deux dames \u00e2g\u00e9es sont venues nous voir en apportant quelques pi\u00e8ces de leur \u00e9pargne. L&rsquo;une d&rsquo;elles nous a remis les pi\u00e8ces en disant : \u00ab Elles ont \u00e9t\u00e9 collect\u00e9es et conserv\u00e9es pendant un an sur un petit autel que j&rsquo;ai \u00e0 la maison \u00bb. Son cadeau humble mais profond, n\u00e9 de la foi et du sacrifice, nous a laiss\u00e9s stup\u00e9faits.   <\/p>\n\n<p>(quelques jeunes des Philippines)<\/p>\n\n<p class=\"has-text-align-right\"><em>Carlos Mana<\/em><\/p>\n\n<p class=\"has-small-font-size\"><em>Photo: \u00a9 Jonathan en Pixabay<\/em><\/p>\n","protected":false},"excerpt":{"rendered":"<p>Lorsque nous essayons de mettre en pratique les paroles de l&rsquo;\u00c9vangile dans des situations quotidiennes ou des d\u00e9cisions importantes, les effets transformateurs de la r\u00e9alit\u00e9 sont une cons\u00e9quence logique. Et parfois, les choses qui nous arrivent sont vraiment \u00e9tonnantes. Ainsi, on donne et on re\u00e7oit, on met de l&rsquo;amour et on trouve de l&rsquo;amour et de l&rsquo;amiti\u00e9, on prend une d\u00e9cision en vue du bien commun et on trouve son chemin.   <\/p>\n","protected":false},"author":34,"featured_media":371419,"comment_status":"open","ping_status":"open","sticky":false,"template":"","format":"standard","meta":{"give_campaign_id":0,"_seopress_robots_primary_cat":"","_seopress_titles_title":"","_seopress_titles_desc":"","_seopress_robots_index":"","_et_pb_use_builder":"","_et_pb_old_content":"","_et_gb_content_width":"","footnotes":""},"categories":[3287],"tags":[3348,3197,3345,3665],"class_list":["post-371425","post","type-post","status-publish","format-standard","has-post-thumbnail","hentry","category-testimonianze-di-vita-fr","tag-notifiche-fr","tag-ppg-fr","tag-testimonianze-fr","tag-vangelo-vissuto-fr"],"_links":{"self":[{"href":"https:\/\/www.focolare.org\/fr\/wp-json\/wp\/v2\/posts\/371425","targetHints":{"allow":["GET"]}}],"collection":[{"href":"https:\/\/www.focolare.org\/fr\/wp-json\/wp\/v2\/posts"}],"about":[{"href":"https:\/\/www.focolare.org\/fr\/wp-json\/wp\/v2\/types\/post"}],"author":[{"embeddable":true,"href":"https:\/\/www.focolare.org\/fr\/wp-json\/wp\/v2\/users\/34"}],"replies":[{"embeddable":true,"href":"https:\/\/www.focolare.org\/fr\/wp-json\/wp\/v2\/comments?post=371425"}],"version-history":[{"count":0,"href":"https:\/\/www.focolare.org\/fr\/wp-json\/wp\/v2\/posts\/371425\/revisions"}],"wp:featuredmedia":[{"embeddable":true,"href":"https:\/\/www.focolare.org\/fr\/wp-json\/wp\/v2\/media\/371419"}],"wp:attachment":[{"href":"https:\/\/www.focolare.org\/fr\/wp-json\/wp\/v2\/media?parent=371425"}],"wp:term":[{"taxonomy":"category","embeddable":true,"href":"https:\/\/www.focolare.org\/fr\/wp-json\/wp\/v2\/categories?post=371425"},{"taxonomy":"post_tag","embeddable":true,"href":"https:\/\/www.focolare.org\/fr\/wp-json\/wp\/v2\/tags?post=371425"}],"curies":[{"name":"wp","href":"https:\/\/api.w.org\/{rel}","templated":true}]}}