{"id":371535,"date":"2025-02-21T12:23:00","date_gmt":"2025-02-21T11:23:00","guid":{"rendered":"https:\/\/www.focolare.org\/?p=371535"},"modified":"2025-02-21T12:15:33","modified_gmt":"2025-02-21T11:15:33","slug":"lannee-jubilaire-ne-signifie-t-elle-quelque-chose-que-pour-les-catholiques","status":"publish","type":"post","link":"https:\/\/www.focolare.org\/fr\/lannee-jubilaire-ne-signifie-t-elle-quelque-chose-que-pour-les-catholiques\/","title":{"rendered":"L&rsquo;ann\u00e9e jubilaire : ne signifie-t-elle quelque chose que pour les catholiques ?"},"content":{"rendered":"\n<p>L&rsquo;Ann\u00e9e sainte trouve ses racines spirituelles dans la tradition juive, o\u00f9 un \u00ab jubil\u00e9 \u00bb \u00e9tait c\u00e9l\u00e9br\u00e9 tous les 50 ans pour rendre la libert\u00e9 aux esclaves et aux prisonniers. Dans l&rsquo;\u00c9glise catholique, le pape Boniface VIII a proclam\u00e9 pour la premi\u00e8re fois une ann\u00e9e sainte en 1300. Depuis lors, une \u00ab indulgence \u00bb accompagne l&rsquo;Ann\u00e9e sainte, que les fid\u00e8les peuvent obtenir, sous certaines conditions, en franchissant une \u00ab Porte sainte \u00bb.  <\/p>\n\n<p>Cependant, les chr\u00e9tiens luth\u00e9riens comme moi n&rsquo;appr\u00e9cient g\u00e9n\u00e9ralement pas le mot \u00ab indulgence \u00bb, car il les renvoie \u00e0 la p\u00e9riode de la R\u00e9forme et au scandale de la vente d&rsquo;indulgences dans l&rsquo;\u00c9glise catholique. Cette pratique a d\u00e9j\u00e0 \u00e9t\u00e9 interdite par le Concile tridentin et n&rsquo;existe donc plus. J&rsquo;ai cependant remarqu\u00e9 que le terme \u00ab indulgence \u00bb est encore charg\u00e9 de malentendus parmi les croyants de toutes confessions : l&rsquo;une des id\u00e9es les plus r\u00e9pandues est qu&rsquo;une indulgence peut pardonner les p\u00e9ch\u00e9s d&rsquo;une personne. Or, selon l&rsquo;enseignement de l&rsquo;\u00c9glise catholique, ce n&rsquo;est pas du tout le cas. Le pardon des p\u00e9ch\u00e9s se fait &#8211; comme dans l&rsquo;\u00c9glise luth\u00e9rienne &#8211; par la confession, la p\u00e9nitence et l&rsquo;absolution par un pasteur (ou une pasteure) agissant au nom de J\u00e9sus.    <\/p>\n\n<p>L&rsquo;indulgence, de mon point de vue, touche plut\u00f4t une dimension psychologique du p\u00e9ch\u00e9, ce qui reste souvent dans la m\u00e9moire (m\u00eame apr\u00e8s l&rsquo;absolution), probablement une blessure ou un sentiment de peur ou de tristesse&#8230; En tout cas, il y a encore un travail psychologique \u00e0 faire. En passant la \u00ab Porte Sainte \u00bb, je vois donc une invitation \u00e0 ouvrir une porte dans mon c\u0153ur vers la compassion et la r\u00e9conciliation, \u00e0 l\u00e2cher ce qui me bloque sur le chemin de la vraie libert\u00e9 et de la paix authentique. Il s&rsquo;agit d&rsquo;une d\u00e9cision consciente, d&rsquo;un processus qui s&rsquo;amorce. L&rsquo;essentiel, d&rsquo;un point de vue chr\u00e9tien, est que le succ\u00e8s de ce processus ne d\u00e9pend pas de moi, mais des mains de Celui qui tient le monde entre ses mains. Seule sa gr\u00e2ce peut enfin gu\u00e9rir les blessures de ma vie ou r\u00e9concilier l&rsquo;humanit\u00e9.     <\/p>\n\n<div class=\"wp-block-media-text has-media-on-the-right is-stacked-on-mobile has-background\" style=\"background-color:#f7f7d7;grid-template-columns:auto 33%\"><div class=\"wp-block-media-text__content\">\n<p class=\"has-text-align-right has-medium-font-size\"><br\/><br\/><em>\u00a0\u00bb En passant la \u00ab Porte Sainte \u00bb,<\/em> <br\/><em>je vois donc une invitation \u00e0 ouvrir une porte<\/em> <br\/><em>dans mon c\u0153ur vers la compassion<\/em> <br\/><em>et la r\u00e9conciliation, <\/em> <br\/><em>\u00e0 l\u00e2cher ce qui me bloque <\/em> <br\/><em>sur le chemin de la vraie libert\u00e9 <\/em> <br\/><em>et de la paix authentique \u00ab\u00a0. <\/em><\/p>\n\n\n\n<p class=\"has-text-align-right has-small-font-size\"><em>Corinna M\u00fchlstedt<\/em><br\/><em>a r\u00e9cemment publi\u00e9, en collaboration avec l&rsquo;abb\u00e9 Notkar Wolff, <\/em> <br\/><em><a href=\"https:\/\/www.bonifatius-verlag.de\/shop\/kraftort-rom\/\" target=\"_blank\" rel=\"noreferrer noopener\">un guide spirituel \u0153cum\u00e9nique de Rome pour l&rsquo;ann\u00e9e sainte.<\/a><\/em><br\/><br\/><\/p>\n<\/div><figure class=\"wp-block-media-text__media\"><img alt=\"\" alt=\"\" loading=\"lazy\" decoding=\"async\" width=\"400\" height=\"400\" src=\"https:\/\/www.focolare.org\/wp-content\/uploads\/2025\/02\/corinna-muehlstedt-1146.jpg\" alt=\"\" class=\"wp-image-371511 size-full\" srcset=\"https:\/\/www.focolare.org\/wp-content\/uploads\/2025\/02\/corinna-muehlstedt-1146.jpg 400w, https:\/\/www.focolare.org\/wp-content\/uploads\/2025\/02\/corinna-muehlstedt-1146-300x300.jpg 300w, https:\/\/www.focolare.org\/wp-content\/uploads\/2025\/02\/corinna-muehlstedt-1146-150x150.jpg 150w\" sizes=\"(max-width: 400px) 100vw, 400px\" \/><\/figure><\/div>\n\n<div style=\"height:25px\" aria-hidden=\"true\" class=\"wp-block-spacer\"><\/div>\n\n<p>Pour moi, le passage de cette porte signifie donc symboliquement la d\u00e9cision de suivre (encore et toujours) J\u00e9sus et de prendre le chemin de la vraie vie. Comme il le dit dans l&rsquo;\u00c9vangile de Jean (<em>Jn<\/em> 10,9) : \u00ab Je suis la porte. Celui qui entre par moi sera sauv\u00e9 \u00bb ! \u00c0 ma grande joie, la <a href=\"https:\/\/www.vatican.va\/content\/francesco\/it\/bulls\/documents\/20240509_spes-non-confundit_bolla-giubileo2025.html\"> bulle d&rsquo;indiction<\/a> \u00ab L&rsquo;esp\u00e9rance ne d\u00e9\u00e7oit pas \u00bb, dans laquelle le pape Fran\u00e7ois annonce l&rsquo;Ann\u00e9e sainte 2025, a une dimension \u0153cum\u00e9nique \u00e9vidente. Elle part de la gr\u00e2ce de Dieu, dont tous les \u00eatres humains ont part, et d\u00e9finit l&rsquo;Ann\u00e9e Sainte comme \u00ab une invitation \u00e0 toutes les \u00c9glises et Communaut\u00e9s eccl\u00e9siales \u00e0 poursuivre le chemin vers l&rsquo;unit\u00e9 visible, \u00e0 ne pas se lasser de chercher les moyens appropri\u00e9s pour r\u00e9pondre pleinement \u00e0 la pri\u00e8re de J\u00e9sus : \u201cQue tous soient un\u201d \u00bb ( <em>Jn<\/em> 17,21). <a href=\"#_ftn1\" id=\"_ftnref1\">[1]<\/a>   <\/p>\n\n<p>Le th\u00e8me de l&rsquo;\u00ab esp\u00e9rance \u00bb pour l&rsquo;Ann\u00e9e Sainte 2025 r\u00e9sonne donc positivement pour tous les chr\u00e9tiens. La F\u00e9d\u00e9ration luth\u00e9rienne mondiale a choisi \u00ab Partager l&rsquo;esp\u00e9rance \u00bb comme slogan pour l&rsquo;ann\u00e9e 2025. Le Conseil \u0152cum\u00e9nique des \u00c9glises, qui repr\u00e9sente la plupart des \u00c9glises protestantes et orthodoxes, esp\u00e8re une \u00ab Ann\u00e9e \u0153cum\u00e9nique \u00bb sur le \u00ab chemin de la justice, de la r\u00e9conciliation et de l&rsquo;unit\u00e9 \u00bb. Si la bonne volont\u00e9 se traduit par des actions concr\u00e8tes, les portes de l&rsquo;\u0153cum\u00e9nisme pourraient s&rsquo;ouvrir au cours de l&rsquo;Ann\u00e9e sainte 2025, rapprochant ainsi les chr\u00e9tiens s\u00e9par\u00e9s. Laissons-nous d\u00e8s maintenant attirer par l&rsquo;esp\u00e9rance \u00bb, \u00e9crit le Pape Fran\u00e7ois, \u201cet laissons-la devenir contagieuse \u00e0 travers nous pour ceux qui la d\u00e9sirent\u201d.    <a href=\"#_ftn2\" id=\"_ftnref2\">[2]<\/a><\/p>\n\n<p class=\"has-text-align-right\"><em>Corinna M\u00fchlstedt<\/em><\/p>\n\n<p><a href=\"#_ftnref1\" id=\"_ftn1\">[1]<\/a> Pape Fran\u00e7ois, <em>Spes non confundit<\/em>, Bulle d\u2019indiction du Jubil\u00e9 Ordinaire de l\u2019Ann\u00e9e 2025, 9 mai 2024, 17.<br\/><a href=\"#_ftnref2\" id=\"_ftn2\">[2]<\/a> Pape Fran\u00e7ois, <em>ibidem,<\/em> 25.<\/p>\n\n<p class=\"has-text-align-center has-background\" style=\"background-color:#f7f7d7\">Le mouvement des Focolari promeut et invite \u00e0 participer au <strong>congr\u00e8s \u0153cum\u00e9nique international<\/strong> intitul\u00e9 <br\/><strong>\u201cCalled to hope \u2013 key players of dialogue\u201d<\/strong> (Appel\u00e9s \u00e0 l&rsquo;esp\u00e9rance &#8211; acteurs cl\u00e9s du dialogue), <br\/>qui se tiendra du 26 au 29 mars 2025. <br\/>En ces temps de divisions et de grands d\u00e9fis, nous sommes appel\u00e9s, en tant que chr\u00e9tiens, <br\/>\u00e0 t\u00e9moigner ensemble de l&rsquo;esp\u00e9rance de l&rsquo;\u00c9vangile <br\/>et \u00e0 \u00eatre des acteurs du dialogue et de l&rsquo;unit\u00e9, en nous engageant \u00e0 vivre pour la paix, <br\/>\u00e0 construire la fraternit\u00e9 et \u00e0 r\u00e9pandre l&rsquo;esp\u00e9rance. <br\/>Tables rondes, interviews, t\u00e9moignages ont pour but d&rsquo;offrir une m\u00e9thode et une spiritualit\u00e9 au dialogue, <br\/>ainsi que des bonnes pratiques et des chemins \u0153cum\u00e9niques d\u00e9j\u00e0 en cours.<br\/><a href=\"https:\/\/www.focolare.org\/wp-content\/uploads\/2024\/12\/CALLED_TO_HOPE-26-29-03-2025-francese.pdf\" target=\"_blank\" rel=\"noreferrer noopener\"><strong>Lien<\/strong><\/a><\/p>\n","protected":false},"excerpt":{"rendered":"<p>En cette ann\u00e9e 2025, nous parlons souvent de Porte Sainte et d&rsquo;indulgences, de pardon et de r\u00e9conciliation. Mais ces mots et, surtout, cette ann\u00e9e jubilaire ne signifient-ils quelque chose que pour les catholiques ? Nous avons pos\u00e9 la question \u00e0 Corinna Muehlstedt, th\u00e9ologienne luth\u00e9rienne allemande, qui vit entre Munich (Allemagne) et Rome (Italie) et travaille comme journaliste et correspondante pour ARD, le groupe de radiodiffusion public allemand.   <\/p>\n","protected":false},"author":34,"featured_media":371520,"comment_status":"open","ping_status":"open","sticky":false,"template":"","format":"standard","meta":{"give_campaign_id":0,"_seopress_robots_primary_cat":"","_seopress_titles_title":"","_seopress_titles_desc":"","_seopress_robots_index":"","_et_pb_use_builder":"","_et_pb_old_content":"","_et_gb_content_width":"","footnotes":""},"categories":[3194],"tags":[3637,3348,3197],"class_list":["post-371535","post","type-post","status-publish","format-standard","has-post-thumbnail","hentry","category-oecumenisme","tag-ecumenismo-fr","tag-notifiche-fr","tag-ppg-fr"],"_links":{"self":[{"href":"https:\/\/www.focolare.org\/fr\/wp-json\/wp\/v2\/posts\/371535","targetHints":{"allow":["GET"]}}],"collection":[{"href":"https:\/\/www.focolare.org\/fr\/wp-json\/wp\/v2\/posts"}],"about":[{"href":"https:\/\/www.focolare.org\/fr\/wp-json\/wp\/v2\/types\/post"}],"author":[{"embeddable":true,"href":"https:\/\/www.focolare.org\/fr\/wp-json\/wp\/v2\/users\/34"}],"replies":[{"embeddable":true,"href":"https:\/\/www.focolare.org\/fr\/wp-json\/wp\/v2\/comments?post=371535"}],"version-history":[{"count":0,"href":"https:\/\/www.focolare.org\/fr\/wp-json\/wp\/v2\/posts\/371535\/revisions"}],"wp:featuredmedia":[{"embeddable":true,"href":"https:\/\/www.focolare.org\/fr\/wp-json\/wp\/v2\/media\/371520"}],"wp:attachment":[{"href":"https:\/\/www.focolare.org\/fr\/wp-json\/wp\/v2\/media?parent=371535"}],"wp:term":[{"taxonomy":"category","embeddable":true,"href":"https:\/\/www.focolare.org\/fr\/wp-json\/wp\/v2\/categories?post=371535"},{"taxonomy":"post_tag","embeddable":true,"href":"https:\/\/www.focolare.org\/fr\/wp-json\/wp\/v2\/tags?post=371535"}],"curies":[{"name":"wp","href":"https:\/\/api.w.org\/{rel}","templated":true}]}}