{"id":372048,"date":"2025-03-06T16:18:19","date_gmt":"2025-03-06T15:18:19","guid":{"rendered":"https:\/\/www.focolare.org\/institut-universitaire-sophia-inauguration-de-lannee-academique-2024-2025\/"},"modified":"2025-03-07T14:48:16","modified_gmt":"2025-03-07T13:48:16","slug":"institut-universitaire-sophia-inauguration-de-lannee-academique-2024-2025","status":"publish","type":"post","link":"https:\/\/www.focolare.org\/fr\/institut-universitaire-sophia-inauguration-de-lannee-academique-2024-2025\/","title":{"rendered":"Institut universitaire Sophia : inauguration de l&rsquo;ann\u00e9e acad\u00e9mique 2024-2025"},"content":{"rendered":"\n<p>Le mardi 4 mars, la <strong>la 17\u00e8me ann\u00e9e acad\u00e9mique de l<a href=\"https:\/\/www.sophiauniversity.org\/it\/\">\u2019<u>Institut<\/u><u> <\/u><u>Universitaire<\/u><u> <\/u><u>Sophia<\/u><\/a><\/strong> de Loppiano (Figline et Incisa Valdarno &#8211; FI) a \u00e9t\u00e9 inaugur\u00e9e.<strong> <\/strong>La c\u00e9r\u00e9monie s&rsquo;est d\u00e9roul\u00e9e dans l&rsquo;<strong>Aula Magna de l&rsquo;Institut<\/strong>, en pr\u00e9sence de toute la communaut\u00e9 universitaire et d&rsquo;une repr\u00e9sentation du riche r\u00e9seau de relations et de collaborations que l&rsquo;Institut Universitaire Sophia, au cours de ces 17 premi\u00e8res ann\u00e9es de vie, a \u00e9t\u00e9 en mesure de tisser avec des institutions, d&rsquo;autres universit\u00e9s et des r\u00e9alit\u00e9s du tiers secteur. <\/p>\n\n<p>Parmi les intervenants figuraient : le Magnifique recteur <strong>Declan O&rsquo;Byrne<\/strong> ; le Grand Chancelier de l&rsquo;Institut, <strong>S. E. Monseigneur Gherardo Gambelli<\/strong>, archev\u00eaque de Florence ; la Vice-Grande Chanceli\u00e8re, la <strong> doctoresse Margaret Karram<\/strong>, pr\u00e9sidente du Mouvement des Focolari ; l&rsquo;\u00e9v\u00eaque de Fiesole, <strong>S. E. Monseigneur Stefano Manetti<\/strong> ; le maire de Figline et Incisa Valdarno, <strong>Valerio Pianigiani<\/strong> ; <strong>Paolo Cancelli<\/strong>, directeur du Bureau de d\u00e9veloppement de l&rsquo;Universit\u00e9 pontificale Antonianum ; <strong>Marco Salvatori<\/strong>, pr\u00e9sident du Centre international d&rsquo;\u00e9tudiants Giorgio La Pira.<\/p>\n\n<p>La pi\u00e8ce ma\u00eetresse de la c\u00e9r\u00e9monie a \u00e9t\u00e9 le discours intitul\u00e9 <strong>\u00ab Dialogue, religions, g\u00e9opolitique \u00bb<\/strong> prononc\u00e9 par <strong>Fabio Petito<\/strong>, <strong> professeur de relations internationales<\/strong> et directeur de la Freedom of Religion or Belief &amp; Foreign Policy Initiative \u00e0 l&rsquo;universit\u00e9 du Sussex, ainsi que <strong>coordinateur scientifique du programme \u00ab Religions et Relations Internationales \u00bb du Minist\u00e8re des Affaires Etrang\u00e8res et de l&rsquo;ISPI<\/strong> (Institut d&rsquo;\u00e9tudes politiques internationales). M. Petito a soulign\u00e9 qu&rsquo;aujourd&rsquo;hui, \u00ab <strong>la<\/strong> <strong>religion <\/strong> semble faire partie du sc\u00e9nario actuel d&rsquo;instabilit\u00e9 et de crise internationale et <strong>se trouve parfois au centre de celui-ci<\/strong>. Cependant, bien qu&rsquo;il s&rsquo;agisse d&rsquo;un ph\u00e9nom\u00e8ne moins visible \u00e0 l&rsquo;\u00e9chelle mondiale, \u00ab on ne peut nier qu&rsquo;au cours du dernier quart de si\u00e8cle, les efforts d\u00e9ploy\u00e9s par les repr\u00e9sentants des communaut\u00e9s religieuses pour r\u00e9pondre \u00e0 la violence et aux tensions politiques par le biais d&rsquo;<strong>initiatives de dialogue et de collaboration interreligieuse<\/strong> se sont consid\u00e9rablement accrus \u00bb. M. Petito a ainsi soulign\u00e9 <strong> l&rsquo;importance que des lieux comme l&rsquo;Institut universitaire Sophia<\/strong> peuvent avoir pour approfondir et diffuser de mani\u00e8re cr\u00e9ative la culture de la rencontre et \u00ab faire fleurir de petites graines d&rsquo;esp\u00e9rance et des fruits d&rsquo;unit\u00e9 et de fraternit\u00e9 humaine \u00bb.   <\/p>\n\n<figure class=\"wp-block-gallery has-nested-images columns-default is-cropped wp-block-gallery-1 is-layout-flex wp-block-gallery-is-layout-flex\">\n<figure class=\"wp-block-image size-large\"><img alt=\"\" alt=\"\" loading=\"lazy\" decoding=\"async\" width=\"1024\" height=\"683\" data-id=\"371983\" src=\"https:\/\/www.focolare.org\/wp-content\/uploads\/2025\/03\/petito-fabio-1024x683.jpg\" alt=\"\" class=\"wp-image-371983\" srcset=\"https:\/\/www.focolare.org\/wp-content\/uploads\/2025\/03\/petito-fabio-980x653.jpg 980w, https:\/\/www.focolare.org\/wp-content\/uploads\/2025\/03\/petito-fabio-480x320.jpg 480w\" sizes=\"(min-width: 0px) and (max-width: 480px) 480px, (min-width: 481px) and (max-width: 980px) 980px, (min-width: 981px) 1024px, 100vw\" \/><figcaption class=\"wp-element-caption\">Prof. Fabio Petito<\/figcaption><\/figure>\n\n\n\n<figure class=\"wp-block-image size-large\"><img alt=\"\" alt=\"\" loading=\"lazy\" decoding=\"async\" width=\"1024\" height=\"683\" data-id=\"371953\" src=\"https:\/\/www.focolare.org\/wp-content\/uploads\/2025\/03\/studenti-sophia-1024x683.jpg\" alt=\"\" class=\"wp-image-371953\" srcset=\"https:\/\/www.focolare.org\/wp-content\/uploads\/2025\/03\/studenti-sophia-980x653.jpg 980w, https:\/\/www.focolare.org\/wp-content\/uploads\/2025\/03\/studenti-sophia-480x320.jpg 480w\" sizes=\"(min-width: 0px) and (max-width: 480px) 480px, (min-width: 481px) and (max-width: 980px) 980px, (min-width: 981px) 1024px, 100vw\" \/><\/figure>\n\n\n\n<figure class=\"wp-block-image size-large\"><img alt=\"\" alt=\"\" loading=\"lazy\" decoding=\"async\" width=\"1024\" height=\"683\" data-id=\"371958\" src=\"https:\/\/www.focolare.org\/wp-content\/uploads\/2025\/03\/comunita-accademica-1024x683.jpg\" alt=\"\" class=\"wp-image-371958\" srcset=\"https:\/\/www.focolare.org\/wp-content\/uploads\/2025\/03\/comunita-accademica-980x653.jpg 980w, https:\/\/www.focolare.org\/wp-content\/uploads\/2025\/03\/comunita-accademica-480x320.jpg 480w\" sizes=\"(min-width: 0px) and (max-width: 480px) 480px, (min-width: 481px) and (max-width: 980px) 980px, (min-width: 981px) 1024px, 100vw\" \/><\/figure>\n<\/figure>\n\n<div style=\"height:34px\" aria-hidden=\"true\" class=\"wp-block-spacer\"><\/div>\n\n<p><strong>Dans le plus pur style de Sophia<\/strong>, communaut\u00e9 universitaire internationale et laboratoire de vie, de formation, d&rsquo;\u00e9tude et de recherche, le discours d&rsquo;ouverture a \u00e9t\u00e9 suivi d&rsquo;<strong>un moment de dialogue<\/strong>, anim\u00e9 par le journaliste et vaticaniste <strong>Andrea Gagliarducci<\/strong> (Eternal Word Television Network et ACI Stampa), auquel ont particip\u00e9 le Grand Chancelier Monseigneur <strong>Gherardo Gambelli<\/strong>, qui effectuait sa premi\u00e8re visite \u00e0 l&rsquo;Institut, la Vice-Grande Chanceli\u00e8re la doctoresse <strong>Margaret Karram<\/strong> et <strong>six \u00e9tudiants de l&rsquo;universit\u00e9<\/strong>.<\/p>\n\n<p>Le dialogue, <strong>\u00e0 partir des histoires personnelles de jeunes de Terre Sainte, des Philippines, d&rsquo;Argentine, du Kosovo, de Sierra Leone et du P\u00e9rou<\/strong>, a abord\u00e9 des th\u00e8mes d&rsquo;importance mondiale et d&rsquo;une br\u00fblante actualit\u00e9 : la valeur de la diplomatie de proximit\u00e9 pour la r\u00e9solution des conflits et la recherche de la <strong>paix <\/strong> ; l&rsquo;engagement en faveur d&rsquo;une <strong>\u00e9conomie <\/strong> <strong>plus<\/strong> juste et plus \u00e9quitable, avec l&rsquo;exp\u00e9rience de l&rsquo;<a href=\"https:\/\/francescoeconomy.org\/it\/\">Economy of Francesco<\/a> ; le r\u00f4le des jeunes de la <strong>M\u00e9diterran\u00e9e <\/strong> dans la construction d&rsquo;une culture de la rencontre ; la valeur de<\/p>\n\n<p><strong>la r\u00e9conciliation<\/strong> et du <strong>dialogue interreligieux<\/strong> en particulier entre chr\u00e9tiens et musulmans avec l&rsquo;exp\u00e9rience de Sophia des <a href=\"https:\/\/www.sophiauniversity.org\/it\/2016\/07\/19\/wings-of-unity\/\">Wings of Unity<\/a>; <strong>les espoirs des jeunes Africains<\/strong> engag\u00e9s dans le projet <a href=\"https:\/\/togetherforanewafrica.org\/\">Together for a New Africa<\/a>, pour le changement et le bien commun de leur continent ; les inqui\u00e9tudes et les fragilit\u00e9s des jeunes \u00e0 la recherche d&rsquo;une vocation et d&rsquo;un \u00e9panouissement dans le monde globalis\u00e9.<\/p>\n\n<p>L&rsquo;inauguration de l&rsquo;ann\u00e9e acad\u00e9mique 2024-25 a mis en \u00e9vidence, une fois de plus, la capacit\u00e9 de cette r\u00e9alit\u00e9 acad\u00e9mique encore petite \u00e0 former des jeunes pr\u00e9par\u00e9s \u00e0 affronter la complexit\u00e9 du monde d&rsquo;aujourd&rsquo;hui, dans une perspective transdisciplinaire, et \u00e0 travailler en synergie avec des sp\u00e9cialistes de divers domaines et institutions pour promouvoir le dialogue entre les cultures dans le concret de la vie sociale, en donnant une impulsion \u00e0 la croissance int\u00e9rieure, intellectuelle et sociale des personnes dans une dynamique de r\u00e9ciprocit\u00e9.<\/p>\n\n<p class=\"has-text-align-right\"><\/p>\n\n<p><\/p>\n\n<p class=\"has-vivid-cyan-blue-color has-text-color has-link-color has-medium-font-size wp-elements-fd46bb21ab285aba8b61b91ba10f5be3\"><strong><em>D\u00e9clarations<\/em><\/strong><\/p>\n\n<div class=\"wp-block-media-text has-media-on-the-right is-stacked-on-mobile\" style=\"grid-template-columns:auto 21%\"><div class=\"wp-block-media-text__content\">\n<p>Le <strong>Grand Chancelier de l&rsquo;Institut, S.E. Monseigneur Gherardo Gambelli, Archev\u00eaque de Florence<\/strong> : \u00ab Parmi les objectifs de l&rsquo;Institut figure celui de \u201cpromouvoir dans le concret de la vie sociale le dialogue entre les cultures, en donnant une impulsion \u00e0 la croissance int\u00e9rieure, intellectuelle et sociale des personnes dans une dynamique de r\u00e9ciprocit\u00e9\u201d. Plusieurs mots-cl\u00e9s \u00e9mergent dans ce projet : promotion, vie sociale, dialogue, croissance int\u00e9rieure, intellectuelle et sociale, r\u00e9ciprocit\u00e9. Des termes tous orient\u00e9s vers l&rsquo;\u00e9panouissement personnel, permettant ainsi \u00e0 l&rsquo;individu, non seulement de savoir habiter dignement le \u00ab nous \u00bb de la communaut\u00e9 dans laquelle il s&rsquo;ins\u00e8re, mais aussi de se sentir de plus en plus habit\u00e9 par ce \u00ab nous \u00bb auquel il appartient. Un \u00ab nous \u00bb qui ne veut pas s&rsquo;opposer \u00e0 un hypoth\u00e9tique \u00ab vous \u00bb, mais qui se rend quotidiennement capable d&#8217;embrasser tout ce qui appara\u00eet avec le visage de l&rsquo;autre, du diff\u00e9rent, du mis au rebut \u00bb.<\/p>\n<\/div><figure class=\"wp-block-media-text__media\"><img alt=\"\" alt=\"\" loading=\"lazy\" decoding=\"async\" width=\"492\" height=\"799\" src=\"https:\/\/www.focolare.org\/wp-content\/uploads\/2025\/03\/gambelli.jpg\" alt=\"\" class=\"wp-image-371994 size-full\" srcset=\"https:\/\/www.focolare.org\/wp-content\/uploads\/2025\/03\/gambelli.jpg 492w, https:\/\/www.focolare.org\/wp-content\/uploads\/2025\/03\/gambelli-480x780.jpg 480w\" sizes=\"(min-width: 0px) and (max-width: 480px) 480px, (min-width: 481px) 492px, 100vw\" \/><\/figure><\/div>\n\n<div class=\"wp-block-media-text is-stacked-on-mobile\" style=\"grid-template-columns:21% auto\"><figure class=\"wp-block-media-text__media\"><img alt=\"\" alt=\"\" loading=\"lazy\" decoding=\"async\" width=\"435\" height=\"706\" src=\"https:\/\/www.focolare.org\/wp-content\/uploads\/2025\/03\/margaret-karram.jpg\" alt=\"\" class=\"wp-image-371999 size-full\" srcset=\"https:\/\/www.focolare.org\/wp-content\/uploads\/2025\/03\/margaret-karram.jpg 435w, https:\/\/www.focolare.org\/wp-content\/uploads\/2025\/03\/margaret-karram-185x300.jpg 185w\" sizes=\"(max-width: 435px) 100vw, 435px\" \/><\/figure><div class=\"wp-block-media-text__content\">\n<div style=\"height:42px\" aria-hidden=\"true\" class=\"wp-block-spacer\"><\/div>\n\n\n\n<p>La <strong>Vice-Grande Chanceli\u00e8re, Margaret Karram, Pr\u00e9sidente du Mouvement des Focolari<\/strong> : \u00ab Il est important que, dans une institution comme la n\u00f4tre, le dialogue et le r\u00f4le des religions soient mis en valeur dans la situation mondiale actuelle, o\u00f9 &#8211; nous le voyons ces derniers jours &#8211; des personnes et des peuples risquent de se noyer dans la confusion et le d\u00e9couragement. [\u2026] L&rsquo;Institut Universitaire Sophia \u00e9galement, en tant que \u00ab\u00a0maison\u00a0\u00bb d&rsquo;une culture fond\u00e9e sur l&rsquo;\u00c9vangile, s&rsquo;engage avec et dans l&rsquo;\u00c9glise, \u00e0 of-frir des r\u00e9ponses et des orientations \u00e0 la lumi\u00e8re du charisme de l&rsquo;unit\u00e9. Il nous appartient \u00e0 pr\u00e9sent d&rsquo;aller de l&rsquo;avant avec courage et de nous engager \u00e0 faire en sorte que soit davantage reconnu l\u2019apport de cet Ins-titut Universitaire dans la promotion de la culture de l&rsquo;unit\u00e9, qui contribue \u00e0 construire la paix et la frater-nit\u00e9 entre les personnes et les peuples. \u00bb <\/p>\n<\/div><\/div>\n\n<div class=\"wp-block-media-text has-media-on-the-right is-stacked-on-mobile\" style=\"grid-template-columns:auto 21%\"><div class=\"wp-block-media-text__content\">\n<p><strong>Declan O&rsquo;Byrne, Magnifique Chancelier de l&rsquo;Institut Universitaire Sophia<\/strong> : \u00ab Ensemble, en tant que communaut\u00e9 acad\u00e9mique unie par un id\u00e9al commun, nous continuons \u00e0 construire Sophia comme un phare de sagesse et d&rsquo;unit\u00e9 dans le paysage de l&rsquo;enseignement sup\u00e9rieur. Puisse notre engagement collectif continuer \u00e0 \u00e9clairer les esprits, \u00e0 inspirer les c\u0153urs et \u00e0 transformer la soci\u00e9t\u00e9, un pas apr\u00e8s l&rsquo;autre, vers cette civilisation de l&rsquo;amour \u00e0 laquelle nous aspirons tous \u00bb.<\/p>\n<\/div><figure class=\"wp-block-media-text__media\"><img alt=\"\" alt=\"\" loading=\"lazy\" decoding=\"async\" width=\"384\" height=\"589\" src=\"https:\/\/www.focolare.org\/wp-content\/uploads\/2025\/03\/declan-obyrne.jpg\" alt=\"\" class=\"wp-image-372004 size-full\" srcset=\"https:\/\/www.focolare.org\/wp-content\/uploads\/2025\/03\/declan-obyrne.jpg 384w, https:\/\/www.focolare.org\/wp-content\/uploads\/2025\/03\/declan-obyrne-196x300.jpg 196w\" sizes=\"(max-width: 384px) 100vw, 384px\" \/><\/figure><\/div>\n\n<div class=\"wp-block-media-text is-stacked-on-mobile\" style=\"grid-template-columns:21% auto\"><figure class=\"wp-block-media-text__media\"><img alt=\"\" alt=\"\" loading=\"lazy\" decoding=\"async\" width=\"374\" height=\"652\" src=\"https:\/\/www.focolare.org\/wp-content\/uploads\/2025\/03\/pianigiani.jpg\" alt=\"\" class=\"wp-image-372010 size-full\" srcset=\"https:\/\/www.focolare.org\/wp-content\/uploads\/2025\/03\/pianigiani.jpg 374w, https:\/\/www.focolare.org\/wp-content\/uploads\/2025\/03\/pianigiani-172x300.jpg 172w\" sizes=\"(max-width: 374px) 100vw, 374px\" \/><\/figure><div class=\"wp-block-media-text__content\">\n<p><strong>Valerio Pianigiani,<\/strong> <strong>maire de Figline et Incisa Valdarno<\/strong> : \u00ab Face aux divisions et \u00e0 la violence qui ne peuvent nous laisser indiff\u00e9rents, la connaissance, la tol\u00e9rance et la compr\u00e9hension du monde qui nous entoure peuvent \u00eatre l&rsquo;antidote \u00e0 la brutalit\u00e9 et aux divisions. Un pont qui aide \u00e0 comprendre l&rsquo;autre, en vue de travailler ensemble et de rechercher le bien commun. Merci \u00e0 ceux qui travaillent dans cet institut avec passion et engagement chaque jour, pour faire grandir des esprits toujours plus conscients, ici aussi, \u00e0 Figline et Incisa Valdarno, une communaut\u00e9 qui grandit fermement dans la valeur de la paix, de la solidarit\u00e9 et du dialogue \u00bb.<\/p>\n<\/div><\/div>\n\n<div class=\"wp-block-media-text has-media-on-the-right is-stacked-on-mobile\" style=\"grid-template-columns:auto 21%\"><div class=\"wp-block-media-text__content\">\n<p><strong>Stefano Manetti,<\/strong> <strong>\u00e9v\u00eaque de Fiesole<\/strong> : \u00ab L&rsquo;engagement au dialogue et \u00e0 la communication avec tous raccourcit les distances, \u00e9limine la marginalisation et devient un signe \u00e9vang\u00e9lique d&rsquo;esp\u00e9rance dont nous avons tant besoin. Je souhaite donc aux enseignants, aux \u00e9tudiants de continuer \u00e0 racheter les derniers, \u00e0 travers le don de relations, le partage de th\u00e8mes culturels, et de continuer \u00e0 \u00eatre des \u00ab anges de l&rsquo;esp\u00e9rance \u00bb pour tous ceux que vous rencontrez sur votre chemin \u00bb.<\/p>\n<\/div><figure class=\"wp-block-media-text__media\"><img alt=\"\" alt=\"\" loading=\"lazy\" decoding=\"async\" width=\"453\" height=\"673\" src=\"https:\/\/www.focolare.org\/wp-content\/uploads\/2025\/03\/manetti-e1741273334451.jpg\" alt=\"\" class=\"wp-image-372015 size-full\"\/><\/figure><\/div>\n\n<div class=\"wp-block-media-text is-stacked-on-mobile\" style=\"grid-template-columns:21% auto\"><figure class=\"wp-block-media-text__media\"><img alt=\"\" alt=\"\" loading=\"lazy\" decoding=\"async\" width=\"718\" height=\"1024\" src=\"https:\/\/www.focolare.org\/wp-content\/uploads\/2025\/03\/Cancelli-718x1024.jpg\" alt=\"\" class=\"wp-image-372020 size-full\"\/><\/figure><div class=\"wp-block-media-text__content\">\n<div style=\"height:33px\" aria-hidden=\"true\" class=\"wp-block-spacer\"><\/div>\n\n\n\n<p><strong>Paolo Cancelli, directeur du Bureau de d\u00e9veloppement de l&rsquo;Universit\u00e9 pontificale Antonianum<\/strong>: \u00ab Nous sommes convaincus que nous devons travailler ensemble dans la culture du dialogue comme voie, dans la collaboration commune comme conduite, dans la connaissance mutuelle comme m\u00e9thode et crit\u00e8re. [&#8230;] Nous devons mettre au centre, l&rsquo;humilit\u00e9, la vocation \u00e0 servir un processus dans lequel nous avons une certitude : personne ne se sauve seul. Et c&rsquo;est pr\u00e9cis\u00e9ment dans cette logique, qui est celle de la symphonie des diversit\u00e9s, que le moment est venu de d\u00e9ployer nos talents, nos \u00e9motions, nos volont\u00e9s, pour construire ce qui est l&rsquo;opportunit\u00e9 d&rsquo;un avenir diff\u00e9rent. Un avenir o\u00f9 la fraternit\u00e9 et l&rsquo;harmonie peuvent en quelque sorte nous accompagner dans cette symphonie des diversit\u00e9s qui fait l&rsquo;authenticit\u00e9 de la mission universitaire. Je crois qu&rsquo;au niveau acad\u00e9mique et scientifique, cela se r\u00e9alise dans l&rsquo;interdisciplinarit\u00e9 et la transdisciplinarit\u00e9. Nous avons devant nous un poly\u00e8dre de complexit\u00e9 et nous ne pouvons pas r\u00e9soudre les situations \u00e0 partir d&rsquo;un seul sujet. Nous avons besoin de l&rsquo;id\u00e9e d&rsquo;\u00eatre ensemble \u00bb.<\/p>\n<\/div><\/div>\n\n<div class=\"wp-block-media-text has-media-on-the-right is-stacked-on-mobile\" style=\"grid-template-columns:auto 22%\"><div class=\"wp-block-media-text__content\">\n<div style=\"height:40px\" aria-hidden=\"true\" class=\"wp-block-spacer\"><\/div>\n\n\n\n<p><strong>Marco Salvadori, pr\u00e9sident du Centre international des \u00e9tudiants Giorgio La Pira<\/strong>: \u00ab C&rsquo;est avec une grande joie que j&rsquo;apporte les salutations du Centre international des \u00e9tudiants Giorgio La Pira. L&rsquo;inauguration d&rsquo;une nouvelle ann\u00e9e acad\u00e9mique est toujours un moment de grand enthousiasme et de r\u00e9flexion. C&rsquo;est l&rsquo;occasion de regarder vers l&rsquo;avenir, de relever des d\u00e9fis et de contribuer \u00e0 la construction d&rsquo;un monde plus juste et plus durable par l&rsquo;\u00e9tude, l&rsquo;engagement et le d\u00e9vouement. Ce que nous c\u00e9l\u00e9brons aujourd&rsquo;hui n&rsquo;est pas seulement le d\u00e9but d&rsquo;une nouvelle ann\u00e9e acad\u00e9mique, mais une chance d&rsquo;apprendre, de grandir ensemble et de construire des liens durables entre les cultures et les g\u00e9n\u00e9rations. Je souhaite donc \u00e0 tous, et en particulier aux jeunes \u00e9tudiants, une ann\u00e9e pleine de d\u00e9couvertes et d&rsquo;\u00e9panouissement personnel et professionnel \u00bb.<\/p>\n<\/div><figure class=\"wp-block-media-text__media\"><img alt=\"\" alt=\"\" loading=\"lazy\" decoding=\"async\" width=\"414\" height=\"706\" src=\"https:\/\/www.focolare.org\/wp-content\/uploads\/2025\/03\/salvatori-e1741273637330.jpg\" alt=\"\" class=\"wp-image-372025 size-full\"\/><\/figure><\/div>\n\n<div style=\"height:28px\" aria-hidden=\"true\" class=\"wp-block-spacer\"><\/div>\n\n<p class=\"has-text-align-right has-text-color has-link-color wp-elements-05baa2db994530905ef14c850d1dfdc1\" style=\"color:#82868a\"><em>Tamara Pastorelli<\/em><br\/><em>Photo: \u00a9 Lucia Ciciriello &#8211; www.loppiano.it<\/em><\/p>\n\n<div style=\"height:168px\" aria-hidden=\"true\" class=\"wp-block-spacer\"><\/div>\n\n<p><\/p>\n","protected":false},"excerpt":{"rendered":"<p>Le mardi 4 mars 2025, dans l&rsquo;Aula Magna de l&rsquo;Institut Universitaire Sophia de Loppiano,<br \/>\ns&rsquo;est d\u00e9roul\u00e9e la c\u00e9r\u00e9monie d&rsquo;inauguration de la 17\u00e8me ann\u00e9e acad\u00e9mique. \u00ab Dialogue, religions, g\u00e9opolitique \u00bb \u00e9tait le titre du discours prononc\u00e9 par Fabio Petito, professeur de relations internationales \u00e0 l&rsquo;Universit\u00e9 de Sussex. <\/p>\n","protected":false},"author":34,"featured_media":371965,"comment_status":"open","ping_status":"open","sticky":false,"template":"","format":"standard","meta":{"give_campaign_id":0,"_seopress_robots_primary_cat":"","_seopress_titles_title":"","_seopress_titles_desc":"","_seopress_robots_index":"","_et_pb_use_builder":"","_et_pb_old_content":"","_et_gb_content_width":"","footnotes":""},"categories":[3128],"tags":[3688,3348,3197],"class_list":["post-372048","post","type-post","status-publish","format-standard","has-post-thumbnail","hentry","category-cultura-5","tag-institut-universitaire-sophia","tag-notifiche-fr","tag-ppg-fr"],"_links":{"self":[{"href":"https:\/\/www.focolare.org\/fr\/wp-json\/wp\/v2\/posts\/372048","targetHints":{"allow":["GET"]}}],"collection":[{"href":"https:\/\/www.focolare.org\/fr\/wp-json\/wp\/v2\/posts"}],"about":[{"href":"https:\/\/www.focolare.org\/fr\/wp-json\/wp\/v2\/types\/post"}],"author":[{"embeddable":true,"href":"https:\/\/www.focolare.org\/fr\/wp-json\/wp\/v2\/users\/34"}],"replies":[{"embeddable":true,"href":"https:\/\/www.focolare.org\/fr\/wp-json\/wp\/v2\/comments?post=372048"}],"version-history":[{"count":0,"href":"https:\/\/www.focolare.org\/fr\/wp-json\/wp\/v2\/posts\/372048\/revisions"}],"wp:featuredmedia":[{"embeddable":true,"href":"https:\/\/www.focolare.org\/fr\/wp-json\/wp\/v2\/media\/371965"}],"wp:attachment":[{"href":"https:\/\/www.focolare.org\/fr\/wp-json\/wp\/v2\/media?parent=372048"}],"wp:term":[{"taxonomy":"category","embeddable":true,"href":"https:\/\/www.focolare.org\/fr\/wp-json\/wp\/v2\/categories?post=372048"},{"taxonomy":"post_tag","embeddable":true,"href":"https:\/\/www.focolare.org\/fr\/wp-json\/wp\/v2\/tags?post=372048"}],"curies":[{"name":"wp","href":"https:\/\/api.w.org\/{rel}","templated":true}]}}