{"id":379107,"date":"2025-04-01T00:05:00","date_gmt":"2025-03-31T22:05:00","guid":{"rendered":"https:\/\/www.focolare.org\/?p=379107"},"modified":"2025-04-01T09:00:09","modified_gmt":"2025-04-01T07:00:09","slug":"voici-que-moi-je-vais-faire-du-neuf-qui-deja-bourgeonne-ne-le-reconnaitrez-vous-pas-is-43-19","status":"publish","type":"post","link":"https:\/\/www.focolare.org\/fr\/voici-que-moi-je-vais-faire-du-neuf-qui-deja-bourgeonne-ne-le-reconnaitrez-vous-pas-is-43-19\/","title":{"rendered":"\u00ab Voici que moi, je vais faire du neuf qui d\u00e9j\u00e0 bourgeonne ; ne le reconna\u00eetrez-vous pas ? \u00bb (Is 43, 19)"},"content":{"rendered":"\n<p>Les \u00e9preuves, comme par exemple l\u2019exil \u00e0 Babylone et la destruction du temple de J\u00e9rusalem, avaient provoqu\u00e9 un traumatisme collectif pour le peuple d&rsquo;Isra\u00ebl et pos\u00e9 une question th\u00e9ologique : Dieu est-il encore avec nous ou nous a-t-il abandonn\u00e9s ? L&rsquo;objectif de cette partie du livre d&rsquo;Isa\u00efe est d&rsquo;aider le peuple \u00e0 comprendre ce que Dieu est en train de faire, \u00e0 Lui faire confiance et \u00e0 lui permettre ainsi de retourner dans sa patrie. Et c&rsquo;est pr\u00e9cis\u00e9ment dans cette exp\u00e9rience de l&rsquo;exil que se r\u00e9v\u00e8le le visage du Dieu cr\u00e9ateur et sauveur.  <\/p>\n\n<p><strong>\u00ab Voici que moi, je vais faire du neuf qui d\u00e9j\u00e0 bourgeonne ; ne le reconna\u00eetrez-vous pas ? \u00bb.<\/strong><\/p>\n\n<p>Isa\u00efe rappelle l&rsquo;amour fid\u00e8le de Dieu pour son peuple. Sa fid\u00e9lit\u00e9 reste constante m\u00eame pendant les p\u00e9riodes les plus dramatiques. M\u00eame si les promesses faites \u00e0 Abraham semblent irr\u00e9alisables et que le pacte de l&rsquo;alliance semble en crise, le peuple d&rsquo;Isra\u00ebl reste un lieu particuli\u00e8rement privil\u00e9gi\u00e9 de la pr\u00e9sence de Dieu dans l&rsquo;histoire.  <\/p>\n\n<p>Le livre proph\u00e9tique aborde des questions existentielles, fondamentales non seulement pour l&rsquo;\u00e9poque, mais aussi pour l&rsquo;avenir : qui tient entre ses mains le d\u00e9roulement et le sens de l&rsquo;histoire ? Cette question peut \u00e9galement \u00eatre abord\u00e9e au niveau personnel : qui tient entre ses mains le destin de ma vie ? Quel est le sens de ce que je suis en train de vivre ou que j\u2019ai v\u00e9cu ?   <\/p>\n\n<p><strong>\u00ab Voici que moi, je vais faire du neuf qui d\u00e9j\u00e0 bourgeonne ; ne le reconna\u00eetrez-vous pas ? \u00bb.<\/strong><\/p>\n\n<p>Dieu intervient dans la vie de chacun, constamment, en faisant des \u00ab\u00a0choses nouvelles\u00a0\u00bb. Si nous n&rsquo;en sommes pas toujours conscients ou si nous ne pouvons pas en comprendre le sens et la port\u00e9e, c&rsquo;est parce qu&rsquo;elles sont encore en germe ou parce que nous ne sommes pas pr\u00eats \u00e0 reconna\u00eetre ce qu&rsquo;Il est en train d&rsquo;op\u00e9rer. Distraits par les \u00e9v\u00e9nements qui surviennent, par les milliers de pr\u00e9occupations qui nous tenaillent l&rsquo;\u00e2me, par toutes les pens\u00e9es qui nous assaillent, nous ne prenons peut-\u00eatre pas suffisamment le temps pour observer ces germes qui apportent la certitude de Sa pr\u00e9sence. Il ne nous a jamais abandonn\u00e9s. Il cr\u00e9e et recr\u00e9e sans cesse notre vie.    <\/p>\n\n<p>\u00ab Nous sommes la \u00ab\u00a0nouveaut\u00e9\u00a0\u00bb, la \u00ab\u00a0nouvelle cr\u00e9ation\u00a0\u00bb que Dieu a engendr\u00e9e. [&#8230;] Nous ne regardons plus vers le pass\u00e9 pour regretter les bonnes choses qui nous sont arriv\u00e9es ou pour pleurer sur nos erreurs : nous croyons fermement en l&rsquo;action de Dieu qui peut continuer \u00e0 cr\u00e9er des choses nouvelles \u00bb .<a href=\"#_ftn1\" id=\"_ftnref1\">[1]<\/a> <\/p>\n\n<p><strong>\u00ab Voici que moi, je vais faire du neuf qui d\u00e9j\u00e0 bourgeonne ; ne le reconna\u00eetrez-vous pas ? \u00bb.<\/strong><\/p>\n\n<p>Avec ceux qui partagent avec nous le chemin de notre existence, notre communaut\u00e9, nos amis, nos coll\u00e8gues de travail, essayons de travailler, de nous entra\u00eener \u00e0 faire face et \u00e0 toujours esp\u00e9rer que les choses peuvent changer en mieux. <\/p>\n\n<p>2025 est une ann\u00e9e particuli\u00e8re car la date de la P\u00e2que orthodoxe co\u00efncide avec celle des autres confessions chr\u00e9tiennes. Puisse cet \u00e9v\u00e9nement, cette f\u00eate commune de P\u00e2ques, \u00eatre un t\u00e9moignage de la volont\u00e9 de nos \u00c9glises de poursuivre sans tr\u00eave le dialogue pour relever ensemble les d\u00e9fis de l&rsquo;humanit\u00e9 et promouvoir des actions communes.  <\/p>\n\n<p> Pr\u00e9parons-nous donc \u00e0 vivre ce temps pascal dans la joie pleine, la foi et l&rsquo;esp\u00e9rance. Comme le Christ est ressuscit\u00e9, nous aussi, apr\u00e8s avoir travers\u00e9 nos d\u00e9serts, laissons-nous accompagner dans ce voyage par Celui qui guide l&rsquo;histoire et nos vies.  <\/p>\n\n<p class=\"has-text-align-right\"><em>D\u2019apr\u00e8s Patrizia Mazzola et l\u2019\u00e9quipe de la Parole de Vie<br\/>\u00a9Foto di Adina Voicu da Pixabay<\/em><\/p>\n\n<hr class=\"wp-block-separator has-alpha-channel-opacity\"\/>\n\n<p class=\"has-small-font-size\"><a href=\"#_ftnref1\" id=\"_ftn1\">[1]<\/a> C. Lubich, Parole de Vie de mars 2004, in \u201c<em>Parole di Vita<\/em>\u201d, a cura di Fabio Ciardi (Opere di Chiara Lubich 5; Citt\u00e0 Nuova, Roma 2017) pp. 715-716.<sub><\/sub><\/p>\n\n<div style=\"height:130px\" aria-hidden=\"true\" class=\"wp-block-spacer\"><\/div>\n","protected":false},"excerpt":{"rendered":"<p>Parole de Vie &#8211; Avril 2025<\/p>\n","protected":false},"author":33,"featured_media":379117,"comment_status":"open","ping_status":"open","sticky":false,"template":"","format":"standard","meta":{"give_campaign_id":0,"_seopress_robots_primary_cat":"","_seopress_titles_title":"","_seopress_titles_desc":"","_seopress_robots_index":"","_et_pb_use_builder":"","_et_pb_old_content":"","_et_gb_content_width":"","footnotes":""},"categories":[3601],"tags":[3348,3197],"class_list":["post-379107","post","type-post","status-publish","format-standard","has-post-thumbnail","hentry","category-parola-di-vita-fr","tag-notifiche-fr","tag-ppg-fr"],"_links":{"self":[{"href":"https:\/\/www.focolare.org\/fr\/wp-json\/wp\/v2\/posts\/379107","targetHints":{"allow":["GET"]}}],"collection":[{"href":"https:\/\/www.focolare.org\/fr\/wp-json\/wp\/v2\/posts"}],"about":[{"href":"https:\/\/www.focolare.org\/fr\/wp-json\/wp\/v2\/types\/post"}],"author":[{"embeddable":true,"href":"https:\/\/www.focolare.org\/fr\/wp-json\/wp\/v2\/users\/33"}],"replies":[{"embeddable":true,"href":"https:\/\/www.focolare.org\/fr\/wp-json\/wp\/v2\/comments?post=379107"}],"version-history":[{"count":0,"href":"https:\/\/www.focolare.org\/fr\/wp-json\/wp\/v2\/posts\/379107\/revisions"}],"wp:featuredmedia":[{"embeddable":true,"href":"https:\/\/www.focolare.org\/fr\/wp-json\/wp\/v2\/media\/379117"}],"wp:attachment":[{"href":"https:\/\/www.focolare.org\/fr\/wp-json\/wp\/v2\/media?parent=379107"}],"wp:term":[{"taxonomy":"category","embeddable":true,"href":"https:\/\/www.focolare.org\/fr\/wp-json\/wp\/v2\/categories?post=379107"},{"taxonomy":"post_tag","embeddable":true,"href":"https:\/\/www.focolare.org\/fr\/wp-json\/wp\/v2\/tags?post=379107"}],"curies":[{"name":"wp","href":"https:\/\/api.w.org\/{rel}","templated":true}]}}