{"id":379663,"date":"2025-05-01T00:05:00","date_gmt":"2025-04-30T22:05:00","guid":{"rendered":"https:\/\/www.focolare.org\/?p=379663"},"modified":"2025-05-01T14:18:51","modified_gmt":"2025-05-01T12:18:51","slug":"seigneur-tu-sais-tout-tu-sais-bien-que-je-taime-jn-21-17","status":"publish","type":"post","link":"https:\/\/www.focolare.org\/fr\/seigneur-tu-sais-tout-tu-sais-bien-que-je-taime-jn-21-17\/","title":{"rendered":"\u00ab Seigneur, tu sais tout, tu sais bien que je t\u2019aime. \u00bb (Jn 21, 17)."},"content":{"rendered":"\n<p><\/p>\n\n<p>Le dernier chapitre de l&rsquo;\u00c9vangile de Jean nous emm\u00e8ne en Galil\u00e9e, sur le lac de Tib\u00e9riade. Pierre, Jean et les autres disciples, apr\u00e8s la mort de J\u00e9sus, reprennent leur travail de p\u00eacheurs, mais la nuit est malheureusement infructueuse. <\/p>\n\n<p> Le Ressuscit\u00e9 se manifeste alors pour la troisi\u00e8me fois, il les incite \u00e0 jeter \u00e0 nouveau leurs filets et, cette fois, ils ramassent beaucoup de poissons. Puis il les invite \u00e0 partager la nourriture sur le rivage. Pierre et les autres l&rsquo;ont reconnu, mais ils n&rsquo;osent pas lui parler.  <\/p>\n\n<p>J\u00e9sus prend l&rsquo;initiative et s\u2019adresse \u00e0 Pierre avec une question tr\u00e8s exigeante : \u00ab Simon, fils de Jean, m&rsquo;aimes-tu plus que ceux-ci ? \u00bb Le moment est solennel : par trois fois, J\u00e9sus renouvelle l&rsquo;appel de Pierre <a href=\"#_ftn1\" id=\"_ftnref1\"> [1]<\/a> \u00e0 prendre soin de ses brebis, dont il est lui-m\u00eame le pasteur <a href=\"#_ftn2\" id=\"_ftnref2\">[2]<\/a>. <\/p>\n\n<p>\u00ab Seigneur, tu sais tout, tu sais bien que je t\u2019aime. \u00bb<\/p>\n\n<p>Mais Pierre sait qu&rsquo;il a trahi et cette exp\u00e9rience tragique ne lui permet pas de r\u00e9pondre positivement \u00e0 la question de J\u00e9sus. Il r\u00e9pond avec humilit\u00e9 : \u00ab Tu sais que je t&rsquo;aime \u00bb.  <\/p>\n\n<p>Tout au long du dialogue, J\u00e9sus ne retient pas la trahison contre Pierre, il ne perd pas son temps \u00e0 souligner l&rsquo;erreur commise. Il le rejoint au niveau de ses possibilit\u00e9s, il l&rsquo;introduit dans sa douloureuse blessure, pour la gu\u00e9rir avec son amiti\u00e9. La seule chose qu&rsquo;il demande est de reconstruire la relation dans la confiance r\u00e9ciproque.  <\/p>\n\n<p>Et de Pierre jaillit une r\u00e9ponse qui est un acte de conscience de sa propre faiblesse et, en m\u00eame temps, de confiance illimit\u00e9e dans l&rsquo;amour accueillant de son Ma\u00eetre et Seigneur :<\/p>\n\n<p>\u00ab Seigneur, tu sais tout, tu sais bien que je t\u2019aime. \u00bb<\/p>\n\n<p>J\u00e9sus pose \u00e0 chacun de nous la m\u00eame question : m&rsquo;aimes-tu ? Veux-tu \u00eatre mon ami ? <\/p>\n\n<p>Il sait tout : il conna\u00eet les dons que nous avons re\u00e7us de Lui-m\u00eame, ainsi que nos faiblesses et nos blessures, parfois saignantes. Pourtant, il renouvelle sa confiance, non pas dans nos forces, mais dans notre amiti\u00e9 avec lui. <\/p>\n\n<p>Dans cette amiti\u00e9, Pierre trouvera aussi le courage de t\u00e9moigner de son amour pour J\u00e9sus jusqu&rsquo;\u00e0 donner sa vie.<\/p>\n\n<p>\u00ab Les moments de faiblesse, de frustration, de d\u00e9couragement, nous les vivons tous : [&#8230;] adversit\u00e9, situations douloureuses, maladie, mort, \u00e9preuves int\u00e9rieures, incompr\u00e9hensions, tentations, \u00e9checs [&#8230;] C&rsquo;est pr\u00e9cis\u00e9ment ceux qui se sentent incapables de surmonter certaines \u00e9preuves qui affectent le corps et l&rsquo;\u00e2me, et qui ne peuvent donc pas compter sur leurs propres forces, qui sont amen\u00e9s \u00e0 s&rsquo;en remettre \u00e0 Dieu. Et Il intervient, attir\u00e9 par cette confiance. L\u00e0 o\u00f9 Il agit, Il r\u00e9alise de grandes choses, qui paraissent plus grandes encore, pr\u00e9cis\u00e9ment parce qu&rsquo;elles sont issues de notre petitesse \u00bb .<a href=\"#_ftn3\" id=\"_ftnref3\">[3]<\/a><\/p>\n\n<p>Dans notre vie quotidienne, nous pouvons nous pr\u00e9senter \u00e0 Dieu tels que nous sommes et demander son amiti\u00e9 bienfaisante. Dans cet abandon confiant \u00e0 sa mis\u00e9ricorde, nous pourrons retrouver l&rsquo;intimit\u00e9 avec le Seigneur et reprendre notre route avec lui. <\/p>\n\n<p>\u00ab Seigneur, tu sais tout, tu sais bien que je t\u2019aime. \u00bb<\/p>\n\n<p>Cette Parole de Vie peut aussi devenir une pri\u00e8re personnelle, notre r\u00e9ponse pour nous confier \u00e0 Dieu avec nos peu de forces et le remercier pour les signes de son amour :<\/p>\n\n<p>\u00ab [\u2026] Je t&rsquo;aime parce que tu es entr\u00e9 dans ma vie plus que l&rsquo;air dans mes poumons, plus que le sang dans mes veines. Tu es entr\u00e9 l\u00e0 o\u00f9 personne ne pouvait entrer, quand personne ne pouvait m&rsquo;aider, quand personne ne pouvait me consoler. [\u2026] Donne-moi de t&rsquo;\u00eatre reconnaissant &#8211; au moins un peu &#8211; dans le temps qui me reste, pour cet amour que tu as d\u00e9vers\u00e9 sur moi, et qui me pousse \u00e0 te dire : je t&rsquo;aime. \u00bb <a href=\"#_ftn4\" id=\"_ftnref4\">[4]<\/a><\/p>\n\n<p>Dans nos relations au sein de la famille, de la soci\u00e9t\u00e9 et de l&rsquo;Eglise, nous pouvons apprendre le style de J\u00e9sus : aimer tout le monde, aimer en premier, \u00ab laver les pieds \u00bb <a href=\"#_ftn5\" id=\"_ftnref5\">[5] <\/a> de nos fr\u00e8res et s\u0153urs, en particulier les plus petits et les plus fragiles. Nous apprendrons \u00e0 accueillir chacun avec humilit\u00e9 et patience, sans juger, ouverts pour demander et accueillir le pardon, pour comprendre ensemble comment marcher c\u00f4te \u00e0 c\u00f4te dans la vie.  <\/p>\n\n<p class=\"has-text-align-right\"><em>D\u2019apr\u00e8s Letizia Magri et l\u2019\u00e9quipe de la Parole de vie<\/em><\/p>\n\n<hr class=\"wp-block-separator has-alpha-channel-opacity\"\/>\n\n<p>\u00a9<em>Photo<\/em>: Canva<\/p>\n\n<p class=\"has-small-font-size\"><a href=\"#_ftnref1\" id=\"_ftn1\">[1]<\/a><em> Cf. Mt 16,18-19. <\/em><\/p>\n\n<p class=\"has-small-font-size\"><a href=\"#_ftnref2\" id=\"_ftn2\">[2]<\/a> <em>Gv 10,14.<\/em><\/p>\n\n<p class=\"has-small-font-size\"><a href=\"#_ftnref3\" id=\"_ftn3\">[3]<\/a> <em>C.Lubich, Parola di Vita juillet 2000, in Parole di Vita, d\u2019apr\u00e8s Fabio Ciardi,(Opere di Chiara Lubich 5),Citt\u00e0 Nuova, Roma, 2017,p.629.<\/em><\/p>\n\n<p class=\"has-small-font-size\"><a href=\"#_ftnref4\" id=\"_ftn4\">[4]<\/a> <em> Gratitude, in C. Lubich, La dottrina spirituale, Mondadori 2001, p.176.<\/em><\/p>\n\n<p class=\"has-small-font-size\"><a href=\"#_ftnref5\" id=\"_ftn5\">[5]<\/a> <em>Cf. Gv 13,14. <\/em><\/p>\n\n<div style=\"height:171px\" aria-hidden=\"true\" class=\"wp-block-spacer\"><\/div>\n","protected":false},"excerpt":{"rendered":"<p>Parole de Vie &#8211; Mai 2025<\/p>\n","protected":false},"author":33,"featured_media":380648,"comment_status":"open","ping_status":"open","sticky":false,"template":"","format":"standard","meta":{"give_campaign_id":0,"_seopress_robots_primary_cat":"","_seopress_titles_title":"","_seopress_titles_desc":"","_seopress_robots_index":"","_et_pb_use_builder":"","_et_pb_old_content":"","_et_gb_content_width":"","footnotes":""},"categories":[3601],"tags":[3348,3197],"class_list":["post-379663","post","type-post","status-publish","format-standard","has-post-thumbnail","hentry","category-parola-di-vita-fr","tag-notifiche-fr","tag-ppg-fr"],"_links":{"self":[{"href":"https:\/\/www.focolare.org\/fr\/wp-json\/wp\/v2\/posts\/379663","targetHints":{"allow":["GET"]}}],"collection":[{"href":"https:\/\/www.focolare.org\/fr\/wp-json\/wp\/v2\/posts"}],"about":[{"href":"https:\/\/www.focolare.org\/fr\/wp-json\/wp\/v2\/types\/post"}],"author":[{"embeddable":true,"href":"https:\/\/www.focolare.org\/fr\/wp-json\/wp\/v2\/users\/33"}],"replies":[{"embeddable":true,"href":"https:\/\/www.focolare.org\/fr\/wp-json\/wp\/v2\/comments?post=379663"}],"version-history":[{"count":0,"href":"https:\/\/www.focolare.org\/fr\/wp-json\/wp\/v2\/posts\/379663\/revisions"}],"wp:featuredmedia":[{"embeddable":true,"href":"https:\/\/www.focolare.org\/fr\/wp-json\/wp\/v2\/media\/380648"}],"wp:attachment":[{"href":"https:\/\/www.focolare.org\/fr\/wp-json\/wp\/v2\/media?parent=379663"}],"wp:term":[{"taxonomy":"category","embeddable":true,"href":"https:\/\/www.focolare.org\/fr\/wp-json\/wp\/v2\/categories?post=379663"},{"taxonomy":"post_tag","embeddable":true,"href":"https:\/\/www.focolare.org\/fr\/wp-json\/wp\/v2\/tags?post=379663"}],"curies":[{"name":"wp","href":"https:\/\/api.w.org\/{rel}","templated":true}]}}