{"id":379787,"date":"2025-04-15T05:00:00","date_gmt":"2025-04-15T03:00:00","guid":{"rendered":"https:\/\/www.focolare.org\/?p=379787"},"modified":"2025-06-26T15:38:38","modified_gmt":"2025-06-26T13:38:38","slug":"igino-giordani-et-lactualite-de-son-message-de-paix","status":"publish","type":"post","link":"https:\/\/www.focolare.org\/fr\/igino-giordani-et-lactualite-de-son-message-de-paix\/","title":{"rendered":"Igino Giordani et l&rsquo;actualit\u00e9 de son message de paix"},"content":{"rendered":"\n<p>Guerres, massacres, fortes polarisations, o\u00f9 m\u00eame le pacifisme peut devenir source de division : telle est l&rsquo;actualit\u00e9 dans laquelle nous sommes plong\u00e9s.<\/p>\n\n<p>La figure d&rsquo;Igino Giordani (1894-1980), homme de paix parce qu&rsquo;il \u00e9tait juste et coh\u00e9rent, nous donne aujourd&rsquo;hui quelques id\u00e9es pour lever les yeux et continuer d&rsquo;esp\u00e9rer, en tentant un dialogue l\u00e0 o\u00f9 cela semble impossible, pour briser les id\u00e9ologies cristallis\u00e9es et les absolutismes, pour construire une soci\u00e9t\u00e9 inclusive, pour refonder la paix sur l&rsquo;unit\u00e9.<\/p>\n\n<p>Parmi les t\u00e9moins les plus vivants de la culture de la paix du XXe si\u00e8cle, son pacifisme puise directement dans l&rsquo;\u00c9vangile : tuer un autre homme signifie assassiner l&rsquo;\u00eatre fait \u00e0 l&rsquo;image et \u00e0 la ressemblance de Dieu. Giordani aspire donc \u00e0 la paix, il se d\u00e9pense de toutes les mani\u00e8res, il dialogue avec quiconque pour la paix, il ne recule m\u00eame pas lorsqu&rsquo;il s&rsquo;agit de soutenir la ratification du Pacte Atlantique et d&rsquo;assurer la s\u00e9curit\u00e9 et la d\u00e9fense de l&rsquo;Europe et de l&rsquo;Italie&#8230; On peut dire que son pacifisme est \u00e0 360\u00b0, sans exclusion. <\/p>\n\n<p>Passons en revue quelques-uns de ses \u00e9crits.<\/p>\n\n<p class=\"has-background\" style=\"background:linear-gradient(22deg,rgb(201,228,243) 0%,rgb(227,205,247) 100%)\"><strong>\u00ab &#8230; le premier conflit mondial \u00e9clata. [&#8230;] Et des meetings bellicistes explos\u00e8rent sur la place o\u00f9 j&rsquo;allais pour protester contre la guerre ; \u00e0 tel point qu&rsquo;une fois, une personne que j&rsquo;estimais, en entendant mes cris, m&rsquo;avertit : &#8211; Mais vous voulez vous faire tuer !&#8230; <br\/><br\/>[\u2026] En mai 1915, j&rsquo;ai \u00e9t\u00e9 appel\u00e9 sous les drapeaux. [\u2026] <br\/><br\/>La tranch\u00e9e ! C&rsquo;est l\u00e0 que, depuis l&rsquo;\u00e9cole, je suis entr\u00e9 dans la vie, dans les bras de la mort, avec des salves de canon.  Fango, freddo, sporcizia, attutirono la scoperta amara: che i soldati erano tutti contrari all\u2019omicidio detto guerra, per il fatto che l\u2019omicidio era uccisione dell\u2019uomo: tutti la detestavano\u2026 [\u2026] Stavamo a Oslavia, presso dei ruderi chiamati Pri-Fabrisu: il ricordo dell\u2019agonia (da agone) sofferta in quei luoghi lo raccolsi, pi\u00f9 tardi, durante la triennale degenza d\u2019ospedale, in un poemetto intitolato <em>I volti dei morti<\/em>. Rammento l\u2019ultimo verso che diceva: \u201cQuesta maledi\u00adzione della guerra\u201d <\/strong><a href=\"#_ftn1\" id=\"_ftnref1\">[2]<\/a><strong>\u00bb.<\/strong><\/p>\n\n<blockquote class=\"wp-block-quote is-layout-flow wp-block-quote-is-layout-flow\">\n<blockquote class=\"wp-block-quote is-layout-flow wp-block-quote-is-layout-flow\"><\/blockquote>\n<\/blockquote>\n\n<div style=\"height:13px\" aria-hidden=\"true\" class=\"wp-block-spacer\"><\/div>\n\n<p>Giordani a \u00e9t\u00e9 gri\u00e8vement bless\u00e9 et, de retour du front, il a pass\u00e9 trois ans \u00e0 l&rsquo;h\u00f4pital militaire de Milan, avec des l\u00e9sions irr\u00e9versibles \u00e0 une jambe. Son pacifisme \u00e9tait donc fond\u00e9 sur la vie v\u00e9cue. Engag\u00e9 ensuite dans la vie politique, il a toujours cherch\u00e9 le dialogue avec tous, m\u00eame avec ceux qui avaient des opinions oppos\u00e9es aux siennes, convaincu que l&rsquo;homme doit toujours \u00eatre accueilli et compris. Il ne s&rsquo;est jamais enferm\u00e9 dans des positions absolues. Voici comment il d\u00e9crit son intervention au Parlement en faveur du Pacte atlantique :    <\/p>\n\n<p class=\"has-background\" style=\"background:linear-gradient(135deg,rgb(197,216,231) 0%,rgb(223,202,243) 100%)\"><strong>\u00ab \u00c0 la Chambre, je me souviens d&rsquo;un discours que j&rsquo;ai prononc\u00e9 le 16 mars 1949, [&#8230;] sur le Pacte atlantique, qui depuis trop longtemps n&rsquo;\u00e9tait pr\u00e9sent\u00e9 que sous l&rsquo;aspect de l&rsquo;anticommunisme, c&rsquo;est-\u00e0-dire de la pr\u00e9paration d&rsquo;une guerre contre les Russes. [\u2026] J&rsquo;ai dit que chaque guerre est un \u00e9chec des chr\u00e9tiens. \u201cSi le monde \u00e9tait chr\u00e9tien, il ne devrait pas y avoir de guerres&#8230; [\u2026] La guerre \u2013 ai-je ajout\u00e9 \u2013 est un meurtre, un d\u00e9icide (meurtre de Dieu en effigie : c&rsquo;est-\u00e0-dire dans l&rsquo;homme qui est son image) et un suicide\u201d  <\/strong><a href=\"#_ftn2\" id=\"_ftnref2\">[3]<\/a><strong>\u00bb.<\/strong><\/p>\n\n<div style=\"height:27px\" aria-hidden=\"true\" class=\"wp-block-spacer\"><\/div>\n\n<p>Le discours de Giordani a \u00e9t\u00e9 applaudi par la droite et par la gauche : patient tisserand de relations, il a mis en \u00e9vidence la valeur positive d&rsquo;un choix de la part de l&rsquo;Italie qui pouvait \u00eatre interpr\u00e9t\u00e9 en faveur de la guerre. Giordani \u00e9tait convaincu que pour la paix, il fallait essayer toutes les voies, au-del\u00e0 des alignements strat\u00e9giques, et il esp\u00e9rait que la politique chr\u00e9tienne serait capable de se d\u00e9m\u00ealer des polarisations en cours pour s&rsquo;\u00e9lever en force de paix. <\/p>\n\n<p>Il \u00e9crit en 1953 :<\/p>\n\n<p class=\"has-background\" style=\"background:linear-gradient(135deg,rgb(194,221,238) 0%,rgb(220,205,233) 100%)\"><strong>\u00ab La guerre est un meurtre \u00e0 grande \u00e9chelle, rev\u00eatu d&rsquo;une sorte de culte sacr\u00e9 [&#8230;]. La guerre est \u00e0 l\u2019humanit\u00e9, comme la maladie l\u2019est \u00e0 la sant\u00e9, comme le p\u00e9ch\u00e9 l\u2019est \u00e0 l\u2019\u00e2me : elle est destruction et massacre, investissant \u00e2me et corps, les individus et la collectivit\u00e9.<br\/><br\/> [\u2026] La fin peut \u00eatre la justice, la libert\u00e9, l&rsquo;honneur, le pain : mais les moyens produisent une telle destruction de pain, d&rsquo;honneur, de libert\u00e9 et de justice, ainsi que de vies humaines, y compris celles des femmes, des enfants, des personnes \u00e2g\u00e9es, des innocents de toutes sortes, qui annulent tragiquement le but qu&rsquo;ils se sont fix\u00e9.<br\/><br\/>En substance, la guerre ne sert \u00e0 rien, si ce n&rsquo;est \u00e0 d\u00e9truire des vies et des richesses<\/strong><a href=\"#_ftn3\" id=\"_ftnref3\">[4] <\/a><strong>\u00bb.<\/strong><\/p>\n\n<div style=\"height:28px\" aria-hidden=\"true\" class=\"wp-block-spacer\"><\/div>\n\n<p>Giordani nous rappelle donc que la paix est le r\u00e9sultat d&rsquo;un projet : un projet de fraternit\u00e9 entre les peuples, de solidarit\u00e9 avec les plus faibles, de respect mutuel. C&rsquo;est ainsi que l&rsquo;on construit une monde plus juste, aujourd&rsquo;hui encore. <\/p>\n\n<p class=\"has-text-align-right\"><em>Elena Merli<\/em><br\/><em>(<a href=\"https:\/\/iginogiordani.info\/\" target=\"_blank\" rel=\"noreferrer noopener\">Centro Igino Giordani<\/a>)<\/em><\/p>\n\n<p class=\"has-small-font-size\"><em>Photo \u00a9 Archivio CSC Audiovisivi<\/em><\/p>\n\n<hr class=\"wp-block-separator has-alpha-channel-opacity\"\/>\n\n<p class=\"has-small-font-size\">[1] Igino Giordani, <em>L\u2019inutilit\u00e0 della guerra<\/em>, Citt\u00e0 Nuova, Roma, 2003, (terza edizione), p. 57<br\/><a href=\"#_ftnref1\" id=\"_ftn1\">[2]<\/a> Igino Giordani, <em>Memorie di un cristiano ingenuo<\/em>, Citt\u00e0 Nuova, Roma 1994, pp.47-51<br\/><a href=\"#_ftnref2\" id=\"_ftn2\">[3]<\/a> <em>Idem<\/em>, p.111<br\/><a href=\"#_ftnref3\" id=\"_ftn3\">[4]<\/a> Igino Giordani, <em>L\u2019inutilit\u00e0 della guerra<\/em>, Citt\u00e0 Nuova, Roma, 2003, (terza edizione), p. 3<\/p>\n\n<p class=\"has-small-font-size\"><\/p>\n\n<div style=\"height:175px\" aria-hidden=\"true\" class=\"wp-block-spacer\"><\/div>\n","protected":false},"excerpt":{"rendered":"<p>\u00ab Ni le r\u00e9armement ni le d\u00e9sarmement ne suffisent \u00e0 \u00e9liminer le danger de la guerre : il faut \u00e9liminer l&rsquo;esprit d&rsquo;agression, d&rsquo;exploitation et d&rsquo;h\u00e9g\u00e9monie, d&rsquo;o\u00f9 provient la guerre : il faut reconstituer une conscience [1]\u00bb.<\/p>\n","protected":false},"author":34,"featured_media":379769,"comment_status":"open","ping_status":"open","sticky":false,"template":"","format":"standard","meta":{"give_campaign_id":0,"_seopress_robots_primary_cat":"","_seopress_titles_title":"","_seopress_titles_desc":"","_seopress_robots_index":"","_et_pb_use_builder":"","_et_pb_old_content":"","_et_gb_content_width":"","footnotes":""},"categories":[3128,3287],"tags":[3521,3348,3394,3197,3519],"class_list":["post-379787","post","type-post","status-publish","format-standard","has-post-thumbnail","hentry","category-cultura-5","category-testimonianze-di-vita-fr","tag-igino-giordani-fr","tag-notifiche-fr","tag-paix","tag-ppg-fr","tag-valencia-fr"],"_links":{"self":[{"href":"https:\/\/www.focolare.org\/fr\/wp-json\/wp\/v2\/posts\/379787","targetHints":{"allow":["GET"]}}],"collection":[{"href":"https:\/\/www.focolare.org\/fr\/wp-json\/wp\/v2\/posts"}],"about":[{"href":"https:\/\/www.focolare.org\/fr\/wp-json\/wp\/v2\/types\/post"}],"author":[{"embeddable":true,"href":"https:\/\/www.focolare.org\/fr\/wp-json\/wp\/v2\/users\/34"}],"replies":[{"embeddable":true,"href":"https:\/\/www.focolare.org\/fr\/wp-json\/wp\/v2\/comments?post=379787"}],"version-history":[{"count":0,"href":"https:\/\/www.focolare.org\/fr\/wp-json\/wp\/v2\/posts\/379787\/revisions"}],"wp:featuredmedia":[{"embeddable":true,"href":"https:\/\/www.focolare.org\/fr\/wp-json\/wp\/v2\/media\/379769"}],"wp:attachment":[{"href":"https:\/\/www.focolare.org\/fr\/wp-json\/wp\/v2\/media?parent=379787"}],"wp:term":[{"taxonomy":"category","embeddable":true,"href":"https:\/\/www.focolare.org\/fr\/wp-json\/wp\/v2\/categories?post=379787"},{"taxonomy":"post_tag","embeddable":true,"href":"https:\/\/www.focolare.org\/fr\/wp-json\/wp\/v2\/tags?post=379787"}],"curies":[{"name":"wp","href":"https:\/\/api.w.org\/{rel}","templated":true}]}}