{"id":379923,"date":"2025-05-05T05:00:00","date_gmt":"2025-05-05T03:00:00","guid":{"rendered":"https:\/\/www.focolare.org\/?p=379923"},"modified":"2025-04-17T13:05:59","modified_gmt":"2025-04-17T11:05:59","slug":"argentine-engagement-pour-le-dialogue-interculturel-avec-les-peuples-autochtones","status":"publish","type":"post","link":"https:\/\/www.focolare.org\/fr\/argentine-engagement-pour-le-dialogue-interculturel-avec-les-peuples-autochtones\/","title":{"rendered":"Argentine : engagement pour le dialogue interculturel avec les peuples autochtones"},"content":{"rendered":"\n<p>Agustin, Patricia et leurs deux enfants sont une famille argentine. Apr\u00e8s avoir suivi un cours \u00e0 Sophia ALC, l\u2019antenne latino-am\u00e9ricaine de l\u2019Institut universitaire situ\u00e9 dans la cit\u00e9-pilote internationale de Loppiano (Italie), sont all\u00e9s \u00e0 la recherche de leurs racines parmi les peuples originaires et un fort engagement pour le dialogue interculturel est n\u00e9. <\/p>\n\n\n\n<div style=\"height:30px\" aria-hidden=\"true\" class=\"wp-block-spacer\"><\/div>\n\n\n\n<figure class=\"wp-block-embed is-type-video is-provider-youtube wp-block-embed-youtube wp-embed-aspect-16-9 wp-has-aspect-ratio\"><div class=\"wp-block-embed__wrapper\">\n<iframe loading=\"lazy\" title=\"Argentine : engagement pour le dialogue interculturel avec les peuples autochtones\" width=\"1080\" height=\"608\" src=\"https:\/\/www.youtube.com\/embed\/sAnXWjV-C8I?feature=oembed\"  allow=\"accelerometer; autoplay; clipboard-write; encrypted-media; gyroscope; picture-in-picture; web-share\" referrerpolicy=\"strict-origin-when-cross-origin\" allowfullscreen><\/iframe>\n<\/div><\/figure>\n\n\n\n<div style=\"height:217px\" aria-hidden=\"true\" class=\"wp-block-spacer\"><\/div>\n","protected":false},"excerpt":{"rendered":"<p>Agustin, Patricia et leurs deux enfants sont une famille argentine. Apr\u00e8s avoir suivi un cours \u00e0 Sophia ALC, l\u2019antenne latino-am\u00e9ricaine de l\u2019Institut universitaire situ\u00e9 dans la cit\u00e9-pilote internationale de Loppiano (Italie), sont all\u00e9s \u00e0 la recherche de leurs racines parmi les peuples originaires et un fort engagement pour le dialogue interculturel est n\u00e9. <\/p>\n","protected":false},"author":34,"featured_media":379913,"comment_status":"open","ping_status":"open","sticky":false,"template":"","format":"standard","meta":{"give_campaign_id":0,"_seopress_robots_primary_cat":"","_seopress_titles_title":"","_seopress_titles_desc":"","_seopress_robots_index":"","_et_pb_use_builder":"","_et_pb_old_content":"","_et_gb_content_width":"","footnotes":""},"categories":[3128,3189,3177],"tags":[3692,3723,3348,3197],"class_list":["post-379923","post","type-post","status-publish","format-standard","has-post-thumbnail","hentry","category-cultura-5","category-ecologie","category-social-fr","tag-argentina-fr","tag-cuture-originarie-fr","tag-notifiche-fr","tag-ppg-fr"],"_links":{"self":[{"href":"https:\/\/www.focolare.org\/fr\/wp-json\/wp\/v2\/posts\/379923","targetHints":{"allow":["GET"]}}],"collection":[{"href":"https:\/\/www.focolare.org\/fr\/wp-json\/wp\/v2\/posts"}],"about":[{"href":"https:\/\/www.focolare.org\/fr\/wp-json\/wp\/v2\/types\/post"}],"author":[{"embeddable":true,"href":"https:\/\/www.focolare.org\/fr\/wp-json\/wp\/v2\/users\/34"}],"replies":[{"embeddable":true,"href":"https:\/\/www.focolare.org\/fr\/wp-json\/wp\/v2\/comments?post=379923"}],"version-history":[{"count":0,"href":"https:\/\/www.focolare.org\/fr\/wp-json\/wp\/v2\/posts\/379923\/revisions"}],"wp:featuredmedia":[{"embeddable":true,"href":"https:\/\/www.focolare.org\/fr\/wp-json\/wp\/v2\/media\/379913"}],"wp:attachment":[{"href":"https:\/\/www.focolare.org\/fr\/wp-json\/wp\/v2\/media?parent=379923"}],"wp:term":[{"taxonomy":"category","embeddable":true,"href":"https:\/\/www.focolare.org\/fr\/wp-json\/wp\/v2\/categories?post=379923"},{"taxonomy":"post_tag","embeddable":true,"href":"https:\/\/www.focolare.org\/fr\/wp-json\/wp\/v2\/tags?post=379923"}],"curies":[{"name":"wp","href":"https:\/\/api.w.org\/{rel}","templated":true}]}}