{"id":380124,"date":"2025-04-29T05:00:00","date_gmt":"2025-04-29T03:00:00","guid":{"rendered":"https:\/\/www.focolare.org\/?p=380124"},"modified":"2025-04-29T14:29:17","modified_gmt":"2025-04-29T12:29:17","slug":"evangile-vecu-faire-toutes-choses-nouvelles","status":"publish","type":"post","link":"https:\/\/www.focolare.org\/fr\/evangile-vecu-faire-toutes-choses-nouvelles\/","title":{"rendered":"\u00c9vangile v\u00e9cu : faire toutes choses nouvelles"},"content":{"rendered":"\n<p><strong>Accepter le changement<\/strong><\/p>\n\n<p>En tant que \u00ab distributrice de missions \u00bb, j&rsquo;avais r\u00e9ussi en dix ans, en collaboration avec notre cur\u00e9, \u00e0 former le conseil pastoral de la paroisse et le groupe des sacristains. Au fil du temps, je me suis rendu compte que mon r\u00f4le se r\u00e9duisait. Plusieurs personnes, auparavant moins actives, se sont propos\u00e9es pour diverses t\u00e2ches et j&rsquo;ai choisi de m&rsquo;effacer pour leur laisser la place. Dans un premier temps, j&rsquo;ai accept\u00e9 calmement mon r\u00f4le plus marginalis\u00e9. Mais plus tard, me sentant exclue, j&rsquo;ai r\u00e9alis\u00e9 combien il est facile de se lier \u00e0 son propre r\u00f4le, mais aussi combien il est important de savoir l\u00e2cher prise. Parfois, le Seigneur nous invite \u00e0 prendre du recul pour pr\u00e9parer quelque chose de nouveau. Ce n&rsquo;est pas facile, car cela implique d&rsquo;accepter le changement et de faire confiance. Aujourd&rsquo;hui, m\u00eame si je me sens un peu en retrait, je reste disponible pour apporter ma contribution si et quand on me le demande. Je suis convaincue que chaque service, m\u00eame le plus petit, a de la valeur et que chaque \u00e9tape de la vie est une occasion de grandir dans la foi et l&rsquo;amour des autres.        <\/p>\n\n<p><em>(Luciana \u2013 Italie)<\/em><\/p>\n\n<p><strong>Dieu me voit<\/strong><\/p>\n\n<p>Lorsque je vivais \u00e0 Bruxelles, j&rsquo;allais parfois \u00e0 la messe dans l&rsquo;\u00e9glise du Coll\u00e8ge Saint-Michel. Pour y acc\u00e9der, il fallait marcher dans de longs couloirs avec, de part et d&rsquo;autre, une s\u00e9rie interminable de salles de classe. Au-dessus de la porte de chacune d&rsquo;entre elles, un panneau indiquait : \u00ab Dieu te voit \u00bb. C&rsquo;\u00e9tait un avertissement aux enfants, refl\u00e9tant une pens\u00e9e du pass\u00e9, exprim\u00e9e par la n\u00e9gative : \u00ab Ne p\u00e8che pas car, m\u00eame si les hommes ne te voient pas, Dieu, lui, te voit \u00bb. Pour moi, en revanche, peut-\u00eatre parce que je suis n\u00e9 \u00e0 une autre \u00e9poque ou parce que je crois en son amour, elle r\u00e9sonnait positivement : \u00ab Je ne dois pas faire de bonnes choses devant les hommes pour qu&rsquo;ils me voient, pour qu&rsquo;on me dise bravo ou qu&rsquo;on me remercie, mais pour vivre en pr\u00e9sence de Dieu \u00bb. Dans l&rsquo;\u00c9vangile de Matthieu 23, 1-12, J\u00e9sus, s&rsquo;adressant aux scribes et aux pharisiens qui aiment se mettre en valeur, les invite \u00e0 ne pas s&rsquo;appeler \u00ab ma\u00eetres \u00bb, \u00e0 n&rsquo;avoir qu&rsquo; un seul souci : agir sous le regard de Dieu qui lit dans les c\u0153urs. Voil\u00e0, c&rsquo;est ce que j&rsquo;aime : Dieu me voit, comme le disent les affiches du coll\u00e8ge ; Dieu lit dans les c\u0153urs et cela doit me suffire.      <\/p>\n\n<p><em>(G.F.- Belgique)<\/em><\/p>\n\n<p><strong>Faire le premier pas<\/strong><\/p>\n\n<p>Pour une question d&rsquo;h\u00e9ritage, le silence s&rsquo;\u00e9tait install\u00e9 entre ma m\u00e8re et sa s\u0153ur. Elles ne se voyaient plus depuis longtemps et le foss\u00e9 qui s&rsquo;\u00e9tait creus\u00e9 ne faisait que s&rsquo;\u00e9largir, d&rsquo;autant plus que nous habitions en ville et la tante dans un village de montagne assez \u00e9loign\u00e9. Cet \u00e9tat de choses a dur\u00e9 jusqu&rsquo;au jour o\u00f9 j&rsquo;ai pris mon courage \u00e0 deux mains, provoqu\u00e9e par la Parole de J\u00e9sus : \u00ab Si tu es sur le point de pr\u00e9senter ton offrande \u00e0 l&rsquo;autel, et que l\u00e0 tu te souviennes que ton fr\u00e8re a quelque chose contre toi, laisse l\u00e0 ton offrande devant l&rsquo;autel et va d&rsquo;abord te r\u00e9concilier avec ton fr\u00e8re ; puis reviens et pr\u00e9sente ton offrande \u00bb. Cherchant le bon moment, j&rsquo;ai abord\u00e9 le sujet avec ma m\u00e8re et j&rsquo;ai r\u00e9ussi \u00e0 la convaincre de m&rsquo;accompagner chez ma tante. Pendant le trajet, nous sommes rest\u00e9es assez silencieuses ; je n&rsquo;ai alors fait que prier pour que tout se passe bien. Les choses se sont effectivement bien pass\u00e9es : surprise, la tante nous a accueillis \u00e0 bras ouverts. Mais il fallait faire le premier pas.      <\/p>\n\n<p><em>(A.G. \u2013 Italie)<\/em><\/p>\n\n<p class=\"has-text-align-right\"><em>Par Maria Grazia Berretta<\/em><\/p>\n\n<p><em>(extrait de Il Vangelo del Giorno, Citt\u00e0 Nuova, ann\u00e9e X- n\u00b0 1 mars-avril 2025)<\/em><\/p>\n\n<p>\u00a9<em>Photo<\/em>: <em>Gerson Rodriguez &#8211; Pixabay<\/em><\/p>\n\n<div style=\"height:204px\" aria-hidden=\"true\" class=\"wp-block-spacer\"><\/div>\n","protected":false},"excerpt":{"rendered":"<p>La mani\u00e8re dont Dieu agit dans nos vies nous montre le chemin pour changer de perspective. C&rsquo;est l&rsquo;occasion de renouveler notre regard sur les choses. Notre t\u00e2che ? Faire confiance \u00e0 Dieu pour voir des merveilles.   <\/p>\n","protected":false},"author":33,"featured_media":380132,"comment_status":"open","ping_status":"open","sticky":false,"template":"","format":"standard","meta":{"give_campaign_id":0,"_seopress_robots_primary_cat":"","_seopress_titles_title":"","_seopress_titles_desc":"","_seopress_robots_index":"","_et_pb_use_builder":"","_et_pb_old_content":"","_et_gb_content_width":"","footnotes":""},"categories":[3177,3287,3309],"tags":[3348,3197],"class_list":["post-380124","post","type-post","status-publish","format-standard","has-post-thumbnail","hentry","category-social-fr","category-testimonianze-di-vita-fr","category-vite-vissute-fr","tag-notifiche-fr","tag-ppg-fr"],"_links":{"self":[{"href":"https:\/\/www.focolare.org\/fr\/wp-json\/wp\/v2\/posts\/380124","targetHints":{"allow":["GET"]}}],"collection":[{"href":"https:\/\/www.focolare.org\/fr\/wp-json\/wp\/v2\/posts"}],"about":[{"href":"https:\/\/www.focolare.org\/fr\/wp-json\/wp\/v2\/types\/post"}],"author":[{"embeddable":true,"href":"https:\/\/www.focolare.org\/fr\/wp-json\/wp\/v2\/users\/33"}],"replies":[{"embeddable":true,"href":"https:\/\/www.focolare.org\/fr\/wp-json\/wp\/v2\/comments?post=380124"}],"version-history":[{"count":0,"href":"https:\/\/www.focolare.org\/fr\/wp-json\/wp\/v2\/posts\/380124\/revisions"}],"wp:featuredmedia":[{"embeddable":true,"href":"https:\/\/www.focolare.org\/fr\/wp-json\/wp\/v2\/media\/380132"}],"wp:attachment":[{"href":"https:\/\/www.focolare.org\/fr\/wp-json\/wp\/v2\/media?parent=380124"}],"wp:term":[{"taxonomy":"category","embeddable":true,"href":"https:\/\/www.focolare.org\/fr\/wp-json\/wp\/v2\/categories?post=380124"},{"taxonomy":"post_tag","embeddable":true,"href":"https:\/\/www.focolare.org\/fr\/wp-json\/wp\/v2\/tags?post=380124"}],"curies":[{"name":"wp","href":"https:\/\/api.w.org\/{rel}","templated":true}]}}