{"id":380912,"date":"2025-05-09T00:50:28","date_gmt":"2025-05-08T22:50:28","guid":{"rendered":"https:\/\/www.focolare.org\/joie-et-gratitude-de-margaret-karram-presidente-du-mouvement-des-focolari-pour-lelection-du-pape-leon-xiv\/"},"modified":"2025-05-09T11:21:33","modified_gmt":"2025-05-09T09:21:33","slug":"joie-et-gratitude-de-margaret-karram-presidente-du-mouvement-des-focolari-pour-lelection-du-pape-leon-xiv","status":"publish","type":"post","link":"https:\/\/www.focolare.org\/fr\/joie-et-gratitude-de-margaret-karram-presidente-du-mouvement-des-focolari-pour-lelection-du-pape-leon-xiv\/","title":{"rendered":"Joie et gratitude de Margaret Karram, Pr\u00e9sidente du Mouvement des Focolari, pour l&rsquo;\u00e9lection du Pape L\u00e9on XIV"},"content":{"rendered":"\n<p>Au nom du Mouvement des Focolari dans le monde entier, j&rsquo;exprime ma profonde joie pour l&rsquo;\u00e9lection du Pape L\u00e9on XIV comme nouveau Souverain Pontife de l&rsquo;\u00c9glise catholique. Nous remercions Dieu d&rsquo;avoir \u00e9cout\u00e9 les pri\u00e8res de nombreuses personnes et d&rsquo;avoir guid\u00e9 de son Esprit les travaux des Cardinaux pour trouver le successeur de Pierre, en cette p\u00e9riode qui pr\u00e9sente de graves d\u00e9fis pour l&rsquo;humanit\u00e9. <\/p>\n\n<p>Nous assurons d\u00e8s \u00e0 pr\u00e9sent le Saint-P\u00e8re de notre proximit\u00e9 filiale, de nos pri\u00e8res et de notre engagement \u00e0 \u00eatre des b\u00e2tisseurs de paix, comme il l&rsquo;a soulign\u00e9 \u00e0 plusieurs reprises lors de sa premi\u00e8re b\u00e9n\u00e9diction. <\/p>\n\n<p>Aujourd&rsquo;hui, le monde a un besoin extr\u00eame de paix, de lumi\u00e8re et d&rsquo;esp\u00e9rance. C&rsquo;est pourquoi nous lui promettons de continuer \u00e0 nous engager, avec les communaut\u00e9s eccl\u00e9siales dans lesquelles nous sommes ins\u00e9r\u00e9s, \u00e0 porter l&rsquo;amour de Dieu \u00e0 tous, \u00e0 \u00eatre ouverts au dialogue, pour \u00eatre \u00ab\u202fun seul peuple toujours en paix\u202f\u00bb, t\u00e9moignant que l&rsquo;unit\u00e9 demand\u00e9e par J\u00e9sus dans son Testament est plus forte que toute division.  <\/p>\n\n<p>Nous nous engageons \u00e9galement \u00e0 incarner toujours plus fid\u00e8lement le parcours synodal, afin de pouvoir l&rsquo;appliquer \u00e9galement dans les diff\u00e9rents domaines de la soci\u00e9t\u00e9\u202f; \u00e0 apporter notre contribution pour que l&rsquo;\u00c9glise soit une maison ouverte et accueillante pour tous les hommes et toutes les femmes et pour les nouvelles g\u00e9n\u00e9rations, surtout pour ceux qui sont les plus fragiles, les plus souffrants et les exclus, afin d&rsquo;offrir \u00e0 tous le message toujours nouveau du Christ. <\/p>\n\n<p>Meilleurs v\u0153ux, Pape L\u00e9on XIV, avec toute notre affection\u202f!<\/p>\n\n<p class=\"has-text-align-right\"><strong><em>Margaret Karram<\/em><\/strong> &#8211; Pr\u00e9sidente du Mouvement des Focolari, <\/p>\n\n<p><\/p>\n\n<p><a href=\"https:\/\/www.focolare.org\/wp-content\/uploads\/2025\/05\/MK_Dichiarazione_Nuovo_Pontefice_2025.pdf\">Scaricare qui la Dichiarazione della Presidente<\/a><\/p>\n\n<div style=\"height:165px\" aria-hidden=\"true\" class=\"wp-block-spacer\"><\/div>\n","protected":false},"excerpt":{"rendered":"<p>Au nom du Mouvement des Focolari dans le monde entier, j&rsquo;exprime ma profonde joie pour l&rsquo;\u00e9lection du Pape L\u00e9on XIV comme nouveau Souverain Pontife de l&rsquo;\u00c9glise catholique. Nous remercions Dieu d&rsquo;avoir \u00e9cout\u00e9 les pri\u00e8res de nombreuses personnes et d&rsquo;avoir guid\u00e9 de son Esprit les travaux des Cardinaux pour trouver le successeur de Pierre, en cette [&hellip;]<\/p>\n","protected":false},"author":27,"featured_media":380906,"comment_status":"open","ping_status":"open","sticky":false,"template":"","format":"standard","meta":{"give_campaign_id":0,"_seopress_robots_primary_cat":"","_seopress_titles_title":"","_seopress_titles_desc":"","_seopress_robots_index":"","_et_pb_use_builder":"","_et_pb_old_content":"","_et_gb_content_width":"","footnotes":""},"categories":[3167,47],"tags":[3773,3375,3348,3772,3197],"class_list":["post-380912","post","type-post","status-publish","format-standard","has-post-thumbnail","hentry","category-margaret-karram-fr","category-non-classifiee","tag-leon-xiv","tag-margaret-karram-fr","tag-notifiche-fr","tag-pape","tag-ppg-fr"],"_links":{"self":[{"href":"https:\/\/www.focolare.org\/fr\/wp-json\/wp\/v2\/posts\/380912","targetHints":{"allow":["GET"]}}],"collection":[{"href":"https:\/\/www.focolare.org\/fr\/wp-json\/wp\/v2\/posts"}],"about":[{"href":"https:\/\/www.focolare.org\/fr\/wp-json\/wp\/v2\/types\/post"}],"author":[{"embeddable":true,"href":"https:\/\/www.focolare.org\/fr\/wp-json\/wp\/v2\/users\/27"}],"replies":[{"embeddable":true,"href":"https:\/\/www.focolare.org\/fr\/wp-json\/wp\/v2\/comments?post=380912"}],"version-history":[{"count":0,"href":"https:\/\/www.focolare.org\/fr\/wp-json\/wp\/v2\/posts\/380912\/revisions"}],"wp:featuredmedia":[{"embeddable":true,"href":"https:\/\/www.focolare.org\/fr\/wp-json\/wp\/v2\/media\/380906"}],"wp:attachment":[{"href":"https:\/\/www.focolare.org\/fr\/wp-json\/wp\/v2\/media?parent=380912"}],"wp:term":[{"taxonomy":"category","embeddable":true,"href":"https:\/\/www.focolare.org\/fr\/wp-json\/wp\/v2\/categories?post=380912"},{"taxonomy":"post_tag","embeddable":true,"href":"https:\/\/www.focolare.org\/fr\/wp-json\/wp\/v2\/tags?post=380912"}],"curies":[{"name":"wp","href":"https:\/\/api.w.org\/{rel}","templated":true}]}}