{"id":382454,"date":"2025-06-09T05:00:00","date_gmt":"2025-06-09T03:00:00","guid":{"rendered":"https:\/\/www.focolare.org\/renaitre-des-tenebres-un-appel-a-lunite\/"},"modified":"2025-10-15T16:45:54","modified_gmt":"2025-10-15T14:45:54","slug":"renaitre-des-tenebres-un-appel-a-lunite","status":"publish","type":"post","link":"https:\/\/www.focolare.org\/fr\/renaitre-des-tenebres-un-appel-a-lunite\/","title":{"rendered":"Rena\u00eetre des t\u00e9n\u00e8bres : un appel \u00e0 l&rsquo;unit\u00e9"},"content":{"rendered":"\n<p>Je viens d&rsquo;une famille divis\u00e9e, je suis n\u00e9e de la liaison extraconjugale de mon p\u00e8re. De ce fait, il a gard\u00e9 mon existence secr\u00e8te et, pendant longtemps, j&rsquo;ai v\u00e9cu, surtout en tant qu&rsquo;enfant, un abandon temporaire de sa part. <\/p>\n\n<p> Je sentais que mon histoire avait quelque chose d&rsquo;obscur. Ce que je ne savais pas, c&rsquo;est que J\u00e9sus allait entamer un processus de conversion radicale dans la vie de mon p\u00e8re, le conduisant \u00e0 devenir un pasteur pentec\u00f4tiste. <\/p>\n\n<p>Mon histoire et mon sentiment d&rsquo;abandon auraient sans doute pu \u00eatre une raison pour moi de me d\u00e9tourner de la foi. Mais ce n&rsquo;est pas ce qui s&rsquo;est pass\u00e9. Face \u00e0 l&rsquo;exp\u00e9rience de l&rsquo;abandon, je ne pouvais m&#8217;emp\u00eacher de m&rsquo;interroger sur l&rsquo;amour qui, m\u00eame face \u00e0 la douleur d&rsquo;un enfant, avait atteint la vie de mon p\u00e8re. Parfois, je me demandais : \u00ab De quel amour s&rsquo;agit-il, capable de supporter la douleur que j&rsquo;\u00e9prouve ? \u00c0 16 ans, lors d&rsquo;une croisi\u00e8re de fin d&rsquo;\u00e9tudes, j&rsquo;ai trouv\u00e9 cet amour. Un soir, assise sur le toit du bateau, la voix du Seigneur a parl\u00e9 clairement \u00e0 mon c\u0153ur : \u00ab Tu n&rsquo;es pas n\u00e9e pour faire ce que font tes amis, Mayara, tu es \u00e0 moi \u00bb. Gr\u00e2ce \u00e0 ce qui a commenc\u00e9 l\u00e0, je suis devenue une jeune pentec\u00f4tiste convaincue.       <\/p>\n\n<p>\u00c0 19 ans, je suis entr\u00e9e \u00e0 l&rsquo;Universit\u00e9 catholique pontificale de S\u00e3o Paulo (Br\u00e9sil) pour \u00e9tudier la th\u00e9ologie. Dans une histoire que seul l&rsquo;Esprit peut \u00e9crire, je suis devenue pr\u00e9sidente du Centre acad\u00e9mique et de la Commission des \u00e9tudiants en th\u00e9ologie de l&rsquo;\u00c9tat de S\u00e3o Paulo. J&rsquo;\u00e9tais tr\u00e8s amie avec certains s\u00e9minaristes et j&rsquo;avais des contacts avec divers dioc\u00e8ses et ordres religieux, et certains pr\u00eatres venaient souvent chez moi. Au d\u00e9but, ma m\u00e8re disait en plaisantant : \u00ab Je n&rsquo;aurais jamais imagin\u00e9 avoir autant de pr\u00eatres chez moi, Mayara \u00bb.   <\/p>\n\n<p>Gr\u00e2ce \u00e0 cette exp\u00e9rience, j&rsquo;ai d\u00e9cid\u00e9 d&rsquo;\u00e9crire mon m\u00e9moire de fin d&rsquo;\u00e9tudes sur l&rsquo;unit\u00e9 des chr\u00e9tiens, mais lorsque j&rsquo;ai commenc\u00e9 \u00e0 \u00e9tudier quelle voie \u00e0 suivre, beaucoup de choses se sont produites qui m&rsquo;ont amen\u00e9e \u00e0 r\u00e9fl\u00e9chir \u00e0 l&rsquo;histoire de ma famille ; j&rsquo;ai effectu\u00e9 un profond parcours de pardon et de r\u00e9conciliation. Ainsi, pendant que je pardonnais, j&rsquo;\u00e9crivais. \u00c0 tout moment, ma m\u00e9moire me rappelait combien il \u00e9tait douloureux d&rsquo;avoir une famille divis\u00e9e, mais c&rsquo;est dans ces moments-l\u00e0 que le Seigneur m&rsquo;a aussi demand\u00e9 : \u00ab Et ma famille, l&rsquo;\u00c9glise ? \u00bb J&rsquo;ai pu, et j&rsquo;ai senti qu&rsquo;il \u00e9tait n\u00e9cessaire, d&rsquo;unir mon abandon \u00e0 celui de J\u00e9sus.   <\/p>\n\n<div class=\"wp-block-media-text has-media-on-the-right is-stacked-on-mobile has-background\" style=\"background-color:#f9f8f1;grid-template-columns:auto 48%\"><div class=\"wp-block-media-text__content\">\n<p><strong>\n  <em>\u00ab J&rsquo;ai d\u00e9cid\u00e9 d&rsquo;\u00e9crire mon m\u00e9moire de fin d&rsquo;\u00e9tudes sur l&rsquo;unit\u00e9 des chr\u00e9tiens (&#8230;) et beaucoup de choses se sont produites qui m&rsquo;ont amen\u00e9e \u00e0 r\u00e9fl\u00e9chir \u00e0 l&rsquo;histoire de ma famille ; j&rsquo;ai effectu\u00e9 un profond parcours de pardon et de r\u00e9conciliation \u00bb.<\/em>\n<\/strong><\/p>\n\n\n\n<p><\/p>\n\n\n\n<p class=\"has-text-align-right has-small-font-size\"><em>Sur la photo : Mayara lors du <a href=\"https:\/\/www.focolare.org\/fr\/rencontre-oecumenique-entre-espoir-et-courage\/\" target=\"_blank\" rel=\"noreferrer noopener\">Congr\u00e8s \u0153cum\u00e9nique<\/a><\/em><br\/>\n  <em>\u00e0 Castel Gandolfo en mars 2025<\/em>\n<\/p>\n<\/div><figure class=\"wp-block-media-text__media\"><img alt=\"\" alt=\"\" loading=\"lazy\" decoding=\"async\" width=\"1024\" height=\"683\" src=\"https:\/\/www.focolare.org\/wp-content\/uploads\/2025\/06\/SAM_4757-1024x683.jpg\" alt=\"\" class=\"wp-image-382376 size-full\" srcset=\"https:\/\/www.focolare.org\/wp-content\/uploads\/2025\/06\/SAM_4757-1024x683.jpg 1024w, https:\/\/www.focolare.org\/wp-content\/uploads\/2025\/06\/SAM_4757-980x653.jpg 980w, https:\/\/www.focolare.org\/wp-content\/uploads\/2025\/06\/SAM_4757-480x320.jpg 480w\" sizes=\"(min-width: 0px) and (max-width: 480px) 480px, (min-width: 481px) and (max-width: 980px) 980px, (min-width: 981px) 1024px, 100vw\" \/><\/figure><\/div>\n\n<div style=\"height:20px\" aria-hidden=\"true\" class=\"wp-block-spacer\"><\/div>\n\n<p>\u00c0 partir du patrimoine commun de l&rsquo;\u00c9criture Sainte, j&rsquo;ai conclu cette \u00e9tape douloureuse en \u00e9crivant sur le th\u00e8me : \u00ab L&rsquo;Esprit et l&rsquo;\u00c9pouse disent : viens ! La figure de l&rsquo;\u00c9pouse comme r\u00e9ponse proph\u00e9tique \u00e0 l&rsquo;unit\u00e9 de l&rsquo;\u00c9glise \u00bb. C&rsquo;est cette d\u00e9marche qui m&rsquo;a conduite au dialogue catholique-pentec\u00f4tiste : \u00e0 la Commission pour l&rsquo;Unit\u00e9 &#8211; Renouveau Charismatique Catholique &#8211; SP et \u00e0 <g id=\"gid_0\">Mission Nous sommes Un<\/g>. Fond\u00e9e par des la\u00efcs dans le cadre d&rsquo;une communaut\u00e9 catholique (Cora\u00e7\u00e3o Novo-RJ), <em>Mission Nous sommes Un<\/em> repose sur une lettre d&rsquo;intention sign\u00e9e par des responsables catholiques et \u00e9vang\u00e9liques, dans laquelle sont d\u00e9finis les quatre piliers du chemin de dialogue : <strong>le respect des identit\u00e9s confessionnelles<\/strong>, <strong>l&rsquo;eccl\u00e9sialit\u00e9<\/strong>, <strong>le non-pros\u00e9lytisme<\/strong> et <strong>la culture de la rencontre<\/strong>. Dans le calendrier officiel de la ville de Rio de Janeiro, il y a m\u00eame une semaine intitul\u00e9e \u00ab <em>We Are One Week<\/em> \u00bb (Semaine Nous sommes Un) et nous avons \u00e9t\u00e9 surpris de recevoir la reconnaissance de Patrimoine culturel et immat\u00e9riel. En pratique, la mission r\u00e9unit des responsables \u00e9vang\u00e9liques, catholiques et pentec\u00f4tistes dans un but commun : proclamer l&rsquo;unit\u00e9 des chr\u00e9tiens. Le dialogue th\u00e9ologique a \u00e9t\u00e9 rendu possible par la cr\u00e9ation d&rsquo;un groupe de travail national catholique-pentec\u00f4tiste. Son objectif est de mener une r\u00e9flexion th\u00e9ologique et pastorale sur l&rsquo;exp\u00e9rience charismatique-pentec\u00f4tiste, \u00e0 partir de la r\u00e9alit\u00e9 latino-am\u00e9ricaine. Nous avons r\u00e9cemment publi\u00e9 le premier rapport, fruit de nos rencontres, sur les dons de l&rsquo;Esprit Saint. En 2022, a commenc\u00e9 le travail de <em>Mission des Jeunes We Are One<\/em>, un groupe dans lequel je suis totalement impliqu\u00e9e de tout mon c\u0153ur et de tout mes forces. Pour ces raisons, je vois <g id=\"gid_8\">Mission<\/g><g id=\"gid_9\"> We Are One<\/g> (Mission Nous sommes Un) comme un signe d&rsquo;esp\u00e9rance. D&rsquo;une part, pour toute la communion que j&rsquo;ai v\u00e9cue et, d&rsquo;autre part, parce que mon histoire personnelle y est indubitablement m\u00eal\u00e9e.         <\/p>\n\n<p>Charg\u00e9e d&rsquo;\u00eatre \u00ab p\u00e8lerin de l&rsquo;esp\u00e9rance \u00bb, je voudrais terminer ce partage par une phrase de mon p\u00e8re lorsqu&rsquo;il raconte l&rsquo;histoire de notre famille. Il r\u00e9p\u00e8te sans cesse qu&rsquo;elle est n\u00e9e dans la douleur et les blessures, mais qu&rsquo;elle a \u00e9t\u00e9 inond\u00e9e par l&rsquo;amour infini de Dieu : \u00ab La tribulation est devenue une vocation \u00bb. Lorsque mon p\u00e8re entrevoit cette r\u00e9alit\u00e9, il cite toujours la lettre de saint Paul aux Romains : \u00ab L\u00e0 o\u00f9 le p\u00e9ch\u00e9 a abond\u00e9, la Gr\u00e2ce a surabond\u00e9. \u00bb (<g id=\"gid_0\">Rm <\/g>5, 20) Paraphraser ce texte biblique, en cette \u00ab Semaine de pri\u00e8re pour l&rsquo;unit\u00e9 des chr\u00e9tiens 2025 \u00bb , en cette ann\u00e9e du Jubil\u00e9 et de la c\u00e9l\u00e9bration de tant d&rsquo;anniversaires importants comme celui du Concile de Nic\u00e9e, me donne du courage et me fait penser que : au milieu de tant de blessures abondantes tout au long de l&rsquo;histoire   <\/p>\n\n<p class=\"has-text-align-right\"><em>Mayara Pazetto<\/em><br\/>\n  <em>Photo: \u00a9 CSC Audivisivi<\/em>\n<\/p>\n\n<div style=\"height:142px\" aria-hidden=\"true\" class=\"wp-block-spacer\"><\/div>\n","protected":false},"excerpt":{"rendered":"<p>Dans les Pays de l&rsquo;h\u00e9misph\u00e8re sud c\u2019est \u00e0 l&rsquo;occasion de la f\u00eate de la Pentec\u00f4te qu\u2019on c\u00e9l\u00e8bre la Semaine de Pri\u00e8re pour l&rsquo;Unit\u00e9 des Chr\u00e9tiens. Mayara Pazetto, jeune th\u00e9ologienne pentec\u00f4tiste br\u00e9silienne, raconte l&rsquo;histoire qui l&rsquo;a amen\u00e9e \u00e0 s&rsquo;engager et \u00e0 promouvoir le dialogue entre les diff\u00e9rentes \u00c9glises chr\u00e9tiennes.  <\/p>\n","protected":false},"author":34,"featured_media":382371,"comment_status":"open","ping_status":"open","sticky":false,"template":"","format":"standard","meta":{"give_campaign_id":0,"_seopress_robots_primary_cat":"","_seopress_titles_title":"","_seopress_titles_desc":"","_seopress_robots_index":"","_et_pb_use_builder":"","_et_pb_old_content":"","_et_gb_content_width":"","footnotes":""},"categories":[3194,3287],"tags":[3427,4118,3456,3348,3197,3818],"class_list":["post-382454","post","type-post","status-publish","format-standard","has-post-thumbnail","hentry","category-oecumenisme","category-testimonianze-di-vita-fr","tag-brasil-fr-2","tag-di2-fr","tag-dialogue-oecumenique","tag-notifiche-fr","tag-ppg-fr","tag-testimonianza-fr"],"_links":{"self":[{"href":"https:\/\/www.focolare.org\/fr\/wp-json\/wp\/v2\/posts\/382454","targetHints":{"allow":["GET"]}}],"collection":[{"href":"https:\/\/www.focolare.org\/fr\/wp-json\/wp\/v2\/posts"}],"about":[{"href":"https:\/\/www.focolare.org\/fr\/wp-json\/wp\/v2\/types\/post"}],"author":[{"embeddable":true,"href":"https:\/\/www.focolare.org\/fr\/wp-json\/wp\/v2\/users\/34"}],"replies":[{"embeddable":true,"href":"https:\/\/www.focolare.org\/fr\/wp-json\/wp\/v2\/comments?post=382454"}],"version-history":[{"count":2,"href":"https:\/\/www.focolare.org\/fr\/wp-json\/wp\/v2\/posts\/382454\/revisions"}],"predecessor-version":[{"id":388971,"href":"https:\/\/www.focolare.org\/fr\/wp-json\/wp\/v2\/posts\/382454\/revisions\/388971"}],"wp:featuredmedia":[{"embeddable":true,"href":"https:\/\/www.focolare.org\/fr\/wp-json\/wp\/v2\/media\/382371"}],"wp:attachment":[{"href":"https:\/\/www.focolare.org\/fr\/wp-json\/wp\/v2\/media?parent=382454"}],"wp:term":[{"taxonomy":"category","embeddable":true,"href":"https:\/\/www.focolare.org\/fr\/wp-json\/wp\/v2\/categories?post=382454"},{"taxonomy":"post_tag","embeddable":true,"href":"https:\/\/www.focolare.org\/fr\/wp-json\/wp\/v2\/tags?post=382454"}],"curies":[{"name":"wp","href":"https:\/\/api.w.org\/{rel}","templated":true}]}}