{"id":383420,"date":"2025-07-01T05:00:00","date_gmt":"2025-07-01T03:00:00","guid":{"rendered":"https:\/\/www.focolare.org\/?p=383420"},"modified":"2025-06-27T12:37:44","modified_gmt":"2025-06-27T10:37:44","slug":"mais-un-samaritain-qui-etait-en-voyage-arriva-pres-de-lhomme-il-le-vit-et-fut-pris-de-pitie-lc-1033","status":"publish","type":"post","link":"https:\/\/www.focolare.org\/fr\/mais-un-samaritain-qui-etait-en-voyage-arriva-pres-de-lhomme-il-le-vit-et-fut-pris-de-pitie-lc-1033\/","title":{"rendered":"\u00ab\u00a0Mais un Samaritain qui \u00e9tait en voyage arriva pr\u00e8s de l&rsquo;homme : il le vit et fut pris de piti\u00e9\u00a0\u00bb (Lc 10,33)."},"content":{"rendered":"\n<p>Martine est dans une rame de m\u00e9tro d&rsquo;une grande ville europ\u00e9enne. Tous les passagers sont concentr\u00e9s sur leur t\u00e9l\u00e9phone portable. Elle s&rsquo;interroge : \u00ab\u00a0Mais ne sommes-nous plus capables de nous regarder dans les yeux ?\u00a0\u00bb   <\/p>\n\n<p>C&rsquo;est une exp\u00e9rience courante, surtout dans les soci\u00e9t\u00e9s riches en biens mat\u00e9riels, mais de plus en plus pauvres en relations humaines, alors que l&rsquo;\u00c9vangile revient toujours avec sa proposition originale et cr\u00e9ative, capable de \u00a0\u00bb faire toutes choses nouvelles \u00ab\u00a0<a href=\"#_ftn1\" id=\"_ftnref1\">[1]<\/a>. <\/p>\n\n<p>Dans le long dialogue avec le docteur de la loi qui lui demande ce qu&rsquo;il faut faire pour h\u00e9riter de la vie \u00e9ternelle<a href=\"#_ftn2\" id=\"_ftnref2\">[2],<\/a> J\u00e9sus r\u00e9pond par la c\u00e9l\u00e8bre parabole du bon Samaritain : un pr\u00eatre et un l\u00e9vite, figures \u00e9minentes de la soci\u00e9t\u00e9 de l&rsquo;\u00e9poque, voient un homme attaqu\u00e9 par des voleurs sur le bord de la route, mais ils passent leur chemin. <\/p>\n\n<p>\u00ab\u00a0Mais un Samaritain qui \u00e9tait en voyage arriva pr\u00e8s de l&rsquo;homme : il le vit et fut pris de piti\u00e9\u00a0\u00bb<\/p>\n\n<p>Au docteur de la Loi, qui conna\u00eet bien le commandement divin de l&rsquo;amour du prochain<a href=\"#_ftn3\" id=\"_ftnref3\">[3]<\/a>, J\u00e9sus propose comme mod\u00e8le un \u00e9tranger, consid\u00e9r\u00e9 comme un schismatique et un ennemi : il voit le voyageur bless\u00e9, mais il est envahi par la compassion, un sentiment qui na\u00eet de l&rsquo;int\u00e9rieur, des profondeurs du c\u0153ur humain. Il interrompt donc son voyage, s&rsquo;approche de lui et prend soin de lui. <\/p>\n\n<p>J\u00e9sus sait que chaque personne humaine est bless\u00e9e par le p\u00e9ch\u00e9, et c&rsquo;est pr\u00e9cis\u00e9ment sa mission : gu\u00e9rir les c\u0153urs avec la mis\u00e9ricorde de Dieu et le pardon gratuit, afin qu&rsquo;ils soient \u00e0 leur tour capables de proximit\u00e9 et de partage.<\/p>\n\n<p>\u00ab\u00a0[\u2026] Pour apprendre \u00e0 \u00eatre mis\u00e9ricordieux comme le P\u00e8re, parfait comme lui, il faut se tourner vers J\u00e9sus, pleine r\u00e9v\u00e9lation de l&rsquo;amour du P\u00e8re. [&#8230;] L&rsquo;amour est la valeur absolue qui donne sens \u00e0 tout le reste, [&#8230;] qui trouve sa plus haute expression dans la mis\u00e9ricorde. La mis\u00e9ricorde qui nous aide \u00e0 voir les personnes avec lesquelles nous vivons chaque jour en famille, \u00e0 l&rsquo;\u00e9cole, au travail, sans nous souvenir de leurs fautes, de leurs erreurs ; qui nous fait non pas juger, mais pardonner les torts que nous avons subis. Et m\u00eame jusqu&rsquo;\u00e0 les oublier\u00a0\u00bb<a href=\"#_ftn4\" id=\"_ftnref4\">[4]<\/a><\/p>\n\n<p>\u00ab\u00a0Mais un Samaritain qui \u00e9tait en voyage arriva pr\u00e8s de l&rsquo;homme : il le vit et fut pris de piti\u00e9\u00a0\u00bb<\/p>\n\n<p>La r\u00e9ponse finale et d\u00e9cisive s&rsquo;exprime dans une invitation claire : \u00ab\u00a0Allez et faites de m\u00eame\u00a0\u00bb<a href=\"#_ftn5\" id=\"_ftnref5\">[5]<\/a>. C&rsquo;est ce que J\u00e9sus r\u00e9p\u00e8te \u00e0 quiconque accueille sa Parole : se faire proche, en prenant l&rsquo;initiative de \u00ab\u00a0toucher\u00a0\u00bb les blessures des personnes rencontr\u00e9es chaque jour sur les routes de la vie. <\/p>\n\n<p>Pour vivre la proximit\u00e9 \u00e9vang\u00e9lique, demandons d&rsquo;abord \u00e0 J\u00e9sus de nous gu\u00e9rir de la c\u00e9cit\u00e9 des pr\u00e9jug\u00e9s et de l&rsquo;indiff\u00e9rence, qui nous emp\u00eachent de voir au-del\u00e0 de nous-m\u00eames.<\/p>\n\n<p>Ensuite, apprenons du Samaritain cette capacit\u00e9 de compassion qui le pousse \u00e0 mettre sa propre vie en jeu. Imitons sa capacit\u00e9 \u00e0 faire le premier pas vers l&rsquo;autre et sa disponibilit\u00e9 pour l&rsquo;\u00e9couter, pour faire n\u00f4tre sa douleur, sans jugement et sans le souci de \u00ab\u00a0perdre du temps\u00a0\u00bb. <sup> <\/sup> <\/p>\n\n<p>C&rsquo;est l&rsquo;exp\u00e9rience d&rsquo;une jeune Cor\u00e9enne qui raconte ceci : \u00ab J&rsquo;ai essay\u00e9 d&rsquo;aider un adolescent qui n&rsquo;\u00e9tait pas de ma culture et que je ne connaissais pas bien. Pourtant, m\u00eame si je ne savais ni quoi ni comment faire, j&rsquo;ai eu le courage d&rsquo;essayer. Et, \u00e0 ma grande surprise, j&rsquo;ai d\u00e9couvert qu&rsquo;en offrant cette aide, je me suis trouv\u00e9e \u00ab gu\u00e9rie \u00bb de mes blessures int\u00e9rieures \u00bb.<\/p>\n\n<p>Cette Parole est une cl\u00e9 d&rsquo;or pour mettre en \u0153uvre l&rsquo;humanisme chr\u00e9tien. Elle nous fait prendre davantage conscience de notre humanit\u00e9 commune dans laquelle se refl\u00e8te l&rsquo;image de Dieu. Elle nous invite \u00e0 aller au-del\u00e0 de la proximit\u00e9 seulement physique et culturelle. Il devient alors possible d&rsquo;\u00e9largir les fronti\u00e8res pour arriver \u00e0 \u00ab tous \u00bb et red\u00e9couvrir les fondements m\u00eames de la vie sociale. <\/p>\n\n<p class=\"has-text-align-right\"><em>D\u2019apr\u00e8s Letizia Magri et l\u2019\u00e9quipe de la Parole de vie<\/em><\/p>\n\n<hr class=\"wp-block-separator has-alpha-channel-opacity\"\/>\n\n<p><em>Photo <strong>\u00a9<\/strong> John-Lockwood<\/em> &#8211; Unsplash<\/p>\n\n<p class=\"has-small-font-size\"><a href=\"#_ftnref1\" id=\"_ftn1\">[1]<\/a> Cf. <em>Ap<\/em> 21,5.<br\/><a href=\"#_ftnref2\" id=\"_ftn2\">[2]<\/a> Cf. <em>Lc <\/em>10, 25-37.<br\/><a href=\"#_ftnref3\" id=\"_ftn3\">[3]<\/a> <em>Dt<\/em> 6,5; <em>Lv <\/em>19,18.<br\/><a href=\"#_ftnref4\" id=\"_ftn4\">[4]<\/a> C. Lubich, Parola di Vita giugno 2002, in eadem, <em>Parole di Vita<\/em>, a cura di Fabio Ciardi, (Opere di Chiara Lubich 5), Citt\u00e0 Nuova, Roma, 2017, p.659.<br\/><a href=\"#_ftnref5\" id=\"_ftn5\">[5]<\/a> <em>Lc <\/em>10,37.<\/p>\n\n<div style=\"height:147px\" aria-hidden=\"true\" class=\"wp-block-spacer\"><\/div>\n","protected":false},"excerpt":{"rendered":"<p>Parole de Vie &#8211; Juillet 2025<\/p>\n","protected":false},"author":33,"featured_media":382640,"comment_status":"open","ping_status":"open","sticky":false,"template":"","format":"standard","meta":{"give_campaign_id":0,"_seopress_robots_primary_cat":"","_seopress_titles_title":"","_seopress_titles_desc":"","_seopress_robots_index":"","_et_pb_use_builder":"","_et_pb_old_content":"","_et_gb_content_width":"","footnotes":""},"categories":[3601],"tags":[3348,3197],"class_list":["post-383420","post","type-post","status-publish","format-standard","has-post-thumbnail","hentry","category-parola-di-vita-fr","tag-notifiche-fr","tag-ppg-fr"],"_links":{"self":[{"href":"https:\/\/www.focolare.org\/fr\/wp-json\/wp\/v2\/posts\/383420","targetHints":{"allow":["GET"]}}],"collection":[{"href":"https:\/\/www.focolare.org\/fr\/wp-json\/wp\/v2\/posts"}],"about":[{"href":"https:\/\/www.focolare.org\/fr\/wp-json\/wp\/v2\/types\/post"}],"author":[{"embeddable":true,"href":"https:\/\/www.focolare.org\/fr\/wp-json\/wp\/v2\/users\/33"}],"replies":[{"embeddable":true,"href":"https:\/\/www.focolare.org\/fr\/wp-json\/wp\/v2\/comments?post=383420"}],"version-history":[{"count":0,"href":"https:\/\/www.focolare.org\/fr\/wp-json\/wp\/v2\/posts\/383420\/revisions"}],"wp:featuredmedia":[{"embeddable":true,"href":"https:\/\/www.focolare.org\/fr\/wp-json\/wp\/v2\/media\/382640"}],"wp:attachment":[{"href":"https:\/\/www.focolare.org\/fr\/wp-json\/wp\/v2\/media?parent=383420"}],"wp:term":[{"taxonomy":"category","embeddable":true,"href":"https:\/\/www.focolare.org\/fr\/wp-json\/wp\/v2\/categories?post=383420"},{"taxonomy":"post_tag","embeddable":true,"href":"https:\/\/www.focolare.org\/fr\/wp-json\/wp\/v2\/tags?post=383420"}],"curies":[{"name":"wp","href":"https:\/\/api.w.org\/{rel}","templated":true}]}}