{"id":386876,"date":"2025-09-01T05:00:00","date_gmt":"2025-09-01T03:00:00","guid":{"rendered":"https:\/\/www.focolare.org\/?p=386876"},"modified":"2025-08-27T12:44:30","modified_gmt":"2025-08-27T10:44:30","slug":"rejouissez-vous-avec-moi-car-je-lai-retrouvee-ma-brebis-qui-etait-perdue-lc-15-6","status":"publish","type":"post","link":"https:\/\/www.focolare.org\/fr\/rejouissez-vous-avec-moi-car-je-lai-retrouvee-ma-brebis-qui-etait-perdue-lc-15-6\/","title":{"rendered":"\u00ab R\u00e9jouissez-vous avec moi, car je l&rsquo;ai retrouv\u00e9e, ma brebis qui \u00e9tait perdue ! \u00bb (Lc 15, 6)"},"content":{"rendered":"\n<p>Les bergers de l&rsquo;ancien Orient comptaient les brebis \u00e0 leur retour du p\u00e2turage, pr\u00eats \u00e0 partir \u00e0 leur recherche s&rsquo;il en manquait une. Ils bravaient m\u00eame le d\u00e9sert, la nuit, pour retrouver les brebis qui s&rsquo;\u00e9taient \u00e9gar\u00e9es.  <\/p>\n\n<p>Cette parabole est une histoire de perte et de retrouvaille qui met au premier plan l&rsquo;amour du berger. Il s&rsquo;aper\u00e7oit qu&rsquo;une brebis manque, il la cherche, la trouve et la porte sur ses \u00e9paules, car elle est affaiblie et effray\u00e9e, peut-\u00eatre bless\u00e9e et incapable de suivre le berger toute seule. C\u2019est lui qui la ram\u00e8ne en s\u00e9curit\u00e9 et finalement, plein de joie, invite ses voisins pour faire la f\u00eate ensemble.  <\/p>\n\n<p><strong>\u00ab R\u00e9jouissez-vous avec moi, car je l&rsquo;ai retrouv\u00e9e, ma brebis qui \u00e9tait perdue ! \u00bb<\/strong><\/p>\n\n<p>Les th\u00e8mes r\u00e9currents de ce r\u00e9cit peuvent \u00eatre r\u00e9sum\u00e9s en trois actions : se perdre, retrouver, c\u00e9l\u00e9brer. <\/p>\n\n<p>Se perdre. La bonne nouvelle est celle du Seigneur qui va \u00e0 la recherche de ceux qui sont perdus. Nous nous perdons souvent dans les diff\u00e9rents d\u00e9serts qui nous touchent, ou dans lesquels nous sommes contraints de vivre, ou dans lesquels nous nous r\u00e9fugions : les d\u00e9serts de l&rsquo;abandon, de la marginalisation, de la pauvret\u00e9, de l&rsquo;incompr\u00e9hension, du manque d\u2019unit\u00e9. Le Berger nous y cherche aussi, et m\u00eame si nous le perdons de vue, il nous retrouvera toujours.   <\/p>\n\n<p>Retrouver. Essayons d&rsquo;imaginer la sc\u00e8ne de la recherche effr\u00e9n\u00e9e du berger dans le d\u00e9sert. C&rsquo;est une image qui frappe par sa force expressive. Nous pouvons comprendre la joie ressentie que ce soit par le berger ou par la brebis, et cette rencontre redonne \u00e0 la brebis le sentiment de s\u00e9curit\u00e9 apr\u00e8s avoir \u00e9chapp\u00e9 au danger. Le fait de \u201cse retrouver\u201c est donc pr\u00e9cis\u00e9ment un acte de mis\u00e9ricorde.    <\/p>\n\n<p>F\u00eater. Il rassemble ses amis pour faire la f\u00eate, parce qu&rsquo;il veut partager sa joie, comme il le fait dans les deux autres paraboles qui suivent celle-ci, celle de la pi\u00e8ce d\u2019argent perdue et celle du p\u00e8re mis\u00e9ricordieux<a href=\"#_ftn1\" id=\"_ftnref1\">[1]<\/a>. J\u00e9sus veut nous faire comprendre l&rsquo;importance de partager la joie avec tous et nous immunise contre la tentation de juger l&rsquo;autre. Nous sommes tous des \u201cenfants retrouv\u00e9s\u201c.    <\/p>\n\n<p><strong>\u00ab R\u00e9jouissez-vous avec moi, car je l&rsquo;ai retrouv\u00e9e, ma brebis qui \u00e9tait perdue ! \u00bb <\/strong>     <\/p>\n\n<p>Cette Parole de Vie est une invitation \u00e0 remercier pour la mis\u00e9ricorde que Dieu a pour nous tous personnellement. Se r\u00e9jouir, se r\u00e9jouir ensemble, nous pr\u00e9sente une image d&rsquo;unit\u00e9, o\u00f9 il n&rsquo;y a pas d&rsquo;opposition entre les \u201cjustes\u201c et les \u201cp\u00e9cheurs\u201c, mais o\u00f9 nous partageons la joie des uns et des autres. <\/p>\n\n<p>Chiara Lubich \u00e9crit : \u00ab C&rsquo;est une invitation \u00e0 comprendre le c\u0153ur de Dieu, \u00e0 croire en son amour. Nous qui sommes enclins \u00e0 calculer et \u00e0 mesurer, nous croyons parfois que m\u00eame Dieu a pour nous un amour qui, \u00e0 un certain moment, peut se fatiguer [&#8230;] La logique de Dieu n&rsquo;est pas comme la n\u00f4tre. Dieu nous attend toujours : en effet, nous lui procurons une joie immense toutes les fois &#8211; m\u00eame si c&rsquo;est une infinit\u00e9 de fois &#8211; que nous revenons vers lui \u00bb <a href=\"#_ftn2\" id=\"_ftnref2\">[2]<\/a>.<\/p>\n\n<p><strong>\u00ab R\u00e9jouissez-vous avec moi, car je l&rsquo;ai retrouv\u00e9e, ma brebis qui \u00e9tait perdue ! \u00bb<\/strong><\/p>\n\n<p>Parfois, nous pourrons \u00eatre ces bergers, ces gardiens les uns des autres qui partent avec amour \u00e0 la recherche de ceux qui se sont \u00e9loign\u00e9s de nous, de notre amiti\u00e9, de notre communaut\u00e9, \u00e0 la recherche des marginaux, des perdus, des petits que les \u00e9preuves de la vie ont pouss\u00e9s en marge de notre soci\u00e9t\u00e9. <\/p>\n\n<p>\u00ab Quelques \u00e9l\u00e8ves assistaient occasionnellement aux cours \u00bb, raconte une enseignante. \u00ab Pendant les heures de cours, je me rendais au march\u00e9 pr\u00e8s de l&rsquo;\u00e9cole : j&rsquo;esp\u00e9rais les y rencontrer, car j&rsquo;avais entendu dire qu&rsquo;ils y travaillaient pour gagner un peu d&rsquo;argent. Un jour, je les ai enfin vus et ils ont \u00e9t\u00e9 \u00e9tonn\u00e9s que je sois all\u00e9 les chercher personnellement et ont \u00e9t\u00e9 impressionn\u00e9s par l&rsquo;importance qu&rsquo;ils avaient pour toute la communaut\u00e9 scolaire. Ils sont donc revenus \u00e0 l&rsquo;\u00e9cole et ce fut une v\u00e9ritable f\u00eate pour tout le monde \u00bb. <\/p>\n\n<p class=\"has-text-align-right\"><em> D\u2019apr\u00e8s Patrizia Mazzola et l\u2019\u00e9quipe de la Parole de Vie<br\/>Photo: \u00a9 billow926-unsplash <\/em><\/p>\n\n<hr class=\"wp-block-separator has-alpha-channel-opacity\"\/>\n\n<p class=\"has-small-font-size\"><a href=\"#_ftnref1\" id=\"_ftn1\">[1]<\/a> Cf. <em>Lc<\/em> 15,8 et 15,11<\/p>\n\n<p class=\"has-small-font-size\"><a href=\"#_ftnref2\" id=\"_ftn2\">[2]<\/a> Chiara Lubich, Parole de Vie de septembre 1986, in <em>Parole di Vita<\/em>, di Fabio Ciardi (Opere di Chiara Lubich 5;Citt\u00e0 Nuova, Roma 2017) p. 369.<sub><\/sub><\/p>\n\n<div style=\"height:132px\" aria-hidden=\"true\" class=\"wp-block-spacer\"><\/div>\n","protected":false},"excerpt":{"rendered":"<p>Parole de Vie &#8211; Septembre 2025<\/p>\n","protected":false},"author":33,"featured_media":386886,"comment_status":"open","ping_status":"open","sticky":false,"template":"","format":"standard","meta":{"give_campaign_id":0,"_seopress_robots_primary_cat":"","_seopress_titles_title":"","_seopress_titles_desc":"","_seopress_robots_index":"","_et_pb_use_builder":"","_et_pb_old_content":"","_et_gb_content_width":"","footnotes":""},"categories":[3601],"tags":[3348,3197],"class_list":["post-386876","post","type-post","status-publish","format-standard","has-post-thumbnail","hentry","category-parola-di-vita-fr","tag-notifiche-fr","tag-ppg-fr"],"_links":{"self":[{"href":"https:\/\/www.focolare.org\/fr\/wp-json\/wp\/v2\/posts\/386876","targetHints":{"allow":["GET"]}}],"collection":[{"href":"https:\/\/www.focolare.org\/fr\/wp-json\/wp\/v2\/posts"}],"about":[{"href":"https:\/\/www.focolare.org\/fr\/wp-json\/wp\/v2\/types\/post"}],"author":[{"embeddable":true,"href":"https:\/\/www.focolare.org\/fr\/wp-json\/wp\/v2\/users\/33"}],"replies":[{"embeddable":true,"href":"https:\/\/www.focolare.org\/fr\/wp-json\/wp\/v2\/comments?post=386876"}],"version-history":[{"count":2,"href":"https:\/\/www.focolare.org\/fr\/wp-json\/wp\/v2\/posts\/386876\/revisions"}],"predecessor-version":[{"id":386893,"href":"https:\/\/www.focolare.org\/fr\/wp-json\/wp\/v2\/posts\/386876\/revisions\/386893"}],"wp:featuredmedia":[{"embeddable":true,"href":"https:\/\/www.focolare.org\/fr\/wp-json\/wp\/v2\/media\/386886"}],"wp:attachment":[{"href":"https:\/\/www.focolare.org\/fr\/wp-json\/wp\/v2\/media?parent=386876"}],"wp:term":[{"taxonomy":"category","embeddable":true,"href":"https:\/\/www.focolare.org\/fr\/wp-json\/wp\/v2\/categories?post=386876"},{"taxonomy":"post_tag","embeddable":true,"href":"https:\/\/www.focolare.org\/fr\/wp-json\/wp\/v2\/tags?post=386876"}],"curies":[{"name":"wp","href":"https:\/\/api.w.org\/{rel}","templated":true}]}}