{"id":386924,"date":"2025-09-02T05:00:00","date_gmt":"2025-09-02T03:00:00","guid":{"rendered":"https:\/\/www.focolare.org\/?p=386924"},"modified":"2025-10-10T15:14:01","modified_gmt":"2025-10-10T13:14:01","slug":"moyses-louro-azevedo-filho-nous-devons-etre-ouverts-a-lesprit-saint-pour-construire-la-paix","status":"publish","type":"post","link":"https:\/\/www.focolare.org\/fr\/moyses-louro-azevedo-filho-nous-devons-etre-ouverts-a-lesprit-saint-pour-construire-la-paix\/","title":{"rendered":"Moys\u00e9s Louro Azevedo Filho: Nous devons \u00eatre ouverts \u00e0 l\u2019Esprit Saint pour construire la Paix"},"content":{"rendered":"\n<p>Du 4 au 6 juin 2025, \u00e0 la veille du Jubil\u00e9 des Mouvements qui a r\u00e9uni place Saint-Pierre les diff\u00e9rentes r\u00e9alit\u00e9s eccl\u00e9siales en pr\u00e9sence du pape L\u00e9on XIV, a eu lieu au Vatican la Rencontre annuelle des mod\u00e9rateurs des Associations de fid\u00e8les, des Mouvements eccl\u00e9siaux et des Nouvelles communaut\u00e9s, \u00e0 laquelle les Focolari ont particip\u00e9. R\u00e9unir les charismes pour contribuer au chemin d\u2019unit\u00e9 dans l\u2019\u00c9glise est le d\u00e9sir commun qui animait les diff\u00e9rents participants, en ce moment historique qui nous montre un monde particuli\u00e8rement d\u00e9chir\u00e9 et polaris\u00e9. Nous vous proposons ci-dessous quelques interviews de Pr\u00e9sidents et Fondateurs qui mettent en lumi\u00e8re le grand besoin de se sentir fr\u00e8res dans ce parcours, et, en m\u00eame temps, la gratitude de pouvoir se mettre au service pour, tous ensemble, renforcer l\u2019esp\u00e9rance.<\/p>\n\n<p>\u00c9coutons <strong>Moys\u00e9s Louro Azevedo Filho<\/strong><\/p>\n\n<p><em><strong>Activer les sous-titres et choisir la langue<\/strong><\/em><\/p>\n\n<figure class=\"wp-block-embed is-type-video is-provider-youtube wp-block-embed-youtube wp-embed-aspect-16-9 wp-has-aspect-ratio\"><div class=\"wp-block-embed__wrapper\">\n<iframe loading=\"lazy\" title=\"Moys\u00e9s Louro Azevedo Filho: aperti allo Spirito Santo per costruire la Pace\" width=\"1080\" height=\"608\" src=\"https:\/\/www.youtube.com\/embed\/Hj1iuFTh1L8?feature=oembed\"  allow=\"accelerometer; autoplay; clipboard-write; encrypted-media; gyroscope; picture-in-picture; web-share\" referrerpolicy=\"strict-origin-when-cross-origin\" allowfullscreen><\/iframe>\n<\/div><\/figure>\n\n<div style=\"height:153px\" aria-hidden=\"true\" class=\"wp-block-spacer\"><\/div>\n","protected":false},"excerpt":{"rendered":"<p>Interview avec le fondateur de la Communaut\u00e9 catholique Shalom<\/p>\n","protected":false},"author":34,"featured_media":386917,"comment_status":"open","ping_status":"open","sticky":false,"template":"","format":"standard","meta":{"give_campaign_id":0,"_seopress_robots_primary_cat":"","_seopress_titles_title":"","_seopress_titles_desc":"","_seopress_robots_index":"","_et_pb_use_builder":"","_et_pb_old_content":"","_et_gb_content_width":"","footnotes":""},"categories":[3116],"tags":[3999,4101,3816,3348,3197],"class_list":["post-386924","post","type-post","status-publish","format-standard","has-post-thumbnail","hentry","category-chiesa-5","tag-comunita-shalom-fr","tag-di1-fr","tag-movimenti-ecclesiali-fr","tag-notifiche-fr","tag-ppg-fr"],"_links":{"self":[{"href":"https:\/\/www.focolare.org\/fr\/wp-json\/wp\/v2\/posts\/386924","targetHints":{"allow":["GET"]}}],"collection":[{"href":"https:\/\/www.focolare.org\/fr\/wp-json\/wp\/v2\/posts"}],"about":[{"href":"https:\/\/www.focolare.org\/fr\/wp-json\/wp\/v2\/types\/post"}],"author":[{"embeddable":true,"href":"https:\/\/www.focolare.org\/fr\/wp-json\/wp\/v2\/users\/34"}],"replies":[{"embeddable":true,"href":"https:\/\/www.focolare.org\/fr\/wp-json\/wp\/v2\/comments?post=386924"}],"version-history":[{"count":3,"href":"https:\/\/www.focolare.org\/fr\/wp-json\/wp\/v2\/posts\/386924\/revisions"}],"predecessor-version":[{"id":386963,"href":"https:\/\/www.focolare.org\/fr\/wp-json\/wp\/v2\/posts\/386924\/revisions\/386963"}],"wp:featuredmedia":[{"embeddable":true,"href":"https:\/\/www.focolare.org\/fr\/wp-json\/wp\/v2\/media\/386917"}],"wp:attachment":[{"href":"https:\/\/www.focolare.org\/fr\/wp-json\/wp\/v2\/media?parent=386924"}],"wp:term":[{"taxonomy":"category","embeddable":true,"href":"https:\/\/www.focolare.org\/fr\/wp-json\/wp\/v2\/categories?post=386924"},{"taxonomy":"post_tag","embeddable":true,"href":"https:\/\/www.focolare.org\/fr\/wp-json\/wp\/v2\/tags?post=386924"}],"curies":[{"name":"wp","href":"https:\/\/api.w.org\/{rel}","templated":true}]}}