{"id":387002,"date":"2025-09-05T05:00:00","date_gmt":"2025-09-05T03:00:00","guid":{"rendered":"https:\/\/www.focolare.org\/?p=387002"},"modified":"2025-09-05T08:53:04","modified_gmt":"2025-09-05T06:53:04","slug":"equateur-une-option-interculturelle-en-amerique-latine","status":"publish","type":"post","link":"https:\/\/www.focolare.org\/fr\/equateur-une-option-interculturelle-en-amerique-latine\/","title":{"rendered":"\u00c9quateur\u202f: une option interculturelle en Am\u00e9rique Latine"},"content":{"rendered":"\n<figure class=\"wp-block-embed is-type-video is-provider-youtube wp-block-embed-youtube wp-embed-aspect-16-9 wp-has-aspect-ratio\"><div class=\"wp-block-embed__wrapper\">\n<iframe loading=\"lazy\" title=\"\u00c9quateur\u202f: une option interculturelle en Am\u00e9rique Latine\" width=\"1080\" height=\"608\" src=\"https:\/\/www.youtube.com\/embed\/Ti8ErhCI7us?feature=oembed\"  allow=\"accelerometer; autoplay; clipboard-write; encrypted-media; gyroscope; picture-in-picture; web-share\" referrerpolicy=\"strict-origin-when-cross-origin\" allowfullscreen><\/iframe>\n<\/div><\/figure>\n\n\n\n<div style=\"height:145px\" aria-hidden=\"true\" class=\"wp-block-spacer\"><\/div>\n","protected":false},"excerpt":{"rendered":"<p>Une centaine de personnes, repr\u00e9sentant la quasi-totalit\u00e9 des pays d&rsquo;Am\u00e9rique latine et des Cara\u00efbes, se sont r\u00e9unies en \u00c9quateur du 1er au 4 mai 2025 pour participer au \u00ab\u202fRimarishun\u202f\u00bb, une exp\u00e9rience interculturelle bas\u00e9e sur un exercice de dialogue entre la cosmovision andine et carib\u00e9enne des peuples natifs, et le charisme de l&rsquo;unit\u00e9. <\/p>\n","protected":false},"author":34,"featured_media":386995,"comment_status":"open","ping_status":"open","sticky":false,"template":"","format":"standard","meta":{"give_campaign_id":0,"_seopress_robots_primary_cat":"","_seopress_titles_title":"","_seopress_titles_desc":"","_seopress_robots_index":"","_et_pb_use_builder":"","_et_pb_old_content":"","_et_gb_content_width":"","footnotes":""},"categories":[3128,3177],"tags":[3348,3197],"class_list":["post-387002","post","type-post","status-publish","format-standard","has-post-thumbnail","hentry","category-cultura-5","category-social-fr","tag-notifiche-fr","tag-ppg-fr"],"_links":{"self":[{"href":"https:\/\/www.focolare.org\/fr\/wp-json\/wp\/v2\/posts\/387002","targetHints":{"allow":["GET"]}}],"collection":[{"href":"https:\/\/www.focolare.org\/fr\/wp-json\/wp\/v2\/posts"}],"about":[{"href":"https:\/\/www.focolare.org\/fr\/wp-json\/wp\/v2\/types\/post"}],"author":[{"embeddable":true,"href":"https:\/\/www.focolare.org\/fr\/wp-json\/wp\/v2\/users\/34"}],"replies":[{"embeddable":true,"href":"https:\/\/www.focolare.org\/fr\/wp-json\/wp\/v2\/comments?post=387002"}],"version-history":[{"count":4,"href":"https:\/\/www.focolare.org\/fr\/wp-json\/wp\/v2\/posts\/387002\/revisions"}],"predecessor-version":[{"id":387142,"href":"https:\/\/www.focolare.org\/fr\/wp-json\/wp\/v2\/posts\/387002\/revisions\/387142"}],"wp:featuredmedia":[{"embeddable":true,"href":"https:\/\/www.focolare.org\/fr\/wp-json\/wp\/v2\/media\/386995"}],"wp:attachment":[{"href":"https:\/\/www.focolare.org\/fr\/wp-json\/wp\/v2\/media?parent=387002"}],"wp:term":[{"taxonomy":"category","embeddable":true,"href":"https:\/\/www.focolare.org\/fr\/wp-json\/wp\/v2\/categories?post=387002"},{"taxonomy":"post_tag","embeddable":true,"href":"https:\/\/www.focolare.org\/fr\/wp-json\/wp\/v2\/tags?post=387002"}],"curies":[{"name":"wp","href":"https:\/\/api.w.org\/{rel}","templated":true}]}}