{"id":387634,"date":"2025-09-22T16:11:11","date_gmt":"2025-09-22T14:11:11","guid":{"rendered":"https:\/\/www.focolare.org\/paix-pour-gaza-levenement-aura-lieu-le-lundi-22-septembre-2025-a-19h30-heure-italienne-sur-la-place-santa-maria-in-trastevere-a-rome-italie-une-connexion-video-avec-jerusalem-et-le-cardinal-piz\/"},"modified":"2025-09-22T16:22:39","modified_gmt":"2025-09-22T14:22:39","slug":"paix-pour-gaza-levenement-aura-lieu-le-lundi-22-septembre-2025-a-19h30-heure-italienne-sur-la-place-santa-maria-in-trastevere-a-rome-italie-une-connexion-video-avec-jerusalem-et-le-cardinal-piz","status":"publish","type":"post","link":"https:\/\/www.focolare.org\/fr\/paix-pour-gaza-levenement-aura-lieu-le-lundi-22-septembre-2025-a-19h30-heure-italienne-sur-la-place-santa-maria-in-trastevere-a-rome-italie-une-connexion-video-avec-jerusalem-et-le-cardinal-piz\/","title":{"rendered":"Paix pour Gaza"},"content":{"rendered":"\n<p>L&rsquo;\u00e9v\u00e9nement aura lieu le <strong>lundi 22 septembre 2025 \u00e0 19h30 (heure italienne) <\/strong>sur la place Santa Maria in Trastevere \u00e0 Rome (Italie). Une connexion vid\u00e9o avec J\u00e9rusalem et le cardinal Pizzaballa est \u00e9galement pr\u00e9vue. <strong>Suivez la retransmission en direct ici<\/strong>  <\/p>\n\n\n\n<div style=\"height:27px\" aria-hidden=\"true\" class=\"wp-block-spacer\"><\/div>\n\n\n\n<figure class=\"wp-block-embed is-type-video is-provider-youtube wp-block-embed-youtube wp-embed-aspect-16-9 wp-has-aspect-ratio\"><div class=\"wp-block-embed__wrapper\">\n<iframe loading=\"lazy\" title=\"Veill\u00e9e de pri\u00e8re: PAIX POUR GAZA\" width=\"1080\" height=\"608\" src=\"https:\/\/www.youtube.com\/embed\/YEHJd93XjPY?feature=oembed\"  allow=\"accelerometer; autoplay; clipboard-write; encrypted-media; gyroscope; picture-in-picture; web-share\" referrerpolicy=\"strict-origin-when-cross-origin\" allowfullscreen><\/iframe>\n<\/div><\/figure>\n\n\n\n<div style=\"height:182px\" aria-hidden=\"true\" class=\"wp-block-spacer\"><\/div>\n","protected":false},"excerpt":{"rendered":"<p>Paix pour Gaza est le titre de la veill\u00e9e de pri\u00e8re organis\u00e9e par la Communaut\u00e9 de Sant&rsquo;Egidio en collaboration avec d&rsquo;autres r\u00e9alit\u00e9s et associations, dont le Mouvement des Focolari. <\/p>\n","protected":false},"author":34,"featured_media":387623,"comment_status":"open","ping_status":"open","sticky":false,"template":"","format":"standard","meta":{"give_campaign_id":0,"_seopress_robots_primary_cat":"","_seopress_titles_title":"","_seopress_titles_desc":"","_seopress_robots_index":"","_et_pb_use_builder":"","_et_pb_old_content":"","_et_gb_content_width":"","footnotes":""},"categories":[3116,47,3177],"tags":[3940,3348,3197,4046],"class_list":["post-387634","post","type-post","status-publish","format-standard","has-post-thumbnail","hentry","category-chiesa-5","category-non-classifiee","category-social-fr","tag-gaza-fr","tag-notifiche-fr","tag-ppg-fr","tag-veglia-di-preghiera-fr"],"_links":{"self":[{"href":"https:\/\/www.focolare.org\/fr\/wp-json\/wp\/v2\/posts\/387634","targetHints":{"allow":["GET"]}}],"collection":[{"href":"https:\/\/www.focolare.org\/fr\/wp-json\/wp\/v2\/posts"}],"about":[{"href":"https:\/\/www.focolare.org\/fr\/wp-json\/wp\/v2\/types\/post"}],"author":[{"embeddable":true,"href":"https:\/\/www.focolare.org\/fr\/wp-json\/wp\/v2\/users\/34"}],"replies":[{"embeddable":true,"href":"https:\/\/www.focolare.org\/fr\/wp-json\/wp\/v2\/comments?post=387634"}],"version-history":[{"count":2,"href":"https:\/\/www.focolare.org\/fr\/wp-json\/wp\/v2\/posts\/387634\/revisions"}],"predecessor-version":[{"id":387636,"href":"https:\/\/www.focolare.org\/fr\/wp-json\/wp\/v2\/posts\/387634\/revisions\/387636"}],"wp:featuredmedia":[{"embeddable":true,"href":"https:\/\/www.focolare.org\/fr\/wp-json\/wp\/v2\/media\/387623"}],"wp:attachment":[{"href":"https:\/\/www.focolare.org\/fr\/wp-json\/wp\/v2\/media?parent=387634"}],"wp:term":[{"taxonomy":"category","embeddable":true,"href":"https:\/\/www.focolare.org\/fr\/wp-json\/wp\/v2\/categories?post=387634"},{"taxonomy":"post_tag","embeddable":true,"href":"https:\/\/www.focolare.org\/fr\/wp-json\/wp\/v2\/tags?post=387634"}],"curies":[{"name":"wp","href":"https:\/\/api.w.org\/{rel}","templated":true}]}}