{"id":388326,"date":"2025-10-01T22:43:41","date_gmt":"2025-10-01T20:43:41","guid":{"rendered":"https:\/\/www.focolare.org\/?p=388326"},"modified":"2025-10-08T21:42:38","modified_gmt":"2025-10-08T19:42:38","slug":"le-pape-leon-xiv-inaugure-la-conference-raising-hope-que-reste-t-il-a-faire-apres-laudato-si","status":"publish","type":"post","link":"https:\/\/www.focolare.org\/fr\/le-pape-leon-xiv-inaugure-la-conference-raising-hope-que-reste-t-il-a-faire-apres-laudato-si\/","title":{"rendered":"Le Pape L\u00e9on XIV inaugure la Conf\u00e9rence Raising Hope : que reste-t-il \u00e0 faire apr\u00e8s Laudato Si\u2019 ?"},"content":{"rendered":"\n<p>Dans l\u2019apr\u00e8s-midi du 1er octobre, au Centre International Mariapolis du Mouvement des Focolari \u00e0 Castel Gandolfo, Rome, la Conf\u00e9rence Raising Hope a \u00e9t\u00e9 inaugur\u00e9e avec la participation de Sa Saintet\u00e9 L\u00e9on XIV, aux c\u00f4t\u00e9s de figures de premier plan telles qu\u2019Arnold Schwarzenegger, ancien gouverneur de Californie, et l\u2019honorable Marina Silva, ministre de l\u2019Environnement et du Changement Climatique du Br\u00e9sil. <\/p>\n\n<p>La session a m\u00eal\u00e9 t\u00e9moignages, moments spirituels et artistiques, en action de gr\u00e2ce pour le 10e anniversaire de l\u2019encyclique <em>Laudato Si\u2019.<\/em> Repr\u00e9sentant le Mouvement Laudato Si\u2019, Christina Lea\u00f1o, directrice associ\u00e9e, et Igor Bastos, directeur pour le Br\u00e9sil, ont pr\u00e9sid\u00e9 l\u2019ouverture de la journ\u00e9e. <\/p>\n\n<p>Un moment symbolique s\u2019est produit lorsque le Pape L\u00e9on XIV a touch\u00e9 et b\u00e9ni un bloc de glace de plus de 20 000 ans, d\u00e9tach\u00e9 d\u2019un glacier du Groenland en raison du changement climatique, ainsi que de l\u2019eau apport\u00e9e de diverses r\u00e9gions du monde \u2014 gestes incarnant compassion et attention au cri de la Terre et des pauvres.<\/p>\n\n<p class=\"has-text-color has-link-color wp-elements-3407dead48634e1d44d4217f4fa35257\" style=\"color:#991515\"><strong>Laudato Si\u2019 : que reste-t-il \u00e0 faire ?<\/strong><\/p>\n\n<p>\u00ab Cette Encyclique a profond\u00e9ment inspir\u00e9 l\u2019\u00c9glise catholique et de nombreuses personnes de bonne volont\u00e9 \u00bb, a commenc\u00e9 le Pape L\u00e9on dans son discours sur <em>Laudato Si\u2019,<\/em> \u00ab elle a ouvert un dialogue intense, des groupes de r\u00e9flexion et des programmes acad\u00e9miques. \u00bb Le Pape a soulign\u00e9 combien l\u2019encyclique de son pr\u00e9d\u00e9cesseur s\u2019est diffus\u00e9e \u00ab dans les sommets internationaux, dans le dialogue \u0153cum\u00e9nique et interreligieux, dans les cercles \u00e9conomiques et entrepreneuriaux, dans les \u00e9tudes th\u00e9ologiques et bio\u00e9thiques. \u00bb <\/p>\n\n<p>Rendant gr\u00e2ce au P\u00e8re c\u00e9leste \u00ab pour ce don que nous avons h\u00e9rit\u00e9 du Pape Fran\u00e7ois \u00bb, L\u00e9on a insist\u00e9 sur le fait qu\u2019aujourd\u2019hui les d\u00e9fis environnementaux et sociaux sont encore plus urgents. \u00c0 l\u2019occasion de cet anniversaire, nous devons nous demander : \u00ab Que reste-t-il \u00e0 faire ? Que devons-nous faire maintenant pour garantir que le soin de notre maison commune et l\u2019\u00e9coute du cri de la terre et des pauvres ne paraissent pas comme de simples modes passag\u00e8res ou, pire encore, soient per\u00e7us comme des sujets divisifs ? \u00bb, a-t-il interrog\u00e9. <\/p>\n\n<figure class=\"wp-block-image aligncenter size-full is-resized\"><img alt=\"\" alt=\"\" loading=\"lazy\" decoding=\"async\" width=\"756\" height=\"291\" src=\"https:\/\/www.focolare.org\/wp-content\/uploads\/2025\/10\/DSC00406-e1759349186284.jpg\" alt=\"\" class=\"wp-image-388267\" style=\"width:823px;height:auto\" srcset=\"https:\/\/www.focolare.org\/wp-content\/uploads\/2025\/10\/DSC00406-e1759349186284.jpg 756w, https:\/\/www.focolare.org\/wp-content\/uploads\/2025\/10\/DSC00406-e1759349186284-480x270.jpg 480w\" sizes=\"(min-width: 0px) and (max-width: 480px) 480px, (min-width: 481px) 756px, 100vw\" \/><\/figure>\n\n<div style=\"height:34px\" aria-hidden=\"true\" class=\"wp-block-spacer\"><\/div>\n\n<p class=\"has-text-color has-link-color wp-elements-877a635a86878f3c1013e90c23d1d6f4\" style=\"color:#991515\"><strong>Revenir au c\u0153ur : de la collecte de donn\u00e9es au soin<\/strong><\/p>\n\n<p>\u00ab Aujourd\u2019hui, plus que jamais, il est n\u00e9cessaire de revenir au c\u0153ur, lieu de la libert\u00e9 et des d\u00e9cisions authentiques \u00bb, a affirm\u00e9 le Pontife, car bien qu\u2019il \u00ab inclue la raison \u00bb, il la \u00ab transcende et la transforme \u00bb \u00e9galement. \u00ab Le c\u0153ur est le lieu o\u00f9 la r\u00e9alit\u00e9 ext\u00e9rieure a le plus grand impact, o\u00f9 se d\u00e9roule la recherche la plus profonde, o\u00f9 se d\u00e9couvrent les d\u00e9sirs les plus authentiques, o\u00f9 se trouve l\u2019identit\u00e9 ultime de chacun et o\u00f9 les d\u00e9cisions se forgent. \u00bb <\/p>\n\n<p>\u00c0 cet \u00e9gard, il a soulign\u00e9 que \u00ab ce n\u2019est qu\u2019en revenant au c\u0153ur qu\u2019une v\u00e9ritable conversion \u00e9cologique peut avoir lieu. \u00bb \u00ab Nous devons passer de la collecte de donn\u00e9es au soin ; et du discours environnemental \u00e0 une conversion \u00e9cologique qui transforme les modes de vie personnels et communautaires. \u00bb <\/p>\n\n<p>L\u00e9on a rappel\u00e9 aux participants que cette exp\u00e9rience de conversion nous oriente vers le Dieu vivant : \u00ab Nous ne pouvons pas aimer Dieu, que nous ne voyons pas, tout en m\u00e9prisant ses cr\u00e9atures. Nous ne pouvons pas non plus nous dire disciples de J\u00e9sus-Christ sans partager son regard sur la cr\u00e9ation et son soin pour tout ce qui est fragile et bless\u00e9. \u00bb<\/p>\n\n<p class=\"has-text-color has-link-color wp-elements-376d6c94d6c6c4001d26f0a33b18a4cd\" style=\"color:#991515\"><strong>Pas de place pour l\u2019indiff\u00e9rence ni la r\u00e9signation<\/strong><\/p>\n\n<p>Avant de conclure, le Pape a tourn\u00e9 son regard avec esp\u00e9rance vers les prochains sommets internationaux \u2014 la COP30 de 2025, la session du Comit\u00e9 de la S\u00e9curit\u00e9 Alimentaire Mondiale et la Conf\u00e9rence sur l\u2019Eau de 2026 \u2014 \u00ab afin qu\u2019ils \u00e9coutent le cri de la terre et le cri des pauvres. \u00bb<\/p>\n\n<p>Il a \u00e9galement encourag\u00e9 les jeunes, les parents et ceux qui travaillent dans les administrations et institutions \u00e0 contribuer \u00e0 \u00ab trouver des solutions aux d\u00e9fis culturels, spirituels et \u00e9ducatifs d\u2019aujourd\u2019hui, en luttant toujours avec t\u00e9nacit\u00e9 pour le bien commun. \u00bb<\/p>\n\n<p>Enfin, il a conclu : <strong>\u00ab Dieu nous demandera si nous avons cultiv\u00e9 et pris soin du monde qu\u2019il a cr\u00e9\u00e9 et de nos fr\u00e8res et s\u0153urs. Quelle sera notre r\u00e9ponse ? \u00bb<\/strong><\/p>\n\n<figure class=\"wp-block-gallery has-nested-images columns-default is-cropped wp-block-gallery-1 is-layout-flex wp-block-gallery-is-layout-flex\">\n<figure class=\"wp-block-image size-large\"><img alt=\"\" alt=\"\" loading=\"lazy\" decoding=\"async\" width=\"777\" height=\"524\" data-id=\"388272\" src=\"https:\/\/www.focolare.org\/wp-content\/uploads\/2025\/10\/DSC00301.jpg\" alt=\"\" class=\"wp-image-388272\" srcset=\"https:\/\/www.focolare.org\/wp-content\/uploads\/2025\/10\/DSC00301.jpg 777w, https:\/\/www.focolare.org\/wp-content\/uploads\/2025\/10\/DSC00301-480x324.jpg 480w\" sizes=\"(min-width: 0px) and (max-width: 480px) 480px, (min-width: 481px) 777px, 100vw\" \/><\/figure>\n\n\n\n<figure class=\"wp-block-image size-large\"><img alt=\"\" alt=\"\" loading=\"lazy\" decoding=\"async\" width=\"825\" height=\"619\" data-id=\"388282\" src=\"https:\/\/www.focolare.org\/wp-content\/uploads\/2025\/10\/DSC00249.jpg\" alt=\"\" class=\"wp-image-388282\" srcset=\"https:\/\/www.focolare.org\/wp-content\/uploads\/2025\/10\/DSC00249.jpg 825w, https:\/\/www.focolare.org\/wp-content\/uploads\/2025\/10\/DSC00249-480x360.jpg 480w\" sizes=\"(min-width: 0px) and (max-width: 480px) 480px, (min-width: 481px) 825px, 100vw\" \/><\/figure>\n\n\n\n<figure class=\"wp-block-image size-large\"><img alt=\"\" alt=\"\" loading=\"lazy\" decoding=\"async\" width=\"825\" height=\"619\" data-id=\"388277\" src=\"https:\/\/www.focolare.org\/wp-content\/uploads\/2025\/10\/DSC00238.jpg\" alt=\"\" class=\"wp-image-388277\" srcset=\"https:\/\/www.focolare.org\/wp-content\/uploads\/2025\/10\/DSC00238.jpg 825w, https:\/\/www.focolare.org\/wp-content\/uploads\/2025\/10\/DSC00238-480x360.jpg 480w\" sizes=\"(min-width: 0px) and (max-width: 480px) 480px, (min-width: 481px) 825px, 100vw\" \/><\/figure>\n<\/figure>\n\n<div style=\"height:25px\" aria-hidden=\"true\" class=\"wp-block-spacer\"><\/div>\n\n<p class=\"has-text-color has-link-color wp-elements-f7aecc7e476302e6e9411cf9f8abca2c\" style=\"color:#991515\"><strong>1,5 milliard de catholiques peuvent s\u2019impliquer<\/strong><\/p>\n\n<figure class=\"wp-block-image alignright size-full is-resized\"><img alt=\"\" alt=\"\" loading=\"lazy\" decoding=\"async\" width=\"780\" height=\"540\" src=\"https:\/\/www.focolare.org\/wp-content\/uploads\/2025\/10\/DSC00367.jpg\" alt=\"\" class=\"wp-image-388287\" style=\"width:352px;height:auto\" srcset=\"https:\/\/www.focolare.org\/wp-content\/uploads\/2025\/10\/DSC00367.jpg 780w, https:\/\/www.focolare.org\/wp-content\/uploads\/2025\/10\/DSC00367-480x332.jpg 480w\" sizes=\"(min-width: 0px) and (max-width: 480px) 480px, (min-width: 481px) 780px, 100vw\" \/><\/figure>\n\n<p>L\u2019acteur et ancien gouverneur de Californie, fondateur de l\u2019USC Schwarzenegger Institute et de la Schwarzenegger Climate Initiative, Arnold Schwarzenegger, a commenc\u00e9 son intervention en f\u00e9licitant le Saint-P\u00e8re pour l\u2019installation de panneaux solaires sur les toits du Vatican : <em>\u00ab Je suis aux c\u00f4t\u00e9s d\u2019un h\u00e9ros \u00bb,<\/em> a-t-il d\u00e9clar\u00e9.<\/p>\n\n<p>\u00ab Il y a 1,5 milliard de catholiques \u2014 ce pouvoir et cette force doivent \u00eatre utilis\u00e9s pour s\u2019impliquer dans le mouvement climatique \u00bb, a affirm\u00e9 Schwarzenegger, appelant \u00e0 mettre davantage l\u2019accent sur la pollution : <em>\u00ab La personne ordinaire ne comprend pas quand nous parlons de z\u00e9ro \u00e9mission nette ou de temp\u00e9ratures en hausse. Au lieu de parler \u00e0 la t\u00eate, nous devons parler au c\u0153ur. Nous pouvons mettre fin \u00e0 la pollution si nous travaillons ensemble, car Dieu nous a mis sur cette Terre pour en faire un monde meilleur. \u00bb<\/em><\/p>\n\n<p class=\"has-text-color has-link-color wp-elements-76d010d9871736a82b359789e660ba94\" style=\"color:#991515\"><strong>Vers la COP de l\u2019esp\u00e9rance<\/strong><\/p>\n\n<p>Vint ensuite l\u2019intervention de l\u2019honorable Marina Silva, ministre de l\u2019Environnement et du Changement Climatique du Br\u00e9sil, copr\u00e9sidente de la COP30. Dans son discours, elle a exprim\u00e9 combien elle \u00e9tait inspir\u00e9e par les valeurs chr\u00e9tiennes en participant \u00e0 la conf\u00e9rence.   <\/p>\n\n<figure class=\"wp-block-image alignright size-full is-resized\"><img alt=\"\" alt=\"\" loading=\"lazy\" decoding=\"async\" width=\"825\" height=\"619\" src=\"https:\/\/www.focolare.org\/wp-content\/uploads\/2025\/10\/DSC00389.jpg\" alt=\"\" class=\"wp-image-388292\" style=\"width:354px;height:auto\" srcset=\"https:\/\/www.focolare.org\/wp-content\/uploads\/2025\/10\/DSC00389.jpg 825w, https:\/\/www.focolare.org\/wp-content\/uploads\/2025\/10\/DSC00389-480x360.jpg 480w\" sizes=\"(min-width: 0px) and (max-width: 480px) 480px, (min-width: 481px) 825px, 100vw\" \/><\/figure>\n\n<p>Avec conviction, elle a affirm\u00e9 : \u00ab Je suis certaine que le Pape apportera une grande contribution pour que la COP30 entre dans l\u2019histoire et devienne, comme nous le souhaitons tous ardemment, la COP de l\u2019esp\u00e9rance, afin de pr\u00e9server et de cultiver toutes les formes de vie qui font partie du magnifique jardin que Dieu nous a donn\u00e9. \u00bb<\/p>\n\n<p class=\"has-text-color has-link-color wp-elements-cdd14abee18d823bb6a8449c5189e5c4\" style=\"color:#991515\"><strong>Des larmes \u00e0 l\u2019esp\u00e9rance<\/strong><\/p>\n\n<p>Sur sc\u00e8ne, le Pape \u00e9tait accompagn\u00e9 de la Dr Lorna Gold, directrice ex\u00e9cutive du Mouvement Laudato Si\u2019 et pr\u00e9sidente du Comit\u00e9 d\u2019Organisation de la Conf\u00e9rence ; de la th\u00e9ologienne Margaret Karram, pr\u00e9sidente du Mouvement des Focolari ; du P\u00e8re Jes\u00fas Mor\u00e1n ; et de Yeb Sa\u00f1o, pr\u00e9sident du Conseil d\u2019Administration du Mouvement Laudato Si\u2019, qui a partag\u00e9 son exp\u00e9rience des catastrophes climatiques aux Philippines et introduit les principaux t\u00e9moignages. <\/p>\n\n<p>Un moment spirituel symbolique a suivi, lorsque des repr\u00e9sentants du Timor oriental, d\u2019Irlande, du Br\u00e9sil, de Zambie et du Mexique ont apport\u00e9 de l\u2019eau de leurs terres, vers\u00e9e dans un bol commun sur sc\u00e8ne. Ils ont incarn\u00e9 le cri des peuples autochtones, de la faune, des \u00e9cosyst\u00e8mes, des g\u00e9n\u00e9rations futures, des migrants, des pauvres et de la Terre elle-m\u00eame. <\/p>\n\n<p>Des larmes \u00e0 l\u2019esp\u00e9rance, avec le public debout, le Pape L\u00e9on s\u2019est approch\u00e9 de la glace glaciaire et a proclam\u00e9 la b\u00e9n\u00e9diction sur l\u2019eau et sur tous les pr\u00e9sents : <em>\u00ab Que nous travaillions pour l\u2019\u00e9panouissement de toute la cr\u00e9ation. \u00bb<\/em> Les artistes Adenike, Gen Verde et les Pacific Artists for Climate Justice ont anim\u00e9 la rencontre avec des moments musicaux remplis de joie et d\u2019\u00e9nergie.<\/p>\n\n<figure class=\"wp-block-gallery has-nested-images columns-default is-cropped wp-block-gallery-2 is-layout-flex wp-block-gallery-is-layout-flex\">\n<figure class=\"wp-block-image size-large\"><img alt=\"\" alt=\"\" loading=\"lazy\" decoding=\"async\" width=\"825\" height=\"619\" data-id=\"388297\" src=\"https:\/\/www.focolare.org\/wp-content\/uploads\/2025\/10\/DSC00317.jpg\" alt=\"\" class=\"wp-image-388297\" srcset=\"https:\/\/www.focolare.org\/wp-content\/uploads\/2025\/10\/DSC00317.jpg 825w, https:\/\/www.focolare.org\/wp-content\/uploads\/2025\/10\/DSC00317-480x360.jpg 480w\" sizes=\"(min-width: 0px) and (max-width: 480px) 480px, (min-width: 481px) 825px, 100vw\" \/><\/figure>\n\n\n\n<figure class=\"wp-block-image size-large\"><img alt=\"\" alt=\"\" loading=\"lazy\" decoding=\"async\" width=\"791\" height=\"543\" data-id=\"388302\" src=\"https:\/\/www.focolare.org\/wp-content\/uploads\/2025\/10\/DSC00271.jpg\" alt=\"\" class=\"wp-image-388302\" srcset=\"https:\/\/www.focolare.org\/wp-content\/uploads\/2025\/10\/DSC00271.jpg 791w, https:\/\/www.focolare.org\/wp-content\/uploads\/2025\/10\/DSC00271-480x330.jpg 480w\" sizes=\"(min-width: 0px) and (max-width: 480px) 480px, (min-width: 481px) 791px, 100vw\" \/><\/figure>\n\n\n\n<figure class=\"wp-block-image size-large\"><img alt=\"\" alt=\"\" loading=\"lazy\" decoding=\"async\" width=\"825\" height=\"549\" data-id=\"388307\" src=\"https:\/\/www.focolare.org\/wp-content\/uploads\/2025\/10\/DSC00288.jpg\" alt=\"\" class=\"wp-image-388307\" srcset=\"https:\/\/www.focolare.org\/wp-content\/uploads\/2025\/10\/DSC00288.jpg 825w, https:\/\/www.focolare.org\/wp-content\/uploads\/2025\/10\/DSC00288-480x319.jpg 480w\" sizes=\"(min-width: 0px) and (max-width: 480px) 480px, (min-width: 481px) 825px, 100vw\" \/><\/figure>\n<\/figure>\n\n<div style=\"height:31px\" aria-hidden=\"true\" class=\"wp-block-spacer\"><\/div>\n\n<figure class=\"wp-block-image alignright size-full is-resized\"><img alt=\"\" alt=\"\" loading=\"lazy\" decoding=\"async\" width=\"493\" height=\"750\" src=\"https:\/\/www.focolare.org\/wp-content\/uploads\/2025\/10\/aDSC00455-e1759951971717.jpg\" alt=\"\" class=\"wp-image-388626\" style=\"width:348px;height:auto\" srcset=\"https:\/\/www.focolare.org\/wp-content\/uploads\/2025\/10\/aDSC00455-e1759951971717-493x720.jpg 493w, https:\/\/www.focolare.org\/wp-content\/uploads\/2025\/10\/aDSC00455-e1759951971717-480x270.jpg 480w\" sizes=\"(min-width: 0px) and (max-width: 480px) 480px, (min-width: 481px) and (max-width: 493px) 493px, 100vw\" \/><\/figure>\n\n<p class=\"has-black-color has-text-color has-background has-link-color wp-elements-04aba6400944fe7baa35f7cae75ec74c\" style=\"background-color:#eddfad\"><strong>Un bloc de glace du Groenland<\/strong><br\/><br\/>La glace a parcouru plus de 5 000 kilom\u00e8tres depuis les fjords de Nuuk, Groenland, jusqu\u2019\u00e0 Castel Gandolfo, Rome. L\u2019artiste Olafur Eliasson a organis\u00e9 le transfert avec le soutien du g\u00e9ologue Minik Rosing. Recueilli dans le fjord de Nuup Kangerlua, le bloc de glace s\u2019\u00e9tait d\u00e9tach\u00e9 de la calotte glaciaire du Groenland en raison du changement climatique et fondait dans l\u2019oc\u00e9an.<br\/>La vaste calotte glaciaire du Groenland est l\u2019un des r\u00e9gulateurs climatiques les plus importants de la Terre. Form\u00e9e de neige compact\u00e9e sur des dizaines de milliers d\u2019ann\u00e9es, elle contient des couches vieilles de plus de 100 000 ans, renfermant des bulles d\u2019air ancien qui enregistrent l\u2019histoire de l\u2019atmosph\u00e8re terrestre. L\u2019Observatoire de la Terre de la NASA estime que la calotte glaciaire du Groenland perd environ 270 milliards de tonnes par an \u00e0 cause du changement climatique.<br\/>\u00c0 mesure que la glace lib\u00e8re de l\u2019eau de fonte dans l\u2019oc\u00e9an, elle nous rappelle que notre relation globale avec les calottes glaciaires est existentielle : elles nous relient au pass\u00e9, fa\u00e7onnent notre climat actuel et \u2014 selon nos soins ou notre n\u00e9gligence \u2014 d\u00e9termineront notre avenir commun. Si la glace venait \u00e0 fondre enti\u00e8rement, la NASA pr\u00e9voit que le niveau de la mer pourrait s\u2019\u00e9lever d\u2019environ sept m\u00e8tres, redessinant les c\u00f4tes et d\u00e9pla\u00e7ant des millions de personnes dans le monde entier.     <\/p>\n\n<div style=\"height:24px\" aria-hidden=\"true\" class=\"wp-block-spacer\"><\/div>\n\n<p class=\"has-text-align-right\"><em>Par le service de presse de Raising Hope<\/em><br\/>\n  <em>Photo: \u00a9 Javier Garc\u00eda-CSC Audiovisivi<\/em>\n<\/p>\n\n<div style=\"height:197px\" aria-hidden=\"true\" class=\"wp-block-spacer\"><\/div>\n","protected":false},"excerpt":{"rendered":"<p>Un bloc de glace glaciaire du Groenland a marqu\u00e9 la sc\u00e8ne de l\u2019ouverture de la Conf\u00e9rence Raising Hope, o\u00f9 le Pape L\u00e9on XIV a exhort\u00e9 les participants \u00e0 \u201crevenir au c\u0153ur\u201d, car c\u2019est seulement l\u00e0 qu\u2019une v\u00e9ritable conversion \u00e9cologique peut avoir lieu.<\/p>\n","protected":false},"author":34,"featured_media":388264,"comment_status":"open","ping_status":"open","sticky":false,"template":"","format":"standard","meta":{"give_campaign_id":0,"_seopress_robots_primary_cat":"","_seopress_titles_title":"","_seopress_titles_desc":"","_seopress_robots_index":"","_et_pb_use_builder":"","_et_pb_old_content":"","_et_gb_content_width":"","footnotes":""},"categories":[3147,3128,3186,3189,3177],"tags":[1387,1697,912,913],"class_list":["post-388326","post","type-post","status-publish","format-standard","has-post-thumbnail","hentry","category-centro-internazionale-5","category-cultura-5","category-dialogue-interreligieux","category-ecologie","category-social-fr","tag-laudato-si","tag-margaret-karram","tag-notifiche","tag-ppg"],"_links":{"self":[{"href":"https:\/\/www.focolare.org\/fr\/wp-json\/wp\/v2\/posts\/388326","targetHints":{"allow":["GET"]}}],"collection":[{"href":"https:\/\/www.focolare.org\/fr\/wp-json\/wp\/v2\/posts"}],"about":[{"href":"https:\/\/www.focolare.org\/fr\/wp-json\/wp\/v2\/types\/post"}],"author":[{"embeddable":true,"href":"https:\/\/www.focolare.org\/fr\/wp-json\/wp\/v2\/users\/34"}],"replies":[{"embeddable":true,"href":"https:\/\/www.focolare.org\/fr\/wp-json\/wp\/v2\/comments?post=388326"}],"version-history":[{"count":3,"href":"https:\/\/www.focolare.org\/fr\/wp-json\/wp\/v2\/posts\/388326\/revisions"}],"predecessor-version":[{"id":388635,"href":"https:\/\/www.focolare.org\/fr\/wp-json\/wp\/v2\/posts\/388326\/revisions\/388635"}],"wp:featuredmedia":[{"embeddable":true,"href":"https:\/\/www.focolare.org\/fr\/wp-json\/wp\/v2\/media\/388264"}],"wp:attachment":[{"href":"https:\/\/www.focolare.org\/fr\/wp-json\/wp\/v2\/media?parent=388326"}],"wp:term":[{"taxonomy":"category","embeddable":true,"href":"https:\/\/www.focolare.org\/fr\/wp-json\/wp\/v2\/categories?post=388326"},{"taxonomy":"post_tag","embeddable":true,"href":"https:\/\/www.focolare.org\/fr\/wp-json\/wp\/v2\/tags?post=388326"}],"curies":[{"name":"wp","href":"https:\/\/api.w.org\/{rel}","templated":true}]}}